{"id":4676,"date":"2018-10-04T15:03:34","date_gmt":"2018-10-04T14:03:34","guid":{"rendered":"http:\/\/diocese-aveiro.pt\/cultura\/?p=4676"},"modified":"2018-10-04T15:03:34","modified_gmt":"2018-10-04T14:03:34","slug":"nova-edicao-da-revista-igreja-aveirense","status":"publish","type":"post","link":"https:\/\/diocese-aveiro.pt\/cultura\/nova-edicao-da-revista-igreja-aveirense\/","title":{"rendered":"Nova edi\u00e7\u00e3o da revista &#8216;Igreja Aveirense&#8217;"},"content":{"rendered":"<p style=\"text-align: center;\"><strong>Nova edi\u00e7\u00e3o da revista &#8216;IGREJA AVEIRENSE&#8217;<\/strong><\/p>\n<p style=\"text-align: justify;\">Acaba de sair um novo n\u00famero da revista \u00abIgreja Aveirense\u00bb. O seu diretor faz-nos a sua apresenta\u00e7\u00e3o, oferecendo-nos uma chave de leitura e indicando pistas que pode abrir horizontes.<\/p>\n<p style=\"text-align: justify;\">\n<p style=\"text-align: justify;\">CULTURA EUCAR\u00cdSTICA<\/p>\n<p style=\"text-align: justify;\">\n<p style=\"text-align: justify;\">Jesus entrega o seu Corpo e derrama o seu Sangue por n\u00f3s e pela vida do mundo. Os crist\u00e3os, seguindo uma veneranda tradi\u00e7\u00e3o apost\u00f3lica, celebram o memorial do Senhor at\u00e9 que Ele venha. No primeiro dia da semana, o domingo, fazem as suas assembleias, leem as Escrituras, partem e repartem o p\u00e3o transformado no corpo de Jesus ressuscitado. S\u00e3o enviados em miss\u00e3o com a certeza de que o Senhor os acompanha.<\/p>\n<p style=\"text-align: justify;\">\n<p style=\"text-align: justify;\">E os valores da eucaristia irradiam na fam\u00edlia e na sociedade, nos ambientes de trabalho e de lazer. Sendo fi\u00e9is ao memorial recebido, os disc\u00edpulos testemunham a grande paix\u00e3o do seu Senhor. Sob o olhar de Deus Pai, conduzidos pelo Esp\u00edrito, apreciam a liberdade iluminada pela verdade, o amor de entrega definitiva, a partilha solid\u00e1ria, a alegria de serem comensais na mesa da humanidade, a luta \u201csem tr\u00e9guas nem quartel\u201d em favor do resgate da dignidade humana espezinha de tantas formas, a esperan\u00e7a em horizontes novos que atraiam a estreiteza das rotinas di\u00e1rias e dos planos a curto prazo, a certeza de que o futuro vai germinando em sementes de bem-fazer ao alcance de todos\/as, de um estilo de vida que \u00e9 espelho da autenticidade das convic\u00e7\u00f5es, de um portal de ternura, aurora da cultura eucar\u00edstica.<\/p>\n<p style=\"text-align: justify;\">E, como alguns analistas afirmam, a sociedade l\u00edquida, desenraizada\u00a0\u00a0e cansada, a hegemonia do instante e de gozo, a ditadura do \u201cgosto\u201d e do subjetivo, encontram suporte n\u00e3o de anula\u00e7\u00e3o ou substitui\u00e7\u00e3o, mas de redimensionamento e supera\u00e7\u00e3o.<\/p>\n<p style=\"text-align: justify;\">\n<p style=\"text-align: justify;\">O 2\u00ba semestre do programa pastoral da diocese de Aveiro prosseguindo a linha condutora definida: A Igreja caridade faz \u2013se Eucaristia, realiza um conjunto not\u00e1vel de iniciativas de que se destaca o congresso Eucar\u00edstico, sua prepara\u00e7\u00e3o e realiza\u00e7\u00e3o. Na prepara\u00e7\u00e3o, salienta-se o Lausperene eucar\u00edstico e as catequeses em grupos paroquiais; na realiza\u00e7\u00e3o, a numerosa assembleia e a tem\u00e1tica tratada em not\u00e1veis confer\u00eancias e comunica\u00e7\u00f5es. A coroar toda esta movimenta\u00e7\u00e3o acontece a celebra\u00e7\u00e3o do Dia da Igreja diocesana, em ambiente de grande anima\u00e7\u00e3o e festa.<\/p>\n<p style=\"text-align: justify;\">\n<p style=\"text-align: justify;\">\u201cIgreja Aveirense\u201d faz-se seu este dinamismo pastoral, publica textos e resenhas, arquiva para mem\u00f3ria futura alguns documentos que, sendo registos humanos, s\u00e3o sobretudo ecos de vozes do Esp\u00edrito que continua a falar \u00e0 nossa Igreja.<\/p>\n<p style=\"text-align: justify;\">\n<p style=\"text-align: justify;\">O cart\u00e3o de identidade do cidad\u00e3o crist\u00e3o inclui necessariamente a dimens\u00e3o social da eucaristia que, em vers\u00e3o de S. Mateus na hora derradeira, se configura nas obras de miseric\u00f3rdia. E est\u00e1 pendente das atitudes di\u00e1rias de cada um\/a.<\/p>\n<p style=\"text-align: justify;\">A atualidade destas obras nos novos contextos hist\u00f3ricos e culturais \u00e9 patente e real\u00e7a o seu valor. Certamente indiciar\u00e1 o rumo pastoral no pr\u00f3ximo tri\u00e9nio apostado em dar resposta ao convite feito por Jesus aos disc\u00edpulos: \u00abvem e segue-me\u00bb e em \u201cfazer ressoar com alegria o chamamento \u00e0 santidade em toda a Igreja Diocesana, pois a voca\u00e7\u00e3o crist\u00e3, nascida no batismo, \u00e9 o seguimento e o testemunho de Jesus nas ocupa\u00e7\u00f5es de cada dia, onde cada um se encontra\u201d.<\/p>\n<p style=\"text-align: justify;\">\u201cIgreja Aveirense\u201d faz outros registos not\u00e1veis: de pessoas e acontecimentos, de rostos de miseric\u00f3rdia, de santidade quotidiana, e apresenta a Irm\u00e3 L\u00facia Rodrigues, da Congrega\u00e7\u00e3o de S. Jos\u00e9 de Cluny, como pessoa doada \u00e0 pastoral dos Jovens na nossa diocese. Procura assim lan\u00e7ar uma ponte com o pr\u00f3ximo S\u00ednodo Episcopal sobre os Jovens, a f\u00e9 e o discernimento vocacional.<\/p>\n<p style=\"text-align: right;\">Pe. Georgino Rocha<\/p>\n<p style=\"text-align: justify;\">\n","protected":false},"excerpt":{"rendered":"<p>Nova edi\u00e7\u00e3o da<\/p>\n","protected":false},"author":1,"featured_media":4677,"comment_status":"closed","ping_status":"closed","sticky":false,"template":"","format":"standard","meta":{"footnotes":""},"categories":[11,46,10,50],"tags":[],"class_list":["post-4676","post","type-post","status-publish","format-standard","has-post-thumbnail","hentry","category-acontece","category-autores","category-noticias","category-pe-georgino-rocha"],"_links":{"self":[{"href":"https:\/\/diocese-aveiro.pt\/cultura\/wp-json\/wp\/v2\/posts\/4676","targetHints":{"allow":["GET"]}}],"collection":[{"href":"https:\/\/diocese-aveiro.pt\/cultura\/wp-json\/wp\/v2\/posts"}],"about":[{"href":"https:\/\/diocese-aveiro.pt\/cultura\/wp-json\/wp\/v2\/types\/post"}],"author":[{"embeddable":true,"href":"https:\/\/diocese-aveiro.pt\/cultura\/wp-json\/wp\/v2\/users\/1"}],"replies":[{"embeddable":true,"href":"https:\/\/diocese-aveiro.pt\/cultura\/wp-json\/wp\/v2\/comments?post=4676"}],"version-history":[{"count":1,"href":"https:\/\/diocese-aveiro.pt\/cultura\/wp-json\/wp\/v2\/posts\/4676\/revisions"}],"predecessor-version":[{"id":4678,"href":"https:\/\/diocese-aveiro.pt\/cultura\/wp-json\/wp\/v2\/posts\/4676\/revisions\/4678"}],"wp:featuredmedia":[{"embeddable":true,"href":"https:\/\/diocese-aveiro.pt\/cultura\/wp-json\/wp\/v2\/media\/4677"}],"wp:attachment":[{"href":"https:\/\/diocese-aveiro.pt\/cultura\/wp-json\/wp\/v2\/media?parent=4676"}],"wp:term":[{"taxonomy":"category","embeddable":true,"href":"https:\/\/diocese-aveiro.pt\/cultura\/wp-json\/wp\/v2\/categories?post=4676"},{"taxonomy":"post_tag","embeddable":true,"href":"https:\/\/diocese-aveiro.pt\/cultura\/wp-json\/wp\/v2\/tags?post=4676"}],"curies":[{"name":"wp","href":"https:\/\/api.w.org\/{rel}","templated":true}]}}