{"id":4458,"date":"2018-08-17T12:11:24","date_gmt":"2018-08-17T11:11:24","guid":{"rendered":"http:\/\/diocese-aveiro.pt\/cultura\/?p=4458"},"modified":"2018-08-17T12:11:24","modified_gmt":"2018-08-17T11:11:24","slug":"peregrinacao-diocesana-ao-santuario-de-fatima","status":"publish","type":"post","link":"https:\/\/diocese-aveiro.pt\/cultura\/peregrinacao-diocesana-ao-santuario-de-fatima\/","title":{"rendered":"Peregrina\u00e7\u00e3o diocesana ao Santu\u00e1rio de F\u00e1tima"},"content":{"rendered":"<p><strong>\u201cPeregrinos com Maria: Mulher, M\u00e3e e Disc\u00edpula\u201d<\/strong><\/p>\n<p>A Diocese de Aveiro peregrinar\u00e1 ao Santu\u00e1rio de F\u00e1tima no pr\u00f3ximo dia 29 de setembro, com o lema \u201cPeregrinos com Maria: Mulher, M\u00e3e e Disc\u00edpula\u201d.<\/p>\n<p>Programa:<br \/>\n10h00 Concentra\u00e7\u00e3o por arciprestados no lado oposto \u00e0 porta principal da bas\u00edlica<br \/>\n11h00 Eucaristia na bas\u00edlica da Sant\u00edssima Trindade presidida pelo bispo de Aveiro<br \/>\n12h15 Assembleia Diocesana dentro da Bas\u00edlica<br \/>\n15h30 Recita\u00e7\u00e3o do ter\u00e7o na capelinha das Apari\u00e7\u00f5es<br \/>\n16h00 B\u00ean\u00e7\u00e3o e envio<\/p>\n<p>Os arciprestados est\u00e3o a organizar autocarros para facilitar a desloca\u00e7\u00e3o pelo que deve procurar junto do seu p\u00e1roco mais informa\u00e7\u00f5es.<\/p>\n<p>Partilhamos alguns registos da \u00faltima Peregrina\u00e7\u00e3o Diocesana, que ocorreu em mar\u00e7o de 2017.<\/p>\n","protected":false},"excerpt":{"rendered":"<p>\u201cPeregrinos com Maria:<\/p>\n","protected":false},"author":1,"featured_media":4459,"comment_status":"closed","ping_status":"closed","sticky":false,"template":"","format":"standard","meta":{"footnotes":""},"categories":[11,8,10],"tags":[],"class_list":["post-4458","post","type-post","status-publish","format-standard","has-post-thumbnail","hentry","category-acontece","category-em-cartaz","category-noticias"],"_links":{"self":[{"href":"https:\/\/diocese-aveiro.pt\/cultura\/wp-json\/wp\/v2\/posts\/4458","targetHints":{"allow":["GET"]}}],"collection":[{"href":"https:\/\/diocese-aveiro.pt\/cultura\/wp-json\/wp\/v2\/posts"}],"about":[{"href":"https:\/\/diocese-aveiro.pt\/cultura\/wp-json\/wp\/v2\/types\/post"}],"author":[{"embeddable":true,"href":"https:\/\/diocese-aveiro.pt\/cultura\/wp-json\/wp\/v2\/users\/1"}],"replies":[{"embeddable":true,"href":"https:\/\/diocese-aveiro.pt\/cultura\/wp-json\/wp\/v2\/comments?post=4458"}],"version-history":[{"count":1,"href":"https:\/\/diocese-aveiro.pt\/cultura\/wp-json\/wp\/v2\/posts\/4458\/revisions"}],"predecessor-version":[{"id":4460,"href":"https:\/\/diocese-aveiro.pt\/cultura\/wp-json\/wp\/v2\/posts\/4458\/revisions\/4460"}],"wp:featuredmedia":[{"embeddable":true,"href":"https:\/\/diocese-aveiro.pt\/cultura\/wp-json\/wp\/v2\/media\/4459"}],"wp:attachment":[{"href":"https:\/\/diocese-aveiro.pt\/cultura\/wp-json\/wp\/v2\/media?parent=4458"}],"wp:term":[{"taxonomy":"category","embeddable":true,"href":"https:\/\/diocese-aveiro.pt\/cultura\/wp-json\/wp\/v2\/categories?post=4458"},{"taxonomy":"post_tag","embeddable":true,"href":"https:\/\/diocese-aveiro.pt\/cultura\/wp-json\/wp\/v2\/tags?post=4458"}],"curies":[{"name":"wp","href":"https:\/\/api.w.org\/{rel}","templated":true}]}}