{"id":4455,"date":"2018-08-16T22:09:05","date_gmt":"2018-08-16T21:09:05","guid":{"rendered":"http:\/\/diocese-aveiro.pt\/cultura\/?p=4455"},"modified":"2018-08-16T22:09:05","modified_gmt":"2018-08-16T21:09:05","slug":"pao-de-jesus-garante-a-vida-eterna","status":"publish","type":"post","link":"https:\/\/diocese-aveiro.pt\/cultura\/pao-de-jesus-garante-a-vida-eterna\/","title":{"rendered":"P\u00e3o de Jesus garante a vida eterna"},"content":{"rendered":"<p align=\"center\"><b>\u00a0P\u00c3O DE JESUS GARANTE A VIDA ETERNA<\/b><\/p>\n<p style=\"text-align: center;\" align=\"right\"><b>Pe. Georgino Rocha<\/b><\/p>\n<p style=\"text-align: justify;\">O esc\u00e2ndalo agrava-se. As afirma\u00e7\u00f5es de Jesus s\u00e3o demasiado claras e contundentes para os judeus. Jo 6, 51-58. N\u00e3o conseguem suport\u00e1-las. E, sem um novo modo de ver \u2013 a f\u00e9 que brota do amor de Deus Pai \u2013 quem pode conformar-se? Como \u00e9 poss\u00edvel \u201cdar-nos a sua carne a comer\u201d?, interrogam-se com l\u00f3gica natural e \u00e9tica religiosa, condensando perplexidades que os afligiam e espelham muitas outras que, ao longo dos tempos, vir\u00e3o a desafiar a raz\u00e3o humana, ainda que iluminada pela f\u00e9. Face \u00e0 estranheza do \u201cassunto\u201d e ao agravamento das d\u00favidas, n\u00e3o tardam a evoluir na sua atitude: do entusiasmo precedente, pela multiplica\u00e7\u00e3o dos p\u00e3es, das expectativas decorrentes e das interroga\u00e7\u00f5es fundadas \u00e0 cr\u00edtica aberta, da recusa frontal ao abandono. Em breve, chegar\u00e1 a vez de Jesus questionar os pr\u00f3prios Ap\u00f3stolos\/disc\u00edpulos fi\u00e9is: \u201cV\u00f3s tamb\u00e9m vos quereis ir embora? Pedro, espont\u00e2neo e ousado, responde pelo grupo: \u201cA quem iremos, Senhor?!. Tu tens palavras de vida eterna\u201d.<\/p>\n<p style=\"text-align: justify;\">\u00a0\u00a0\u00a0\u00a0\u00a0Jesus n\u00e3o d\u00e1 explica\u00e7\u00f5es. Faz afirma\u00e7\u00f5es. O modo h\u00e1-de surgir oportunamente. E o an\u00fancio passa a realidade na ceia de despedida, no lava-p\u00e9s, no mandamento novo do amor. Modo que surge narrado por Paulo na 1\u00aa. carta aos cor\u00edntios 11, 23-26.<\/p>\n<p style=\"text-align: justify;\">\u00a0\u00a0\u00a0\u00a0\u00a0As afirma\u00e7\u00f5es de Jesus t\u00eam, em Jo\u00e3o, uma \u00eanfase especial: seis vezes menciona a palavra \u201ccarne\u201d e tr\u00eas \u201csangue\u201d. Trata-se de comer e de beber, em forma sacramental, o corpo e o sangue de Jesus, agora celebrada na eucaristia e, depois no seio de Deus, no banquete das \u201cn\u00fapcias\u201d do Cordeiro.<\/p>\n<p style=\"text-align: justify;\">\u00a0\u00a0\u00a0\u00a0\u00a0\u201cContra ventos e mar\u00e9s \u2013 repete o Irm\u00e3o Roger de Taiz\u00e9 -, a Igreja cat\u00f3lica tornou poss\u00edvel que a Eucaristia permane\u00e7a como fonte de unanimidade na f\u00e9\u201d.<\/p>\n<p style=\"text-align: justify;\">\u00a0\u00a0\u00a0\u00a0\u00a0Contra ventos e mar\u00e9s, temos de continuar a dizer \u201ctomai e comei\u201d, saciai as vossas fomes e sedes, fruto de campos est\u00e9reis pelo desvio de \u00e1guas, pela desola\u00e7\u00e3o da guerra, pela ind\u00fastria qu\u00edmica, pelo fogo criminoso, pelo abandono for\u00e7ado. Comei alimentos produzidos pelo or\u00e7amento militar b\u00e9lico transformado em investimento agr\u00edcola rent\u00e1vel, pela aplica\u00e7\u00e3o de capitais na limpeza das \u00e1guas e na \u201cdesintoxica\u00e7\u00e3o\u201d dos campos.<\/p>\n<p style=\"text-align: justify;\">\u00a0\u00a0\u00a0\u00a0\u00a0Contra ventos e mar\u00e9s, precisamos de resgatar o sangue de tantas v\u00edtimas inocentes, apoiar a pr\u00e1tica organizada da justi\u00e7a e a penaliza\u00e7\u00e3o dos algozes, difundir a cultura da \u00e9tica na economia e no uso dos bens, empenhando-nos em fazer crescer a consci\u00eancia da dignidade humana que brilha, de modo singular, em Jesus Cristo, p\u00e3o repartido por um mundo novo.<\/p>\n<p style=\"text-align: justify;\">\u201cQuando participamos da comunh\u00e3o e recebemos o corpo do Senhor na eucaristia, afirma o Irm\u00e3o Rodriguez Os\u00f3rio, padre jesu\u00edta, unimo-nos a ele na entrega pela vida do mundo. O p\u00e3o eucar\u00edstico \u00e9 sagrado porque \u00e9 o p\u00e3o da vida e o p\u00e3o da entrega, que nos comunica a mesma vida de Deus\u201d.<\/p>\n<p style=\"text-align: justify;\">Unidos em comunh\u00e3o de vida testemunhamos a alegria da miss\u00e3o. De modo especial nesta semana em que ocorre o IX Encontro Mundial das Fam\u00edlias em Dublin, Irlanda. Este encontro tem como tema central: \u201cO Evangelho da fam\u00edlia, alegria para o mundo\u201d e contar\u00e1 com a presen\u00e7a do Papa Francisco nos dias 25 e 26. Acompanhemos com solicitude e confian\u00e7a, pedindo ao Senhor da alian\u00e7a matrimonial, s\u00edmbolo da nova alian\u00e7a da Eucaristia, que desperte nos jovens a voca\u00e7\u00e3o ao casamento e reforce o amor entre os casados e seus familiares, especialmente seus filhos.<\/p>\n","protected":false},"excerpt":{"rendered":"<p>\u00a0P\u00c3O DE JESUS<\/p>\n","protected":false},"author":1,"featured_media":4456,"comment_status":"closed","ping_status":"closed","sticky":false,"template":"","format":"standard","meta":{"footnotes":""},"categories":[46,91,50,14],"tags":[],"class_list":["post-4455","post","type-post","status-publish","format-standard","has-post-thumbnail","hentry","category-autores","category-olhares-ii","category-pe-georgino-rocha","category-temas-para-debate"],"_links":{"self":[{"href":"https:\/\/diocese-aveiro.pt\/cultura\/wp-json\/wp\/v2\/posts\/4455","targetHints":{"allow":["GET"]}}],"collection":[{"href":"https:\/\/diocese-aveiro.pt\/cultura\/wp-json\/wp\/v2\/posts"}],"about":[{"href":"https:\/\/diocese-aveiro.pt\/cultura\/wp-json\/wp\/v2\/types\/post"}],"author":[{"embeddable":true,"href":"https:\/\/diocese-aveiro.pt\/cultura\/wp-json\/wp\/v2\/users\/1"}],"replies":[{"embeddable":true,"href":"https:\/\/diocese-aveiro.pt\/cultura\/wp-json\/wp\/v2\/comments?post=4455"}],"version-history":[{"count":1,"href":"https:\/\/diocese-aveiro.pt\/cultura\/wp-json\/wp\/v2\/posts\/4455\/revisions"}],"predecessor-version":[{"id":4457,"href":"https:\/\/diocese-aveiro.pt\/cultura\/wp-json\/wp\/v2\/posts\/4455\/revisions\/4457"}],"wp:featuredmedia":[{"embeddable":true,"href":"https:\/\/diocese-aveiro.pt\/cultura\/wp-json\/wp\/v2\/media\/4456"}],"wp:attachment":[{"href":"https:\/\/diocese-aveiro.pt\/cultura\/wp-json\/wp\/v2\/media?parent=4455"}],"wp:term":[{"taxonomy":"category","embeddable":true,"href":"https:\/\/diocese-aveiro.pt\/cultura\/wp-json\/wp\/v2\/categories?post=4455"},{"taxonomy":"post_tag","embeddable":true,"href":"https:\/\/diocese-aveiro.pt\/cultura\/wp-json\/wp\/v2\/tags?post=4455"}],"curies":[{"name":"wp","href":"https:\/\/api.w.org\/{rel}","templated":true}]}}