{"id":4260,"date":"2018-07-03T12:18:36","date_gmt":"2018-07-03T11:18:36","guid":{"rendered":"http:\/\/diocese-aveiro.pt\/cultura\/?p=4260"},"modified":"2018-07-03T12:19:07","modified_gmt":"2018-07-03T11:19:07","slug":"livros-e-leituras-d-antonio-marto-o-cardeal-de-fatima","status":"publish","type":"post","link":"https:\/\/diocese-aveiro.pt\/cultura\/livros-e-leituras-d-antonio-marto-o-cardeal-de-fatima\/","title":{"rendered":"Livros e leituras: D. ANT\u00d3NIO MARTO, O CARDEAL DE F\u00c1TIMA"},"content":{"rendered":"<p style=\"text-align: right;\"><em>Livros e leituras<\/em><\/p>\n<p style=\"text-align: center;\"><strong>Livro: D. ANT\u00d3NIO MARTO, O CARDEAL DE F\u00c1TIMA<\/strong><\/p>\n<p style=\"font-weight: 400; text-align: center;\"><strong>Pe.\u00a0 Georgino Rocha<\/strong><\/p>\n<p style=\"text-align: justify;\">D. Ant\u00f3nio Marto, bispo de Leiria-F\u00e1tima \u00e9 Cardeal da Igreja Cat\u00f3lica Romana desde 28 de Junho de 2018. O Papa Francisco chamou-o a este novo servi\u00e7o eclesial, fazendo-o membro de pleno direito do Col\u00e9gio Cardinal\u00edcio. A escolha encontra uma disponibilidade pronta e generosa que expressa a grande sintonia de minist\u00e9rio em rela\u00e7\u00e3o \u00e0 reforma em curso no seio da Igreja e da sua rela\u00e7\u00e3o com o mundo plural em que vivemos.<\/p>\n<p style=\"font-weight: 400; text-align: justify;\">A Paulus Editora empreende a publica\u00e7\u00e3o do livro \u201cD. Ant\u00f3nio Marto, o Cardeal de F\u00e1tima\u201d, obra de Ricardo Perna, jornalista da Fam\u00edlia Crist\u00e3 (Org.), Jo\u00e3o Francisco Gomes, jornalista Observador, e de Oct\u00e1vio Carmo, jornalista Ag\u00eancia Ecclesia. Com pref\u00e1cio de D. Manuel Clemente, o livro tem quatro cap\u00edtulos e a Mem\u00f3ria Fotogr\u00e1fica de momentos singulares da vida do novo Cardeal.<\/p>\n<p style=\"font-weight: 400; text-align: justify;\">No pref\u00e1cio, significativamente intitulado \u201cAlegria e Gratid\u00e3o\u201d, D. Manuel Clemente afirma que \u201co novo Cardeal \u00e9 express\u00e3o eloquente desta gera\u00e7\u00e3o, no que diz e no modo como atua\u2026 representa na Igreja em Portugal o melhor do que essa gera\u00e7\u00e3o nos trouxe e continua a trazer\u201d. Refere-se \u00e0 gera\u00e7\u00e3o que vive e estuda em profundidade a compreens\u00e3o da Igreja surgida no conc\u00edlio Vaticano II, sempre interpelada pela leitura teol\u00f3gica dos \u201csinais dos tempos\u201d.<\/p>\n<p style=\"font-weight: 400; text-align: justify;\">O primeiro cap\u00edtulo \u201cO Cardeal Marto no mundo\u201d, oferece ap\u00f3s uma nota curricular a perspectiva do novo Cardeal sobre a sociedade e algumas das suas posi\u00e7\u00f5es partilhadas com os fi\u00e9is, designadamente sobre os casais em situa\u00e7\u00e3o irregular e sobre a eutan\u00e1sia.<\/p>\n<p style=\"font-weight: 400; text-align: justify;\">O segundo cap\u00edtulo adopta o estilo de entrevista e rememora as origens familiares e o percurso de vida de estudante, de padre, de bispo; e brinda-nos com apreci\u00e1veis surpresas, como a experi\u00eancia do trabalho em f\u00e1brica, a alegria de ser aluno de Ratzinger\/Bento XVI, a riqueza que encontra nas express\u00f5es da f\u00e9 do povo simples que d\u00e3o proximidade afectiva \u00e0s raz\u00f5es doutrinais da filosofia e de teologia, a \u201cconvers\u00e3o\u201d \u00e0 mensagem de F\u00e1tima, a confiss\u00e3o sacramental do Pai e tantas outras.<\/p>\n<p style=\"font-weight: 400; text-align: justify;\">O terceiro cap\u00edtulo d\u00e1 uma vis\u00e3o do que significa o consist\u00f3rio em que o Papa Francisco faz novos cardeais e o alcance da escolha de D. Ant\u00f3nio Marto. O t\u00edtulo \u201cReforma, periferias e F\u00e1tima\u201d indicia o seu alcance.<\/p>\n<p style=\"font-weight: 400; text-align: justify;\">O quarto cap\u00edtulo oferece \u201cHomilias mais significativas\u201d, desde a celebra\u00e7\u00e3o da entrada na Catedral de Leiria \u00e0 do encerramento do centen\u00e1rio das Apari\u00e7\u00f5es em F\u00e1tima, significativamente intituladas \u201cdescobrir a beleza e a alegria da F\u00e9\u201d e \u201cF\u00e1tima \u00e9 sempre nova\u201d.<\/p>\n<p style=\"font-weight: 400; text-align: justify;\">Excelente livro que amarra o leitor e o faz vibrar com um percurso de vida singular e sentir-se pr\u00f3ximo do homenageado, a beneficiar do seu sorriso, quase em di\u00e1logo direto, em fam\u00edlia, a partilhar ideais que despertam energias adormecidas e estimulam novos passos da caminhada da Igreja de Deus, agitada pelos ventos da hist\u00f3ria mas confiante na presen\u00e7a activa do Esp\u00edrito de Jesus ressuscitado.<\/p>\n<p style=\"font-weight: 400; text-align: justify;\">\n","protected":false},"excerpt":{"rendered":"<p>Livros e leituras<\/p>\n","protected":false},"author":1,"featured_media":4261,"comment_status":"closed","ping_status":"closed","sticky":false,"template":"","format":"standard","meta":{"footnotes":""},"categories":[11,46,9,50],"tags":[],"class_list":["post-4260","post","type-post","status-publish","format-standard","has-post-thumbnail","hentry","category-acontece","category-autores","category-programa-diocesano-de-livros-e-leituras","category-pe-georgino-rocha"],"_links":{"self":[{"href":"https:\/\/diocese-aveiro.pt\/cultura\/wp-json\/wp\/v2\/posts\/4260","targetHints":{"allow":["GET"]}}],"collection":[{"href":"https:\/\/diocese-aveiro.pt\/cultura\/wp-json\/wp\/v2\/posts"}],"about":[{"href":"https:\/\/diocese-aveiro.pt\/cultura\/wp-json\/wp\/v2\/types\/post"}],"author":[{"embeddable":true,"href":"https:\/\/diocese-aveiro.pt\/cultura\/wp-json\/wp\/v2\/users\/1"}],"replies":[{"embeddable":true,"href":"https:\/\/diocese-aveiro.pt\/cultura\/wp-json\/wp\/v2\/comments?post=4260"}],"version-history":[{"count":2,"href":"https:\/\/diocese-aveiro.pt\/cultura\/wp-json\/wp\/v2\/posts\/4260\/revisions"}],"predecessor-version":[{"id":4263,"href":"https:\/\/diocese-aveiro.pt\/cultura\/wp-json\/wp\/v2\/posts\/4260\/revisions\/4263"}],"wp:featuredmedia":[{"embeddable":true,"href":"https:\/\/diocese-aveiro.pt\/cultura\/wp-json\/wp\/v2\/media\/4261"}],"wp:attachment":[{"href":"https:\/\/diocese-aveiro.pt\/cultura\/wp-json\/wp\/v2\/media?parent=4260"}],"wp:term":[{"taxonomy":"category","embeddable":true,"href":"https:\/\/diocese-aveiro.pt\/cultura\/wp-json\/wp\/v2\/categories?post=4260"},{"taxonomy":"post_tag","embeddable":true,"href":"https:\/\/diocese-aveiro.pt\/cultura\/wp-json\/wp\/v2\/tags?post=4260"}],"curies":[{"name":"wp","href":"https:\/\/api.w.org\/{rel}","templated":true}]}}