{"id":4157,"date":"2018-06-02T10:38:43","date_gmt":"2018-06-02T09:38:43","guid":{"rendered":"http:\/\/diocese-aveiro.pt\/cultura\/?p=4157"},"modified":"2018-06-20T10:42:42","modified_gmt":"2018-06-20T09:42:42","slug":"igreja-desporto-competitividade-e-necessidade-de-sucesso-substituiram-os-valores-diz-padre-e-triatleta","status":"publish","type":"post","link":"https:\/\/diocese-aveiro.pt\/cultura\/igreja-desporto-competitividade-e-necessidade-de-sucesso-substituiram-os-valores-diz-padre-e-triatleta\/","title":{"rendered":"Igreja\/Desporto: \u00abCompetitividade e necessidade de sucesso substitu\u00edram os valores\u00bb, diz padre e triatleta"},"content":{"rendered":"<p style=\"text-align: right;\"><a href=\"http:\/\/www.agencia.ecclesia.pt\/portal\/igreja-desporto-competitividade-e-necessidade-de-sucesso-substituiram-os-valores-diz-padre-e-triatleta\/\" target=\"_blank\" rel=\"noopener\">Not\u00edcia recolhida da Ag\u00eancia Ecclesia<\/a><\/p>\n<p style=\"text-align: right;\">Foto: Ag\u00eancia Ecclesia<\/p>\n<p><em>14\u00aa Jornada Nacional da Pastoral da Cultural reuniu padre Ismael Teixeira, Ribeiro Crist\u00f3v\u00e3o, Jorge Gabriel, Beatriz Gomes e Gon\u00e7alo M. Tavares<\/em><\/p>\n<p>&nbsp;<\/p>\n<p style=\"text-align: justify;\">Lisboa, 02 jun 2018 (Ecclesia) \u2013 O padre e triatleta Ismael Teixeira disse hoje em F\u00e1tima, na Jornada Nacional da Pastoral da Cultura, que o mundo do desporto precisa de recuperar valores fundamentais, que a Igreja Cat\u00f3lica acompanha e promove.<\/p>\n<p style=\"text-align: justify;\">\u201cA competitividade e necessidade de sucesso substitu\u00edram os valores\u201d, lamentou o sacerdote, no primeiro painel do evento promovido pelo Secretariado Nacional da Pastoral da Cultura (SNPC).<\/p>\n<p style=\"text-align: justify;\">O sacerdote do Patriarcado de Lisboa, praticante de triatlo de longa dist\u00e2ncia e conhecido como \u201cironpriest\u201d, o padre de ferro, falou do desporto como um \u201clugar de interven\u00e7\u00e3o na forma\u00e7\u00e3o do indiv\u00edduo\u201d e, do ponto de vista cat\u00f3lico, um \u201clugar de pastoral\u201d.<\/p>\n<p style=\"text-align: justify;\">\u201cA Igreja n\u00e3o pode passar ao lado disso\u201d, defendeu.<\/p>\n<p style=\"text-align: justify;\">A 14\u00aa Jornada anual do SNPC tem este ano o tema \u2018Desporto. Virtudes e Riscos\u2019.<\/p>\n<p style=\"text-align: justify;\">O padre Ismael Teixeira convidou a ver na pr\u00e1tica desportiva \u201cum lugar\u201d onde a Igreja Cat\u00f3lica pode anunciar os valores que viver.<\/p>\n<p style=\"text-align: justify;\">\u201cO desporto \u00e9 claramente uma escola de valores\u201d, como a lealdade, a solidariedade e o respeito, acrescentou.<\/p>\n<p style=\"text-align: justify;\">O padre que \u201ccorre com uma mensagem pela paz\u201d vai estar a 24 de junho na cidade francesa de Nice, local marcado por um atentado terrorista.<\/p>\n<p style=\"text-align: justify;\">O painel contou com a interven\u00e7\u00e3o do jornalista Jorge Gabriel, que falou do seu amor pelo desporto e a sua experi\u00eancia como treinador de futebol, considera que existem \u201cdois mundos paralelos\u201d em Portugal, o desporto e o futebol.<\/p>\n<p style=\"text-align: justify;\">Para o convidado, \u00e9 fundamental promover uma atitude de \u201crespeito, compromisso, valores, \u00e9tica\u201d, lamentando o \u201cneg\u00f3cio monumental\u201d em que se transformou o futebol, que alimenta a \u201csede de lucro\u201d de jornais, televis\u00f5es ou r\u00e1dios, ignorando modalidades que \u201cn\u00e3o vendem\u201d.<\/p>\n<p style=\"text-align: justify;\">Ribeiro Crist\u00f3v\u00e3o, jornalista e comentador desportivo, disse por sua vez que hoje em dia o desporto \u00e9 visto como um \u201cproblema\u201d, com a situa\u00e7\u00e3o \u201cquase a raiar o degradante\u201d.<\/p>\n<p style=\"text-align: justify;\">O especialista considera que existe \u201cfalta de \u00e9tica\u201d e de prepara\u00e7\u00e3o nas pessoas que entram para a causa desportiva, centrados em \u201cganhar a qualquer pre\u00e7o, sem olhar a meios\u201d.<\/p>\n<p style=\"text-align: justify;\">Beatriz Gomes, cano\u00edsta, falou mais tarde sobre o investimento feito no treino, momento em que o desporto oferece \u201co prazer do esfor\u00e7o\u201d.<\/p>\n<p style=\"text-align: justify;\">Mais do que a competi\u00e7\u00e3o, a antiga atleta ol\u00edmpica valorizou a \u201ccapacidade de ir mais al\u00e9m\u201d, pelo trabalho desenvolvido, que se sobrep\u00f5e ao pr\u00f3prio \u201ctalento\u201d.<\/p>\n<p style=\"text-align: justify;\">\u201cO desporto, a cultura, a educa\u00e7\u00e3o s\u00e3o aliados\u201d, acrescentou.<\/p>\n<p style=\"text-align: justify;\">Para Beatriz Gomes, um dos riscos atuais do desporto est\u00e1 relacionado com o \u201cindividualismo\u201d.<\/p>\n<p style=\"text-align: justify;\">O escritor portugu\u00eas Gon\u00e7alo M. Tavares, que proferiu a \u00faltima confer\u00eancia, sublinhou a distin\u00e7\u00e3o entre \u201ccarne\u201d e \u201ccorpo\u201d na filosofia contempor\u00e2nea, considerando-a \u00e9 \u201cdeterminante\u201d na diferen\u00e7a entre \u201chumanizar e desumanizar\u201d.<\/p>\n<div id=\"left-area\">\n<article id=\"post-106929\" class=\"et_pb_post post-106929 post type-post status-publish format-standard has-post-thumbnail hentry category-destaque2 category-nacional tag-igreja-desporto\">\n<div class=\"entry-content\">\n<p style=\"text-align: justify;\">\u201cO corpo \u00e9 a carne e as suas liga\u00e7\u00f5es, a carne e os seus afetos\u201d, precisou.<\/p>\n<p style=\"text-align: justify;\">O professor universit\u00e1rio falou da rela\u00e7\u00e3o de \u201cadmira\u00e7\u00e3o\u201d com os crentes e do seu trabalho, centrado na inten\u00e7\u00e3o de \u201centender o mist\u00e9rio\u201d.<\/p>\n<p style=\"text-align: justify;\">\u201cNo limite, o corpo \u00e9 dispens\u00e1vel, o que \u00e9 tr\u00e1gico, mas tamb\u00e9m \u00e9 bonito\u201d, concluiu.<\/p>\n<p style=\"text-align: justify;\">O encontro, aberto a crentes e n\u00e3o crentes, abordou o significado antropol\u00f3gico e as atuais conex\u00f5es socioculturais do Desporto.<\/p>\n<p style=\"text-align: justify;\">O tema foi escolhido na sequ\u00eancia das m\u00faltiplas interven\u00e7\u00f5es do Papa Francisco e dos seus antecessores sobre o Desporto, \u00e1rea que suscitou a cria\u00e7\u00e3o de um departamento exclusivo por parte do Conselho Pontif\u00edcio da Cultura.<\/p>\n<p style=\"text-align: justify;\">A\u00a0<a href=\"http:\/\/www.agencia.ecclesia.pt\/portal\/igreja-secretariado-nacional-da-pastoral-da-cultura-reflete-sobre-virtudes-e-riscos-do-desporto\/\">jornada nacional<\/a>\u00a0do SNPC \u00e9 o momento escolhido pela Comiss\u00e3o Episcopal da Cultura, Bens Culturais e Comunica\u00e7\u00f5es Sociais para a entrega o \u2018Pr\u00e9mio \u00c1rvore da Vida-Padre Manuel Antunes\u2019 que este ano distingue o ator Ruy de Carvalho.<\/p>\n<p style=\"text-align: justify;\"><em>OC<\/em><\/p>\n<\/div>\n<\/article>\n<\/div>\n","protected":false},"excerpt":{"rendered":"<p>Not\u00edcia recolhida da<\/p>\n","protected":false},"author":1,"featured_media":4159,"comment_status":"closed","ping_status":"closed","sticky":false,"template":"","format":"standard","meta":{"footnotes":""},"categories":[11,10],"tags":[],"class_list":["post-4157","post","type-post","status-publish","format-standard","has-post-thumbnail","hentry","category-acontece","category-noticias"],"_links":{"self":[{"href":"https:\/\/diocese-aveiro.pt\/cultura\/wp-json\/wp\/v2\/posts\/4157","targetHints":{"allow":["GET"]}}],"collection":[{"href":"https:\/\/diocese-aveiro.pt\/cultura\/wp-json\/wp\/v2\/posts"}],"about":[{"href":"https:\/\/diocese-aveiro.pt\/cultura\/wp-json\/wp\/v2\/types\/post"}],"author":[{"embeddable":true,"href":"https:\/\/diocese-aveiro.pt\/cultura\/wp-json\/wp\/v2\/users\/1"}],"replies":[{"embeddable":true,"href":"https:\/\/diocese-aveiro.pt\/cultura\/wp-json\/wp\/v2\/comments?post=4157"}],"version-history":[{"count":1,"href":"https:\/\/diocese-aveiro.pt\/cultura\/wp-json\/wp\/v2\/posts\/4157\/revisions"}],"predecessor-version":[{"id":4158,"href":"https:\/\/diocese-aveiro.pt\/cultura\/wp-json\/wp\/v2\/posts\/4157\/revisions\/4158"}],"wp:featuredmedia":[{"embeddable":true,"href":"https:\/\/diocese-aveiro.pt\/cultura\/wp-json\/wp\/v2\/media\/4159"}],"wp:attachment":[{"href":"https:\/\/diocese-aveiro.pt\/cultura\/wp-json\/wp\/v2\/media?parent=4157"}],"wp:term":[{"taxonomy":"category","embeddable":true,"href":"https:\/\/diocese-aveiro.pt\/cultura\/wp-json\/wp\/v2\/categories?post=4157"},{"taxonomy":"post_tag","embeddable":true,"href":"https:\/\/diocese-aveiro.pt\/cultura\/wp-json\/wp\/v2\/tags?post=4157"}],"curies":[{"name":"wp","href":"https:\/\/api.w.org\/{rel}","templated":true}]}}