{"id":4136,"date":"2018-06-15T11:15:02","date_gmt":"2018-06-15T10:15:02","guid":{"rendered":"http:\/\/diocese-aveiro.pt\/cultura\/?p=4136"},"modified":"2018-06-15T11:15:02","modified_gmt":"2018-06-15T10:15:02","slug":"sementes-aves-e-ninhos","status":"publish","type":"post","link":"https:\/\/diocese-aveiro.pt\/cultura\/sementes-aves-e-ninhos\/","title":{"rendered":"Sementes, aves e ninhos"},"content":{"rendered":"<p style=\"text-align: center;\"><strong>SEMENTES, AVES E NINHOS<\/strong><\/p>\n<p style=\"text-align: center;\"><strong>Pe. Georgino Rocha<\/strong><\/p>\n<p style=\"text-align: justify;\">Jesus vive a preocupa\u00e7\u00e3o de tornar acess\u00edvel a mensagem que anuncia. Marcos, o evangelista narrador, referindo-se aos ouvintes, aduz o recurso a muitas par\u00e1bolas \u201cconforme eram capazes de entender\u201d. E acrescenta que aos disc\u00edpulos tudo era explicado, em particular. \u00c9 neste contexto que surgem as sementes do campo, as aves e os ninhos em grandes ramos. Sementes que germinam, crescem e se convertem em arbustos de jardim e em \u00e1rvores de bosques frondosos.<\/p>\n<p style=\"text-align: justify;\">Jesus \u201cutiliza uma linguagem narrativa decalcada do real. Jesus fala de Deus contando hist\u00f3rias de reis e de pescadores, de semeadores e camponeses. Uma linguagem profundamente humana, simples, compreens\u00edvel, que efectua uma comunica\u00e7\u00e3o aberta, englobante e n\u00e3o excludente. Ser\u00e1 assim que n\u00f3s falamos das \u00abcoisas do Pai\u00bb?\u201d (Manicardi, Coment\u00e1rio \u00e1 Liturgia\u2026, p. 109).<\/p>\n<p style=\"text-align: justify;\">Que preocupa\u00e7\u00e3o admir\u00e1vel e apelativa! Dir-se-ia que \u00e9 melhor ficar calado e em sil\u00eancio do que falar abundantemente e ningu\u00e9m compreender nada. \u00c9 melhor colocar-se ao n\u00edvel cultural de quem escuta do que exibir erudi\u00e7\u00e3o doutrinal sonante. A solidariedade e a clareza prevalecem sobre qualquer outra atitude de comunica\u00e7\u00e3o. \u00c9 a lei do Evangelho que brilha no comportamento de Jesus. \u00c9 apelo que fica para sempre a todos os educadores e mestres, a todos n\u00f3s.<\/p>\n<p style=\"text-align: justify;\">As par\u00e1bolas da semente e do gr\u00e3o de mostarda real\u00e7am a for\u00e7a dos contrastes: pequenez e grandeza, seio da terra e eleva\u00e7\u00e3o ao c\u00e9u, trabalho e descanso\/\u00f3cio, in-utilidade de ganhos produtivos e benef\u00edcios de usufrui\u00e7\u00e3o gratuita, sil\u00eancio e chilreio de aves nos seus ninhos, a simbolizar a alegria das criaturas e a harmonia do universo. For\u00e7a que desvenda o sentido do que est\u00e1 a acontecer e para o qual Jesus chama com insist\u00eancia a aten\u00e7\u00e3o. \u201cA miss\u00e3o de Jesus, afirma a prop\u00f3sito o coment\u00e1rio da B\u00edblia Pastoral, \u00e9 portadora do Reino de Deus e da transforma\u00e7\u00e3o que provoca. Uma vez iniciada, a ac\u00e7\u00e3o de Jesus cresce e produz fruto de maneira imprevis\u00edvel e irresist\u00edvel. Diante das estruturas e ac\u00e7\u00f5es deste mundo, a actividade de Jesus e daqueles que O seguem parece impotente e mesmo rid\u00edcula. Mas ela cresce at\u00e9 atingir o mundo inteiro\u201d.<\/p>\n<p style=\"text-align: justify;\">O contraste faz brilhar de novo a for\u00e7a e o alcance de que \u00e9 indiciador: Jesus e o seu modo manso e humilde de agir face ao ambiente dos fariseus, marcado pela exibi\u00e7\u00e3o e arrog\u00e2ncia, que o envolve e questiona; a simplicidade do Evangelho e a exuber\u00e2ncia de orat\u00f3rias e discursos de \u00abencher o ouvido\u00bb. Tamb\u00e9m religioso e teol\u00f3gico, em serm\u00f5es e homilias, em catequeses e exorta\u00e7\u00f5es doutrinais. O Papa Francisco d\u00e1 o exemplo e deixa o apelo a que tenhamos em conta os pais que sabem conversar com os filhos. Quanto caminho andado na renova\u00e7\u00e3o da comunica\u00e7\u00e3o! E quanto n\u00e3o falta andar para que cada crist\u00e3o se sinta \u00e0-vontade na vida da f\u00e9 e, confiante, possa testemunhar a esperan\u00e7a que o anima num mundo, tantas vezes, indiferente, agressivo e triste. Testemunhar e dar as raz\u00f5es fundantes.<\/p>\n<p style=\"text-align: justify;\">O alcance das par\u00e1bolas fica em aberto. Tanto a semente como o gr\u00e3o n\u00e3o param no processo de crescimento quando atingem a maturidade. Chega em breve a ceifa e a apanha, a tritura\u00e7\u00e3o e o esmagamento, a transforma\u00e7\u00e3o do trigo em p\u00e3o saboroso que se faz alimento de humanidade, de Jesus eucaristia, e do gr\u00e3o em molho de mostarda que se converte em condimento de carnes diversas e de outras iguarias. A narra\u00e7\u00e3o de Marcos fica pela simplicidade do que \u00e9 observ\u00e1vel, pela riqueza do s\u00edmbolo, pelo alcance do ensinamento. \u00c9 bom deter-nos aqui e descer \u00e0 realidade de cada um, do nosso processo de crescimento, dos frutos da nossa vida e da beleza dos ninhos dos nossos sonhos.<\/p>\n<p style=\"text-align: justify;\">O Reino de Deus vai germinando em n\u00f3s no sil\u00eancio do cora\u00e7\u00e3o e no santu\u00e1rio da consci\u00eancia sempre que estamos atentos ao que acontece, sabemos em quem confiamos e dormimos em paz, como o semeador. De contr\u00e1rio, \u00e9 o joio da indiferen\u00e7a e do prazer ef\u00e9mero que definem as regras de conduta. O Reino de Deus cresce em n\u00f3s na rela\u00e7\u00e3o com o ambiente e suas condi\u00e7\u00f5es saud\u00e1veis ou doentias pela polui\u00e7\u00e3o e degrada\u00e7\u00e3o, rela\u00e7\u00e3o de interac\u00e7\u00e3o e de m\u00fatua transforma\u00e7\u00e3o e melhoria.<\/p>\n<p style=\"text-align: justify;\">O Reino de Deus manifesta-se em n\u00f3s na fragilidade da natureza e na provisoriedade do compromisso libertador, na sobriedade da vida e na simplicidade de maneiras, na ousadia prudente e na aceita\u00e7\u00e3o humilde de limites, no apre\u00e7o pela mem\u00f3ria e na valoriza\u00e7\u00e3o do futuro desejado com equil\u00edbrio e sem ansiedade. O Reino de Deus opera em n\u00f3s, de modo especial, quando damos espa\u00e7o a Jesus Cristo e ao Evangelho, aprofundamos a Sua palavra, celebramos a liturgia na assembleia dominical e nos deixamos fazer doa\u00e7\u00e3o total, corpo entregue e sangue derramado por um mundo novo. E, animados pelo Esp\u00edrito Santo, vivemos a alegria da miss\u00e3o em todas as circunst\u00e2ncias.<\/p>\n<p style=\"text-align: justify;\">As refer\u00eancias podem facilmente multiplicar-se. Estas pretendem apontar a direc\u00e7\u00e3o do mergulho interior que somos convidados a fazer. A partir do alcance dos ensinamentos de Jesus que, na liturgia de hoje, reveste o rosto da semente, das aves e dos ninhos.<\/p>\n<p style=\"text-align: justify;\">\u201cA linguagem simples das par\u00e1bolas, afirma Manicardi, \u2026 requer uma intelig\u00eancia humilde e n\u00e3o arrogante, uma sabedoria, uma capacidade de compreender em simult\u00e2neo a terra da qual se contam as par\u00e1bolas e o c\u00e9u a que elas aludem. A intelig\u00eancia do mist\u00e9rio\u2026situa-se no plano da sabedoria, abarca em si tanto o saber, como o sabor, tanto a mente como o palato, tanto o esp\u00edrito como o corpo. Uma intelig\u00eancia capaz de gratid\u00e3o e aberta ao dom\u2026\u201d. Ousemos aprender esta bela li\u00e7\u00e3o colhida na par\u00e1bola das sementes, das aves e dos ninhos.<\/p>\n<p style=\"text-align: justify;\">\n","protected":false},"excerpt":{"rendered":"<p>SEMENTES, AVES E<\/p>\n","protected":false},"author":1,"featured_media":4137,"comment_status":"closed","ping_status":"closed","sticky":false,"template":"","format":"standard","meta":{"footnotes":""},"categories":[46,91,50,14],"tags":[],"class_list":["post-4136","post","type-post","status-publish","format-standard","has-post-thumbnail","hentry","category-autores","category-olhares-ii","category-pe-georgino-rocha","category-temas-para-debate"],"_links":{"self":[{"href":"https:\/\/diocese-aveiro.pt\/cultura\/wp-json\/wp\/v2\/posts\/4136","targetHints":{"allow":["GET"]}}],"collection":[{"href":"https:\/\/diocese-aveiro.pt\/cultura\/wp-json\/wp\/v2\/posts"}],"about":[{"href":"https:\/\/diocese-aveiro.pt\/cultura\/wp-json\/wp\/v2\/types\/post"}],"author":[{"embeddable":true,"href":"https:\/\/diocese-aveiro.pt\/cultura\/wp-json\/wp\/v2\/users\/1"}],"replies":[{"embeddable":true,"href":"https:\/\/diocese-aveiro.pt\/cultura\/wp-json\/wp\/v2\/comments?post=4136"}],"version-history":[{"count":1,"href":"https:\/\/diocese-aveiro.pt\/cultura\/wp-json\/wp\/v2\/posts\/4136\/revisions"}],"predecessor-version":[{"id":4138,"href":"https:\/\/diocese-aveiro.pt\/cultura\/wp-json\/wp\/v2\/posts\/4136\/revisions\/4138"}],"wp:featuredmedia":[{"embeddable":true,"href":"https:\/\/diocese-aveiro.pt\/cultura\/wp-json\/wp\/v2\/media\/4137"}],"wp:attachment":[{"href":"https:\/\/diocese-aveiro.pt\/cultura\/wp-json\/wp\/v2\/media?parent=4136"}],"wp:term":[{"taxonomy":"category","embeddable":true,"href":"https:\/\/diocese-aveiro.pt\/cultura\/wp-json\/wp\/v2\/categories?post=4136"},{"taxonomy":"post_tag","embeddable":true,"href":"https:\/\/diocese-aveiro.pt\/cultura\/wp-json\/wp\/v2\/tags?post=4136"}],"curies":[{"name":"wp","href":"https:\/\/api.w.org\/{rel}","templated":true}]}}