{"id":4129,"date":"2018-06-15T11:07:42","date_gmt":"2018-06-15T10:07:42","guid":{"rendered":"http:\/\/diocese-aveiro.pt\/cultura\/?p=4129"},"modified":"2018-06-15T11:08:52","modified_gmt":"2018-06-15T10:08:52","slug":"igreja-ciencia-conhecer-o-universo-implica-ir-alem-do-agnosticismo-comodo-diz-o-papa","status":"publish","type":"post","link":"https:\/\/diocese-aveiro.pt\/cultura\/igreja-ciencia-conhecer-o-universo-implica-ir-alem-do-agnosticismo-comodo-diz-o-papa\/","title":{"rendered":"Igreja\/Ci\u00eancia: Conhecer o Universo implica ir al\u00e9m do \u00abagnosticismo c\u00f3modo\u00bb, diz o Papa"},"content":{"rendered":"<p><em>Francisco encontrou-se hoje com um grupo de estudantes e professores de astrof\u00edsica<\/em><span id=\"more-107817\"><\/span><\/p>\n<p style=\"text-align: justify;\">Cidade do Vaticano, 14 jun 2018 (<a href=\"http:\/\/www.agencia.ecclesia.pt\/portal\/igreja-ciencia-conhecer-o-universo-implica-ir-alem-do-agnosticismo-comodo-diz-o-papa\/\" target=\"_blank\" rel=\"noopener\">Ecclesia<\/a>) \u2013 O Papa recebeu hoje em audi\u00eancia no Vaticano um grupo de professores e estudantes da Escola de Astrof\u00edsica de Ver\u00e3o, promovida pelo Observat\u00f3rio de Astronomia da Santa S\u00e9.<\/p>\n<p style=\"text-align: justify;\">Na sua interven\u00e7\u00e3o, partilhada pela sala de imprensa da Santa S\u00e9, Francisco vincou a import\u00e2ncia de F\u00e9 e Ci\u00eancia colaborarem em ordem \u00e0 \u201ccompreens\u00e3o do universo\u201d.<\/p>\n<p style=\"text-align: justify;\">O Papa defendeu igualmente a necessidade de encarar a investiga\u00e7\u00e3o dos astros como uma descoberta permanente, franca e aberta, com a consci\u00eancia de que n\u00e3o chega ficar numa \u201cagnosticismo c\u00f3modo\u201d.<\/p>\n<p style=\"text-align: justify;\">A 16.\u00aa Escola de Astrof\u00edsica de Ver\u00e3o est\u00e1 a decorrer at\u00e9 29 de junho e envolve alunos e docentes provenientes de diversos pa\u00edses e continentes.<\/p>\n<p style=\"text-align: justify;\">O tema deste ano est\u00e1 relacionado com o estudo das chamadas estrelas vari\u00e1veis, \u00e0 luz das \u00faltimas descobertas cient\u00edficas.<\/p>\n<p style=\"text-align: justify;\">\u201cEsses estudos v\u00eam do esfor\u00e7o de colabora\u00e7\u00e3o de muitas na\u00e7\u00f5es e do trabalho comum de muitos cientistas. Como emergir\u00e1 claramente desta escola, s\u00f3 trabalhando em conjunto, em equipa, \u00e9 que voc\u00eas poder\u00e3o dar um sentido a todas estas novas descobertas\u201d, lembrou Francisco.<\/p>\n<p style=\"text-align: justify;\">O Papa desafiou depois os alunos a estudarem sempre os astros com um olhar cient\u00edfico mas tamb\u00e9m \u201cmetaf\u00edsico\u201d e de \u201cf\u00e9\u201d, com a consci\u00eancia de que \u201cexistem muitas coisas que n\u00e3o sabem\u201d.<\/p>\n<p style=\"text-align: justify;\">\u201c\u00c9 a harmonia entre estes diferentes n\u00edveis de conhecimento que nos leva \u00e0 compreens\u00e3o\u201d, apontou,\u00a0<a href=\"https:\/\/www.vaticannews.va\/pt\/papa\/news\/2018-06\/papa-astrofisicos-observar-universo-tambem-olhar-da-fe.html\">recordando<\/a>\u00a0ainda a miss\u00e3o do homem, como ser pensante e racional, de contribuir para um \u201cuniverso cada vez mais consciente de si e Daquele que o criou\u201d.<\/p>\n<p style=\"text-align: justify;\"><em>JCP<\/em><\/p>\n","protected":false},"excerpt":{"rendered":"<p>Francisco encontrou-se hoje<\/p>\n","protected":false},"author":1,"featured_media":4131,"comment_status":"closed","ping_status":"closed","sticky":false,"template":"","format":"standard","meta":{"footnotes":""},"categories":[11,10],"tags":[],"class_list":["post-4129","post","type-post","status-publish","format-standard","has-post-thumbnail","hentry","category-acontece","category-noticias"],"_links":{"self":[{"href":"https:\/\/diocese-aveiro.pt\/cultura\/wp-json\/wp\/v2\/posts\/4129","targetHints":{"allow":["GET"]}}],"collection":[{"href":"https:\/\/diocese-aveiro.pt\/cultura\/wp-json\/wp\/v2\/posts"}],"about":[{"href":"https:\/\/diocese-aveiro.pt\/cultura\/wp-json\/wp\/v2\/types\/post"}],"author":[{"embeddable":true,"href":"https:\/\/diocese-aveiro.pt\/cultura\/wp-json\/wp\/v2\/users\/1"}],"replies":[{"embeddable":true,"href":"https:\/\/diocese-aveiro.pt\/cultura\/wp-json\/wp\/v2\/comments?post=4129"}],"version-history":[{"count":3,"href":"https:\/\/diocese-aveiro.pt\/cultura\/wp-json\/wp\/v2\/posts\/4129\/revisions"}],"predecessor-version":[{"id":4133,"href":"https:\/\/diocese-aveiro.pt\/cultura\/wp-json\/wp\/v2\/posts\/4129\/revisions\/4133"}],"wp:featuredmedia":[{"embeddable":true,"href":"https:\/\/diocese-aveiro.pt\/cultura\/wp-json\/wp\/v2\/media\/4131"}],"wp:attachment":[{"href":"https:\/\/diocese-aveiro.pt\/cultura\/wp-json\/wp\/v2\/media?parent=4129"}],"wp:term":[{"taxonomy":"category","embeddable":true,"href":"https:\/\/diocese-aveiro.pt\/cultura\/wp-json\/wp\/v2\/categories?post=4129"},{"taxonomy":"post_tag","embeddable":true,"href":"https:\/\/diocese-aveiro.pt\/cultura\/wp-json\/wp\/v2\/tags?post=4129"}],"curies":[{"name":"wp","href":"https:\/\/api.w.org\/{rel}","templated":true}]}}