{"id":4118,"date":"2018-08-17T12:30:29","date_gmt":"2018-08-17T11:30:29","guid":{"rendered":"http:\/\/diocese-aveiro.pt\/cultura\/?p=4118"},"modified":"2018-06-03T22:36:00","modified_gmt":"2018-06-03T21:36:00","slug":"por-detras-da-biblia-x-assiria-sentencas-1","status":"publish","type":"post","link":"https:\/\/diocese-aveiro.pt\/cultura\/por-detras-da-biblia-x-assiria-sentencas-1\/","title":{"rendered":"Por Detr\u00e1s da B\u00edblia X &#8211; Ass\u00edria: Senten\u00e7as 1"},"content":{"rendered":"<p style=\"text-align: right;\"><em><strong>POR DETR\u00c1S DA B\u00cdBLIA X<\/strong><\/em><\/p>\n<h2 style=\"text-align: center;\">Ass\u00edria &#8211; Senten\u00e7as<\/h2>\n<p style=\"text-align: center;\">Pe. J\u00falio Franclim do Couto e Pacheco<\/p>\n<p style=\"text-align: center;\"><a href=\"https:\/\/en.calameo.com\/read\/0055056155ff4243415f4\" target=\"_blank\" rel=\"noopener\">Leia, aqui, a hist\u00f3ria de AHIKAR apresentado na introdu\u00e7\u00e3o seguinte.<\/a><\/p>\n<p style=\"text-align: center;\"><img loading=\"lazy\" decoding=\"async\" class=\"alignnone wp-image-4119\" src=\"https:\/\/diocese-aveiro.pt\/cultura\/wp-content\/uploads\/2018\/06\/Ass\u00edria-senten\u00e7as-1024x891.jpg\" alt=\"\" width=\"851\" height=\"741\" srcset=\"https:\/\/diocese-aveiro.pt\/cultura\/wp-content\/uploads\/2018\/06\/Ass\u00edria-senten\u00e7as-1024x891.jpg 1024w, https:\/\/diocese-aveiro.pt\/cultura\/wp-content\/uploads\/2018\/06\/Ass\u00edria-senten\u00e7as-300x261.jpg 300w, https:\/\/diocese-aveiro.pt\/cultura\/wp-content\/uploads\/2018\/06\/Ass\u00edria-senten\u00e7as-768x668.jpg 768w, https:\/\/diocese-aveiro.pt\/cultura\/wp-content\/uploads\/2018\/06\/Ass\u00edria-senten\u00e7as-600x522.jpg 600w\" sizes=\"auto, (max-width: 851px) 100vw, 851px\" \/><\/p>\n","protected":false},"excerpt":{"rendered":"<p>POR DETR\u00c1S DA<\/p>\n","protected":false},"author":1,"featured_media":3678,"comment_status":"closed","ping_status":"closed","sticky":false,"template":"","format":"standard","meta":{"footnotes":""},"categories":[103,46,13,54,101],"tags":[],"class_list":["post-4118","post","type-post","status-publish","format-standard","has-post-thumbnail","hentry","category-assiria-sentencas","category-autores","category-olhares","category-pe-julio-franclim-do-couto-e-pacheco","category-por-detras-da-biblia-b"],"_links":{"self":[{"href":"https:\/\/diocese-aveiro.pt\/cultura\/wp-json\/wp\/v2\/posts\/4118","targetHints":{"allow":["GET"]}}],"collection":[{"href":"https:\/\/diocese-aveiro.pt\/cultura\/wp-json\/wp\/v2\/posts"}],"about":[{"href":"https:\/\/diocese-aveiro.pt\/cultura\/wp-json\/wp\/v2\/types\/post"}],"author":[{"embeddable":true,"href":"https:\/\/diocese-aveiro.pt\/cultura\/wp-json\/wp\/v2\/users\/1"}],"replies":[{"embeddable":true,"href":"https:\/\/diocese-aveiro.pt\/cultura\/wp-json\/wp\/v2\/comments?post=4118"}],"version-history":[{"count":2,"href":"https:\/\/diocese-aveiro.pt\/cultura\/wp-json\/wp\/v2\/posts\/4118\/revisions"}],"predecessor-version":[{"id":4121,"href":"https:\/\/diocese-aveiro.pt\/cultura\/wp-json\/wp\/v2\/posts\/4118\/revisions\/4121"}],"wp:featuredmedia":[{"embeddable":true,"href":"https:\/\/diocese-aveiro.pt\/cultura\/wp-json\/wp\/v2\/media\/3678"}],"wp:attachment":[{"href":"https:\/\/diocese-aveiro.pt\/cultura\/wp-json\/wp\/v2\/media?parent=4118"}],"wp:term":[{"taxonomy":"category","embeddable":true,"href":"https:\/\/diocese-aveiro.pt\/cultura\/wp-json\/wp\/v2\/categories?post=4118"},{"taxonomy":"post_tag","embeddable":true,"href":"https:\/\/diocese-aveiro.pt\/cultura\/wp-json\/wp\/v2\/tags?post=4118"}],"curies":[{"name":"wp","href":"https:\/\/api.w.org\/{rel}","templated":true}]}}