{"id":4074,"date":"2018-06-01T10:49:47","date_gmt":"2018-06-01T09:49:47","guid":{"rendered":"http:\/\/diocese-aveiro.pt\/cultura\/?p=4074"},"modified":"2018-06-01T10:49:47","modified_gmt":"2018-06-01T09:49:47","slug":"diz-jesus-fazei-isto-em-memoria-de-mim","status":"publish","type":"post","link":"https:\/\/diocese-aveiro.pt\/cultura\/diz-jesus-fazei-isto-em-memoria-de-mim\/","title":{"rendered":"Diz Jesus: Fazei isto em mem\u00f3ria de Mim"},"content":{"rendered":"<p><b>Diz Jesus<\/b><\/p>\n<p align=\"center\"><b>FAZEI ISTO EM MEM\u00d3RIA DE MIM<\/b><\/p>\n<p style=\"text-align: center;\" align=\"right\"><b>Pe. Georgino Rocha<\/b><\/p>\n<p style=\"text-align: justify;\">Jesus v\u00ea chegar a hora do triunfo dos seus inimigos. E n\u00e3o quer deixar de estar presente junto dos amigos. Criativo como \u00e9, sonha uma forma especial de realizar o seu desejo. N\u00e3o o quer fazer sozinho. Chama os disc\u00edpulos que, preocupados, querem saber onde fazer os preparativos para a ceia pascal. E diz a dois deles: \u201cIde \u00e0 cidade. Vir\u00e1 ao vosso encontro um homem com uma bilha de \u00e1gua. Segui-o\u201d. E eles foram, encontraram tudo o que Jesus havia dito e prepararam a P\u00e1scoa.<\/p>\n<p style=\"text-align: justify;\">Que maravilha: A liberdade em ac\u00e7\u00e3o; a iniciativa por antecipa\u00e7\u00e3o; o envolvimento como processo de interven\u00e7\u00e3o e crescimento; o seguimento como via de realiza\u00e7\u00e3o; a alegria como leveza de miss\u00e3o e \u00e9lan de prontid\u00e3o. Faz-nos bem contemplar a atitude de Jesus que se manifesta na converg\u00eancia de factores, na sintonia de vontades, na conc\u00f3rdia de actores intervenientes. Talvez nos sirva como refer\u00eancia para a prepara\u00e7\u00e3o da celebra\u00e7\u00e3o da Eucaristia, especialmente a dominical.<\/p>\n<p style=\"text-align: justify;\">Uma vez \u00e0 mesa e enquanto comiam, \u201cJesus toma o p\u00e3o, d\u00e1 gra\u00e7as, parte-e e reparte-o pelos disc\u00edpulos, dizendo: \u201cTomai: isto \u00e9 o meu Corpo\u201d. O mesmo faz com a ta\u00e7a de vinho, de que todos beberam enquanto Jesus afirmava: \u201cEste \u00e9 o meu Sangue, o Sangue da nova alian\u00e7a, derramado pela multid\u00e3o dos homens\u201d. E acrescenta que s\u00f3 voltar\u00e1 a beber \u201cdo vinho novo no reino de Deus\u201d, encarregando os comensais de prosseguirem a sua miss\u00e3o, dizendo: \u201cFazei isto em mem\u00f3ria de Mim\u201d.<\/p>\n<p style=\"text-align: justify;\">As palavras sobre o p\u00e3o partido e a seguir dado aos disc\u00edpulos fazem dele um p\u00e3o \u201cfalado\u201d e as que seguem, n\u00e3o s\u00f3 a distribui\u00e7\u00e3o do c\u00e1lice mas tamb\u00e9m o acto de beber, significam igualmente um vinho falado que simboliza e reassume a vida dada por Jesus e profetiza e antecipa a morte cruel. S\u00e3o a prioridade do dom que caracteriza o gesto eucar\u00edstico e indicam o facto de que a resposta positiva do crente \u00e9 o acolhimento do dom, o sim \u00e0 gra\u00e7a, a gratid\u00e3o. (Cf. Manicardi, Coment\u00e1rios \u00e0 Liturgia Dominical, p. 161-162).<\/p>\n<p style=\"text-align: justify;\">A Igreja, comunidade dos disc\u00edpulos, recebe este tesouro confiado a m\u00e3os humanas, dotadas de energias vigorosas e marcadas por fragilidades e limites de risco. Sob a ac\u00e7\u00e3o do Esp\u00edrito Santo, procura ser fiel ao seu Senhor e organiza a celebra\u00e7\u00e3o tendo em conta este n\u00facleo original configurado pela linguagem das culturas e marcas da hist\u00f3ria. O modelo romano acaba por se constituir predominante e difundir pelas v\u00e1rias partes do mundo, garantindo a unidade em preju\u00edzo da pluralidade. O conc\u00edlio Vaticano II recupera a legitimidade lit\u00fargica de alguns ritos, recomenda a sua renova\u00e7\u00e3o e define algumas regras de procedimento. O mesmo faz e com maior insist\u00eancia \u00e0s celebra\u00e7\u00f5es da Liturgia oficial da Igreja. Faz-nos bem apreciar o caminho andado, os esfor\u00e7os em curso para avan\u00e7ar na renova\u00e7\u00e3o com fidelidade criativa e tornar acess\u00edvel a linguagem e os gestos no contexto em que vivemos, a cultura actual.<\/p>\n<p style=\"text-align: justify;\">\u201cFazei isto em mem\u00f3ria de Mim\u201d. \u00c9 mandato de amor que se faz corpo entregue e sangue derramado por todos\/as, os humanos, e se repercute na cria\u00e7\u00e3o e nas criaturas. Isto \u00e9 o gesto de partir e repartir, mas muito mais. \u00c9 a disposi\u00e7\u00e3o que Jesus alimenta durante a vida e manifesta no processo desta ceia singular; disposi\u00e7\u00e3o que brilha na obedi\u00eancia livre \u00e0 Vontade do Pai; disposi\u00e7\u00e3o que \u00e9 preocupa\u00e7\u00e3o sol\u00edcita pelo direito \u00e0 vida digna e \u00e0 verdade sincera; disposi\u00e7\u00e3o que \u00e9 aten\u00e7\u00e3o que facilita a cura de feridos e promove a integra\u00e7\u00e3o de exclu\u00eddos; disposi\u00e7\u00e3o que \u00e9 servi\u00e7o incondicional \u00e0 esperan\u00e7a de que outro mundo \u00e9 poss\u00edvel, e por isso, necess\u00e1rio, onde cada pessoa e todas as pessoas tenham voz, vez e lugar.<\/p>\n<p style=\"text-align: justify;\">E pelo valor da causa que o anima vai at\u00e9 ao fim: perd\u00e3o a quem o mata; alegria de j\u00fabilo a Deus Pai que o ressuscita pela for\u00e7a do Esp\u00edrito Santo; presen\u00e7a amorosa na Eucaristia que a Igreja celebra como memorial das maravilhas que Ele continua a realizar e que reconhece, vive e anuncia como \u201csolenidade do Sant\u00edssimo Corpo e Sangue de Cristo\u201d.<\/p>\n<p style=\"text-align: justify;\">A festa do Corpo de Deus, como \u00e9 vulgarmente designada entre n\u00f3s, oferece-nos a oportunidade de reflectirmos sobre as \u201cinesgot\u00e1veis riquezas da Eucaristia\u201d; darmos \u00abgra\u00e7as\u00bb a Cristo pelo dom total de Si mesmo em Corpo e Sangue, como alimento e bebida (Jo 6, 51-58); anunciarmos aos homens\/mulheres com a nossa participa\u00e7\u00e3o consciente na prociss\u00e3o do Corpo de Deus que \u00e9 Cristo em sacramento que prolonga a celebra\u00e7\u00e3o e percorre os caminhos do mundo; Cristo em sacramento que \u00e9 o sinal da unidade, o v\u00ednculo do amor, a \u00fanica for\u00e7a capaz de transformar a humanidade t\u00e3o ansiosa de reconcilia\u00e7\u00e3o e de paz. (Cf. Missal Popular Dominical, vol. I, 7\u00aa edi\u00e7\u00e3o, Gr\u00e1fica de Coimbra.<\/p>\n<p style=\"text-align: justify;\">Faz-nos bem rememorar estas maravilhas e recarregar as nossas for\u00e7as espirituais para as tarefas da vida quotidiana chamada a ser santa e a preparar com o trabalho e os frutos da terra e da videira, o p\u00e3o e o vinho da missa\/eucaristia do Senhor e do povo crist\u00e3o. Faz-nos bem sentirmos a necessidade de renovarmos a nossa participa\u00e7\u00e3o na celebra\u00e7\u00e3o e o nosso testemunho na fam\u00edlia e na sociedade.<\/p>\n<p style=\"text-align: justify;\">\u201cS\u00e3o muitos os que alimentados pela Eucaristia e ora\u00e7\u00e3o, escreve o bispo de Aveiro, Ant\u00f3nio Moiteiro, na carta pastoral \u00abDai-lhes v\u00f3s mesmos de comer\u00bb, p. 22, t\u00eam dado testemunho de verdadeira ajuda aos irm\u00e3os, mas ainda \u00e9 necess\u00e1rio converter muitos cora\u00e7\u00f5es humanos. Por medo ou por vergonha acomodamo-nos, fazendo apenas o que nos diz a nossa consci\u00eancia, descuidando aquilo aquilo que o pr\u00f3prio Jesus disse: \u00ab Se permanecerdes fi\u00e9is \u00e0 Minha palavra, diz o Senhor, sereis verdadeiramente meus disc\u00edpulos, conhecereis a verdade e a verdade vos libertar\u00e1\u201d.<\/p>\n<p style=\"text-align: justify;\">\u201cFazei isto em mem\u00f3ria de Mim\u201d. \u00c9 amor confiante, memorial agradecido, miss\u00e3o em caridade de liberta\u00e7\u00e3o humanizadora, o cora\u00e7\u00e3o da nossa f\u00e9. Jesus disse. A Igreja quer ser fiel. Sejamos coerentes.<\/p>\n","protected":false},"excerpt":{"rendered":"<p>Diz Jesus FAZEI<\/p>\n","protected":false},"author":1,"featured_media":4075,"comment_status":"closed","ping_status":"closed","sticky":false,"template":"","format":"standard","meta":{"footnotes":""},"categories":[46,91,50,14],"tags":[],"class_list":["post-4074","post","type-post","status-publish","format-standard","has-post-thumbnail","hentry","category-autores","category-olhares-ii","category-pe-georgino-rocha","category-temas-para-debate"],"_links":{"self":[{"href":"https:\/\/diocese-aveiro.pt\/cultura\/wp-json\/wp\/v2\/posts\/4074","targetHints":{"allow":["GET"]}}],"collection":[{"href":"https:\/\/diocese-aveiro.pt\/cultura\/wp-json\/wp\/v2\/posts"}],"about":[{"href":"https:\/\/diocese-aveiro.pt\/cultura\/wp-json\/wp\/v2\/types\/post"}],"author":[{"embeddable":true,"href":"https:\/\/diocese-aveiro.pt\/cultura\/wp-json\/wp\/v2\/users\/1"}],"replies":[{"embeddable":true,"href":"https:\/\/diocese-aveiro.pt\/cultura\/wp-json\/wp\/v2\/comments?post=4074"}],"version-history":[{"count":1,"href":"https:\/\/diocese-aveiro.pt\/cultura\/wp-json\/wp\/v2\/posts\/4074\/revisions"}],"predecessor-version":[{"id":4076,"href":"https:\/\/diocese-aveiro.pt\/cultura\/wp-json\/wp\/v2\/posts\/4074\/revisions\/4076"}],"wp:featuredmedia":[{"embeddable":true,"href":"https:\/\/diocese-aveiro.pt\/cultura\/wp-json\/wp\/v2\/media\/4075"}],"wp:attachment":[{"href":"https:\/\/diocese-aveiro.pt\/cultura\/wp-json\/wp\/v2\/media?parent=4074"}],"wp:term":[{"taxonomy":"category","embeddable":true,"href":"https:\/\/diocese-aveiro.pt\/cultura\/wp-json\/wp\/v2\/categories?post=4074"},{"taxonomy":"post_tag","embeddable":true,"href":"https:\/\/diocese-aveiro.pt\/cultura\/wp-json\/wp\/v2\/tags?post=4074"}],"curies":[{"name":"wp","href":"https:\/\/api.w.org\/{rel}","templated":true}]}}