{"id":3944,"date":"2018-05-08T18:35:05","date_gmt":"2018-05-08T17:35:05","guid":{"rendered":"http:\/\/diocese-aveiro.pt\/cultura\/?p=3944"},"modified":"2018-05-08T18:35:05","modified_gmt":"2018-05-08T17:35:05","slug":"festa-da-ascensao-jesus-indica-os-sinais-dos-que-acreditam","status":"publish","type":"post","link":"https:\/\/diocese-aveiro.pt\/cultura\/festa-da-ascensao-jesus-indica-os-sinais-dos-que-acreditam\/","title":{"rendered":"Festa da Ascens\u00e3o &#8211; Jesus indica os sinais dos que acreditam"},"content":{"rendered":"<h4>Festa da Ascens\u00e3o<\/h4>\n<h4 align=\"center\">JESUS INDICA OS SINAIS DOS QUE ACREDITAM<\/h4>\n<h4 style=\"text-align: center;\" align=\"right\">Pe. Georgino Rocha<\/h4>\n<h4 style=\"text-align: justify;\">O encontro de Jesus com os disc\u00edpulos, antes da Ascens\u00e3o, \u00e9 muito expressivo e encorajante: confia-lhes a sua miss\u00e3o, indica os sinais que acompanham os que acreditarem, garante-lhes companhia de coopera\u00e7\u00e3o e promete confirmar a verdade da sua ac\u00e7\u00e3o mission\u00e1ria. (Mc 16, 15-20).<\/h4>\n<h4 style=\"text-align: justify;\">A Igreja reza nos pref\u00e1cios da Festa da Ascens\u00e3o: \u201cDepois da sua ressurrei\u00e7\u00e3o, apareceu a todos os disc\u00edpulos e \u00e0 vista deles subiu aos c\u00e9us, para nos tornar participantes da sua divindade e nos dar a esperan\u00e7a de irmos um dia ao seu encontro\u201d. Esta \u00e9 a certeza que nos move. Esta \u00e9 a seiva que nos revigora e reconforta. Esta \u00e9 a alegria que nos enche, mesmo nas maiores prova\u00e7\u00f5es.<\/h4>\n<h4 style=\"text-align: justify;\">Vamos saborear a maravilha do Evangelho de hoje, seguindo de perto o complemento do livro de Marcos que faz parte da narra\u00e7\u00e3o feita por crist\u00e3os da primeira gera\u00e7\u00e3o. Jesus aparece aos disc\u00edpulos \u201cenquanto estavam a comer\u201d. A refei\u00e7\u00e3o torna comensais os participantes, alimenta as for\u00e7as, fomenta a partilha de ocorr\u00eancias, faz crescer a amizade, infunde \u00e2nimo para novas ousadias, constitui momento singular para todos experienciarem a presen\u00e7a de Jesus ressuscitado. Que grande alcance ter o comer juntos, estar sentado \u00e0 mesma mesa, escutar e dizer, celebrar \u201co magist\u00e9rio do amor\u201d como refere Enzo Bianchi, monge da comunidade de Bose. Em entrevista \u00e0 Vis\u00e3o, o te\u00f3logo italiano afirma: \u201cA mesa \u00e9 o lugar onde se iniciou a humaniza\u00e7\u00e3o, \u00e9 o lugar onde nasceu a linguagem, a palavra. Ent\u00e3o a mesa deve ser levada a s\u00e9rio. O problema \u00e9 que hoje a mesa se tornou o lugar da m\u00e1xima estranheza, quando a mesa tem a voca\u00e7\u00e3o para a m\u00e1xima comunh\u00e3o.\u201d<\/h4>\n<h4 style=\"text-align: justify;\">Jesus leva a mesa a s\u00e9rio. Hoje, censura a dureza do cora\u00e7\u00e3o, repreende a falta de aceita\u00e7\u00e3o do testemunho da sua ressurrei\u00e7\u00e3o, confidencia segredos, faz-lhes as \u00faltimas recomenda\u00e7\u00f5es, de que se destaca a boa nova\/evangelho do cuidado integral do ser humano.<\/h4>\n<h4 style=\"text-align: justify;\">Jesus credencia a ac\u00e7\u00e3o dos disc\u00edpulos com sinais acess\u00edveis e interpelantes. Em seu nome, os que acreditarem expulsar\u00e3o os dem\u00f3nios do mal, da mentira, da corrup\u00e7\u00e3o, da indiferen\u00e7a acomodada, da viol\u00eancia da consci\u00eancia, da falsidade travestida de cores de verdade, da m\u00e1-l\u00edngua. A expuls\u00e3o destes dem\u00f3nios e de muitos outros faz-se agindo em nome da s\u00e3 humanidade que brilha no proceder de Jesus confirmado ap\u00f3s a ressurrei\u00e7\u00e3o.<\/h4>\n<h4 style=\"text-align: justify;\">A Igreja assinala hoje o Dia Mundial das Comunica\u00e7\u00f5es Sociais. O Papa Francisco dirige ao mundo uma bela mensagem que tem como tema &#8220;A verdade vos tornar\u00e1 livres\u201d (Jo 8, 32). Vale a pena fazer a sua leitura completa. Destacamos apenas o par\u00e1grafo seguinte: \u201cGostaria, assim, de contribuir para o esfor\u00e7o comum de prevenir a difus\u00e3o das not\u00edcias falsas e para redescobrir o valor da profiss\u00e3o jornal\u00edstica e a responsabilidade pessoal de cada um na comunica\u00e7\u00e3o da verdade\u201d. E o Papa continua: \u201cLiberta\u00e7\u00e3o da falsidade e busca do relacionamento: eis aqui os dois ingredientes que n\u00e3o podem faltar, para que as nossas palavras e os nossos gestos sejam verdadeiros, aut\u00eanticos e fi\u00e1veis\u2026 A verdade brota de rela\u00e7\u00f5es livres entre as pessoas, na escuta rec\u00edproca\u201d.<\/h4>\n<h4 style=\"text-align: justify;\">Em nome de Jesus, os que acreditarem falar\u00e3o novas l\u00ednguas do amor que sabe manter-se livre para melhor servir, da doa\u00e7\u00e3o ao desenvolvimento integral de cada pessoa e de toda a humanidade, do cuidado da natureza que geme por todos os lados, da paix\u00e3o mission\u00e1ria, da honestidade leal e firme na vida familiar e profissional, da coragem de viver a f\u00e9 que pode ser selada pelo mart\u00edrio. O mundo necessita de novas linguagens. E a Igreja pode oferec\u00ea-las sempre que seja fiel ao Evangelho e credencie o seu agir pela pr\u00e1tica da caridade, o amor por excel\u00eancia.<\/h4>\n<h4 style=\"text-align: justify;\">Recentemente Macron, presidente da rep\u00fablica de Fran\u00e7a, na assembleia dos bispos deste pa\u00eds, fez um discurso onde refundou a laicidade. Do programa constava tamb\u00e9m uma interven\u00e7\u00e3o da Igreja que foi feita \u201cpondo a falar tr\u00eas pessoas: uma pessoa com defici\u00eancia que vive numa comunidade Arca, uma pessoa de um movimento similar com pessoas sem-abrigo e outro elemento das Confer\u00eancias Vicentinas\u201d. E conclui o P. Jos\u00e9 Nuno, do Santu\u00e1rio de F\u00e1tima: \u201cA Igreja, quando tem de marcar presen\u00e7a e mostrar quem \u00e9, p\u00f5e a falar a caridade\u201d.<\/h4>\n<h4 style=\"text-align: justify;\">Em nome de Jesus os que acreditarem curar\u00e3o os doentes colocando sobre eles as m\u00e3os de b\u00ean\u00e7\u00e3o e de proximidade, de ac\u00e7\u00e3o benfazeja e dedicada, de envolvimento e calor. M\u00e3os que geram vida e a cuidam, defendendo-a de agressores insinuantes e leis in\u00edquas, sobretudo na aurora do in\u00edcio e no entardecer do ocaso. M\u00e3os de cuidado materno. M\u00e3os de solicitude paterna. M\u00e3os apoiadas no direito \u00e0 vida que toda a lei justa deve proteger e promover, criando condi\u00e7\u00f5es favor\u00e1veis ao \u00eaxito da sua realiza\u00e7\u00e3o.<\/h4>\n<h4 style=\"text-align: justify;\">Hoje a Igreja inicia a semana em defesa da vida humana. Da mensagem dos nossos Bispos, retiramos as seguintes afirma\u00e7\u00f5es: \u201cO direito \u00e0 vida \u00e9 indispon\u00edvel, como o s\u00e3o outros direitos humanos fundamentais, express\u00e3o do valor objetivo da dignidade da pessoa humana. Tamb\u00e9m n\u00e3o podem justificar-se, mesmo com o consentimento da v\u00edtima, a escravatura, o trabalho em condi\u00e7\u00f5es desumanas ou um atentado \u00e0 sa\u00fade, por exemplo.<\/h4>\n<h4 style=\"text-align: justify;\">Por outro lado, nunca \u00e9 absolutamente seguro que se respeita a vontade aut\u00eantica de uma pessoa que pede a eutan\u00e1sia. Nunca pode haver a garantia absoluta de que o pedido de eutan\u00e1sia \u00e9 verdadeiramente livre, inequ\u00edvoco e irrevers\u00edvel\u201d. \u00c9 preciso intensificar a qualidade dos cuidados paliativos.<\/h4>\n<h4 style=\"text-align: justify;\">Os sinais de um s\u00e3o humanismos coincidem com os de uma f\u00e9 aut\u00eantica. A realidade n\u00e3o pode ser desfocada e o n\u00edvel \u00e9tico reduzido ao m\u00ednimo. A festa da Ascens\u00e3o de Jesus aponta claramente outro horizonte.<\/h4>\n","protected":false},"excerpt":{"rendered":"<p>Festa da Ascens\u00e3o<\/p>\n","protected":false},"author":1,"featured_media":3945,"comment_status":"closed","ping_status":"closed","sticky":false,"template":"","format":"standard","meta":{"footnotes":""},"categories":[46,91,50,14],"tags":[],"class_list":["post-3944","post","type-post","status-publish","format-standard","has-post-thumbnail","hentry","category-autores","category-olhares-ii","category-pe-georgino-rocha","category-temas-para-debate"],"_links":{"self":[{"href":"https:\/\/diocese-aveiro.pt\/cultura\/wp-json\/wp\/v2\/posts\/3944","targetHints":{"allow":["GET"]}}],"collection":[{"href":"https:\/\/diocese-aveiro.pt\/cultura\/wp-json\/wp\/v2\/posts"}],"about":[{"href":"https:\/\/diocese-aveiro.pt\/cultura\/wp-json\/wp\/v2\/types\/post"}],"author":[{"embeddable":true,"href":"https:\/\/diocese-aveiro.pt\/cultura\/wp-json\/wp\/v2\/users\/1"}],"replies":[{"embeddable":true,"href":"https:\/\/diocese-aveiro.pt\/cultura\/wp-json\/wp\/v2\/comments?post=3944"}],"version-history":[{"count":1,"href":"https:\/\/diocese-aveiro.pt\/cultura\/wp-json\/wp\/v2\/posts\/3944\/revisions"}],"predecessor-version":[{"id":3946,"href":"https:\/\/diocese-aveiro.pt\/cultura\/wp-json\/wp\/v2\/posts\/3944\/revisions\/3946"}],"wp:featuredmedia":[{"embeddable":true,"href":"https:\/\/diocese-aveiro.pt\/cultura\/wp-json\/wp\/v2\/media\/3945"}],"wp:attachment":[{"href":"https:\/\/diocese-aveiro.pt\/cultura\/wp-json\/wp\/v2\/media?parent=3944"}],"wp:term":[{"taxonomy":"category","embeddable":true,"href":"https:\/\/diocese-aveiro.pt\/cultura\/wp-json\/wp\/v2\/categories?post=3944"},{"taxonomy":"post_tag","embeddable":true,"href":"https:\/\/diocese-aveiro.pt\/cultura\/wp-json\/wp\/v2\/tags?post=3944"}],"curies":[{"name":"wp","href":"https:\/\/api.w.org\/{rel}","templated":true}]}}