{"id":3940,"date":"2018-05-08T11:29:33","date_gmt":"2018-05-08T10:29:33","guid":{"rendered":"http:\/\/diocese-aveiro.pt\/cultura\/?p=3940"},"modified":"2018-05-08T11:29:51","modified_gmt":"2018-05-08T10:29:51","slug":"rumo-ao-congresso-eucaristico-esperanca-eucaristia-missao-5","status":"publish","type":"post","link":"https:\/\/diocese-aveiro.pt\/cultura\/rumo-ao-congresso-eucaristico-esperanca-eucaristia-missao-5\/","title":{"rendered":"Rumo ao Congresso Eucar\u00edstico &#8211; Esperan\u00e7a, Eucaristia, Miss\u00e3o 5"},"content":{"rendered":"<p style=\"font-weight: 400; text-align: center;\"><strong>RUMO AO CONGRESSO EUCAR\u00cdSTICO<\/strong><\/p>\n<p style=\"font-weight: 400; text-align: center;\"><strong>ESPERAN\u00c7A, EUCARISTIA, MISS\u00c3O\u00a0 5<\/strong><\/p>\n<p style=\"font-weight: 400; text-align: center;\"><strong>Pe. Georgino Rocha<\/strong><\/p>\n<p style=\"font-weight: 400; text-align: justify;\"><strong>A esperan\u00e7a e a alegria da miss\u00e3o<\/strong><\/p>\n<p style=\"font-weight: 400; text-align: justify;\"><strong>\u201cSede alegres na esperan\u00e7a\u201d, recomenda S. Paulo aos crist\u00e3os de Roma perseguidos pelo poder pol\u00edtico e necessitados de refor\u00e7ar as rela\u00e7\u00f5es dentro e fora da comunidade. E acrescenta outras de grande valor para dar testemunho da f\u00e9 operativa.<\/strong><\/p>\n<p style=\"font-weight: 400; text-align: justify;\"><strong>Que alegria ter\u00e3o sentido os disc\u00edpulos de Ema\u00fas ao encontrarem a comunidade de Jerusal\u00e9m em assembleia! E que como\u00e7\u00e3o ao verem confirmada a novidade surpreendente do fazer caminho e estar \u00e0 mesa com Jesus ressuscitado! E ao poderem partilhar a experi\u00eancia por eles vivida: \u201cContaram o que tinha acontecido no caminho, e como tinham reconhecido Jesus quando Ele partiu o p\u00e3o\u201d. Que conforto rec\u00edproco ter\u00e3o saboreado!<\/strong><\/p>\n<p style=\"font-weight: 400; text-align: justify;\"><strong>Agora, um novo la\u00e7o os une. Al\u00e9m do sangue familiar, entre alguns, da mem\u00f3ria agradecida de uma hist\u00f3ria comum nos caminhos da Galileia e noutras terras, da amizade alimentada em conv\u00edvios e conversas, surge o facto novo que a todos entusiasma: O de serem constitu\u00eddos testemunhas de Jesus ressuscitado, de beneficiarem da gra\u00e7a da sua apari\u00e7\u00e3o, de receberem o encargo do seu an\u00fancio at\u00e9 aos confins da terra, a come\u00e7ar por Jerusal\u00e9m (Lc 24, 40). E de contarem sempre com o Esp\u00edrito Santo, o prometido por Deus Pai: \u201cPor isso, esperai na cidade, at\u00e9 que sejais revestidos da for\u00e7a do alto\u201d.<\/strong><\/p>\n<p style=\"font-weight: 400; text-align: justify;\"><strong>Que conforto psicol\u00f3gico e espiritual lhes ter\u00e1 advindo deste regresso \u00e0 cidade, testemunha do processo in\u00edquo, onde tem de recome\u00e7ar a nova etapa da evangeliza\u00e7\u00e3o. Em Igreja, claro! Etapa que prossegue ao longo da hist\u00f3ria. Etapa em\u00a0curso na busca de novos rostos e novas ousadias, novos m\u00e9todos e novas atitudes. Etapa que brota da eucaristia celebra\u00e7\u00e3o para chegar \u00e0 eucaristia miss\u00e3o.\u00a0\u00a0<\/strong><\/p>\n<p style=\"font-weight: 400; text-align: justify;\"><strong>O Papa Francisco lembra que: \u201cA morada natural da esperan\u00e7a \u00e9 um \u00abcorpo\u00bb solid\u00e1rio, no caso da esperan\u00e7a crist\u00e3 este corpo \u00e9 a Igreja, enquanto o sopro vital, a alma desta esperan\u00e7a \u00e9 o Esp\u00edrito Santo. Sem o Esp\u00edrito Santo n\u00e3o se pode ter esperan\u00e7a\u201d.\u00a0<\/strong><\/p>\n","protected":false},"excerpt":{"rendered":"<p>RUMO AO CONGRESSO<\/p>\n","protected":false},"author":1,"featured_media":3941,"comment_status":"closed","ping_status":"closed","sticky":false,"template":"","format":"standard","meta":{"footnotes":""},"categories":[46,91,50,14],"tags":[],"class_list":["post-3940","post","type-post","status-publish","format-standard","has-post-thumbnail","hentry","category-autores","category-olhares-ii","category-pe-georgino-rocha","category-temas-para-debate"],"_links":{"self":[{"href":"https:\/\/diocese-aveiro.pt\/cultura\/wp-json\/wp\/v2\/posts\/3940","targetHints":{"allow":["GET"]}}],"collection":[{"href":"https:\/\/diocese-aveiro.pt\/cultura\/wp-json\/wp\/v2\/posts"}],"about":[{"href":"https:\/\/diocese-aveiro.pt\/cultura\/wp-json\/wp\/v2\/types\/post"}],"author":[{"embeddable":true,"href":"https:\/\/diocese-aveiro.pt\/cultura\/wp-json\/wp\/v2\/users\/1"}],"replies":[{"embeddable":true,"href":"https:\/\/diocese-aveiro.pt\/cultura\/wp-json\/wp\/v2\/comments?post=3940"}],"version-history":[{"count":2,"href":"https:\/\/diocese-aveiro.pt\/cultura\/wp-json\/wp\/v2\/posts\/3940\/revisions"}],"predecessor-version":[{"id":3943,"href":"https:\/\/diocese-aveiro.pt\/cultura\/wp-json\/wp\/v2\/posts\/3940\/revisions\/3943"}],"wp:featuredmedia":[{"embeddable":true,"href":"https:\/\/diocese-aveiro.pt\/cultura\/wp-json\/wp\/v2\/media\/3941"}],"wp:attachment":[{"href":"https:\/\/diocese-aveiro.pt\/cultura\/wp-json\/wp\/v2\/media?parent=3940"}],"wp:term":[{"taxonomy":"category","embeddable":true,"href":"https:\/\/diocese-aveiro.pt\/cultura\/wp-json\/wp\/v2\/categories?post=3940"},{"taxonomy":"post_tag","embeddable":true,"href":"https:\/\/diocese-aveiro.pt\/cultura\/wp-json\/wp\/v2\/tags?post=3940"}],"curies":[{"name":"wp","href":"https:\/\/api.w.org\/{rel}","templated":true}]}}