{"id":3929,"date":"2018-05-04T19:40:45","date_gmt":"2018-05-04T18:40:45","guid":{"rendered":"http:\/\/diocese-aveiro.pt\/cultura\/?p=3929"},"modified":"2018-05-04T19:40:45","modified_gmt":"2018-05-04T18:40:45","slug":"icone-de-santa-joana","status":"publish","type":"post","link":"https:\/\/diocese-aveiro.pt\/cultura\/icone-de-santa-joana\/","title":{"rendered":"\u00cdCONE DE SANTA JOANA"},"content":{"rendered":"<p><strong>\u00cdCONE DE SANTA JOANA<\/strong><\/p>\n<p style=\"text-align: right;\">(Artigo recolhido do site da <a href=\"http:\/\/www.diocese-aveiro.pt\/v2\/?p=16480\" target=\"_blank\" rel=\"noopener\">Diocese de Aveiro<\/a>)<\/p>\n<p style=\"text-align: justify;\">Partindo do desejo do nosso Bispo, veio \u00e0 luz o \u00cdcone de Santa Joana, Padroeira de Aveiro. De que se trata?<\/p>\n<p style=\"text-align: justify;\">A palavra \u00ab\u00edcone\u00bb \u2013\u00a0<em>icona, ikona<\/em>\u00a0\u2013\u00a0do russo \u2013\u00a0vem do grego\u00a0<em>eikona<\/em>\u00a0(<em>Eikon<\/em>) que significa simplesmente\u00a0<em>imagem<\/em>. Trata-se de uma das express\u00f5es de arte sacra mais antiga e com menos altera\u00e7\u00f5es ao longo do tempo. N\u00e3o se tratando de uma simples pintura, o \u00edcone mostra uma relevante carga simb\u00f3lica, em que nada surge por mero acaso. S\u00f3 assim se entendem os pormenores, detalhes, posi\u00e7\u00e3o dos corpos, estilo dos cabelos, de vestu\u00e1rio, de fundos, de ornamentos, luzes e de sombras, componentes do nosso \u00cdcone. Tudo \u00e9 feito para possibilitar a contempla\u00e7\u00e3o e o di\u00e1logo entre o crente e o mist\u00e9rio divino escrito no \u00cdcone, pois como nos diz a autora da presente obra: \u201co\u00a0<em>\u00cdcone da Santa Joana<\/em>\u00a0foi elaborado ap\u00f3s profunda ora\u00e7\u00e3o e estudo sobre a sua vida\u201d.<\/p>\n<p style=\"text-align: justify;\">Passemos, agora, \u00e0\u00a0<em><strong>descri\u00e7\u00e3o deste \u00cdcone<\/strong><\/em>, por meio das palavras da escritora deste \u00cdcone, T\u00e2nia Pires:<\/p>\n<p style=\"text-align: justify;\">Santa Joana \u00e9 representada com o h\u00e1bito da congrega\u00e7\u00e3o Dominicana, com quem viveu na vida entregue a Deus, \u00e0 comunidade e aos mais pobres. Na m\u00e3o esquerda segura o\u00a0<em>Crucifixo<\/em>\u00a0e na m\u00e3o direita o\u00a0<em>p\u00e3o<\/em>, que representa todo o alimento e toda a aten\u00e7\u00e3o que Santa Joana partilhou com os pobres ao longo da sua vida. Dos\u00a0<em>tr\u00eas mendigos<\/em>\u00a0representados (que simbolizam toda a pobreza da cidade), perto da muralha (que representam a cidade de Aveiro), podemos deduzir que era Santa Joana que\u00a0<em>ia ao encontro<\/em>\u00a0dos mais necessitados, dando a sua vida, transmitindo o amor, a f\u00e9, a esperan\u00e7a e a Palavra Viva.<\/p>\n<p style=\"text-align: justify;\">Santa Joana seguiu sempre a sua intui\u00e7\u00e3o, voz e vontade mais profunda de Deus, sem hesitar. E, contra todas as vontades externas, recusou tr\u00eas casamentos representados no \u00cdcone pelas\u00a0<em>tr\u00eas coroas<\/em>. A\u00a0<em>\u00e1gua\u00a0<\/em>representa a sua cidade, a sua \u00abpequena Lisboa\u00bb, Aveiro, e o\u00a0<em>edif\u00edcio<\/em>\u00a0por detr\u00e1s de Santa Joana, a casa de Deus, o convento onde ela entregou a sua vida. A sua frase\u00a0<em>\u201cAmar a Deus \u00e9 servir\u201d<\/em>, verdadeiro lema da Santa Joana integra o \u00cdcone, o qual t\u00e3o bem caracteriza a sua vida, pelo servi\u00e7o e entrega constantes ao mundo e a quem mais necessitava, modelo para os seus devotos. Santa Joana morreu muito nova, da\u00ed o seu\u00a0<em>rosto<\/em>\u00a0ser representado sob uma forma jovial e serena. \u00c9 um \u00cdcone bastante completo que caracteriza toda a riqueza da sua vida, podendo ser contemplado e rezado dessa forma.<\/p>\n<p style=\"text-align: justify;\">\u00c9, sem d\u00favida, uma obra que nasceu do estudo e da ora\u00e7\u00e3o, destinando-se a facilitar o nosso di\u00e1logo com Santa Joana Princesa, nossa Padroeira, uma vez que continua, ainda hoje, a ser modelo de vida para todos os crist\u00e3os.<\/p>\n<p style=\"text-align: justify;\">Para que esta contempla\u00e7\u00e3o e di\u00e1logo seja poss\u00edvel, decidimos reproduzir este \u00cdcone e coloc\u00e1-lo ao dispor de todos, podendo-se encontrar \u00e0 venda na Livraria de Santa Joana, a partir da primeira semana do m\u00eas de Maio.<\/p>\n","protected":false},"excerpt":{"rendered":"<p>\u00cdCONE DE SANTA<\/p>\n","protected":false},"author":1,"featured_media":3930,"comment_status":"closed","ping_status":"closed","sticky":false,"template":"","format":"standard","meta":{"footnotes":""},"categories":[11,8,10],"tags":[],"class_list":["post-3929","post","type-post","status-publish","format-standard","has-post-thumbnail","hentry","category-acontece","category-em-cartaz","category-noticias"],"_links":{"self":[{"href":"https:\/\/diocese-aveiro.pt\/cultura\/wp-json\/wp\/v2\/posts\/3929","targetHints":{"allow":["GET"]}}],"collection":[{"href":"https:\/\/diocese-aveiro.pt\/cultura\/wp-json\/wp\/v2\/posts"}],"about":[{"href":"https:\/\/diocese-aveiro.pt\/cultura\/wp-json\/wp\/v2\/types\/post"}],"author":[{"embeddable":true,"href":"https:\/\/diocese-aveiro.pt\/cultura\/wp-json\/wp\/v2\/users\/1"}],"replies":[{"embeddable":true,"href":"https:\/\/diocese-aveiro.pt\/cultura\/wp-json\/wp\/v2\/comments?post=3929"}],"version-history":[{"count":2,"href":"https:\/\/diocese-aveiro.pt\/cultura\/wp-json\/wp\/v2\/posts\/3929\/revisions"}],"predecessor-version":[{"id":3932,"href":"https:\/\/diocese-aveiro.pt\/cultura\/wp-json\/wp\/v2\/posts\/3929\/revisions\/3932"}],"wp:featuredmedia":[{"embeddable":true,"href":"https:\/\/diocese-aveiro.pt\/cultura\/wp-json\/wp\/v2\/media\/3930"}],"wp:attachment":[{"href":"https:\/\/diocese-aveiro.pt\/cultura\/wp-json\/wp\/v2\/media?parent=3929"}],"wp:term":[{"taxonomy":"category","embeddable":true,"href":"https:\/\/diocese-aveiro.pt\/cultura\/wp-json\/wp\/v2\/categories?post=3929"},{"taxonomy":"post_tag","embeddable":true,"href":"https:\/\/diocese-aveiro.pt\/cultura\/wp-json\/wp\/v2\/tags?post=3929"}],"curies":[{"name":"wp","href":"https:\/\/api.w.org\/{rel}","templated":true}]}}