{"id":3692,"date":"2018-03-27T11:40:30","date_gmt":"2018-03-27T10:40:30","guid":{"rendered":"http:\/\/diocese-aveiro.pt\/cultura\/?p=3692"},"modified":"2018-03-27T11:42:54","modified_gmt":"2018-03-27T10:42:54","slug":"o-pastor-seja-o-primeiro-na-acao-na-contemplacao-no-silencio-e-proximo-de-todos-pela-compaixao","status":"publish","type":"post","link":"https:\/\/diocese-aveiro.pt\/cultura\/o-pastor-seja-o-primeiro-na-acao-na-contemplacao-no-silencio-e-proximo-de-todos-pela-compaixao\/","title":{"rendered":"\u00abO pastor seja o primeiro na a\u00e7\u00e3o, na contempla\u00e7\u00e3o, no sil\u00eancio e pr\u00f3ximo de todos pela compaix\u00e3o\u00bb"},"content":{"rendered":"<p><strong>Em mem\u00f3ria de D. Ant\u00f3nio dos Santos<\/strong><\/p>\n<p><strong>\u00abO pastor seja o primeiro na a\u00e7\u00e3o, na contempla\u00e7\u00e3o, no sil\u00eancio e pr\u00f3ximo de todos pela compaix\u00e3o\u00bb<\/strong><\/p>\n<p><img loading=\"lazy\" decoding=\"async\" class=\"wp-image-3693 alignleft\" src=\"https:\/\/diocese-aveiro.pt\/cultura\/wp-content\/uploads\/2018\/03\/IMG_0250_low-683x1024.jpg\" alt=\"\" width=\"307\" height=\"460\" srcset=\"https:\/\/diocese-aveiro.pt\/cultura\/wp-content\/uploads\/2018\/03\/IMG_0250_low-683x1024.jpg 683w, https:\/\/diocese-aveiro.pt\/cultura\/wp-content\/uploads\/2018\/03\/IMG_0250_low-200x300.jpg 200w, https:\/\/diocese-aveiro.pt\/cultura\/wp-content\/uploads\/2018\/03\/IMG_0250_low-768x1152.jpg 768w, https:\/\/diocese-aveiro.pt\/cultura\/wp-content\/uploads\/2018\/03\/IMG_0250_low-600x900.jpg 600w, https:\/\/diocese-aveiro.pt\/cultura\/wp-content\/uploads\/2018\/03\/IMG_0250_low.jpg 960w\" sizes=\"auto, (max-width: 307px) 100vw, 307px\" \/><\/p>\n<p style=\"text-align: justify;\">Esta frase do livro\u00a0<em>Est\u00edmulo de Pastores<\/em>, do Beato frei Bartolomeu dos M\u00e1rtires, define, de uma forma muito expressiva, a vida, o sacerd\u00f3cio e o episcopado de Senhor D. Ant\u00f3nio dos Santos.<\/p>\n<p style=\"text-align: justify;\">Ordenado sacerdote em 1 de julho de 1956, em Albergaria-A-Velha, foi coadjutor na par\u00f3quia da Branca e p\u00e1roco de Oi\u00e3 e \u00cdlhavo. Em sete de abril de 1976 foi ordenado bispo auxiliar do Senhor D. Manuel de Almeida Trindade e em 2 de fevereiro de 1980 tomou posse como bispo da Guarda. Resignou, por motivos de doen\u00e7a, a 1 de dezembro de 2005, vindo a falecer, na Guarda, no dia 26 de mar\u00e7o deste ano.<\/p>\n<p style=\"text-align: justify;\">Da sua extensa atividade apost\u00f3lica, quer em terras de Aveiro quer na Guarda, onde foi bispo ao longo de vinte e cinco anos, destaco o seu amor \u00e0s voca\u00e7\u00f5es sacerdotais e de consagra\u00e7\u00e3o, apelando constantemente \u00e0s comunidades crist\u00e3s a darem as m\u00e3os nesta causa de primeira import\u00e2ncia na Igreja.<\/p>\n<p style=\"text-align: justify;\">Os testemunhos que vou ouvindo do seu amor pelas voca\u00e7\u00f5es nas v\u00e1rias par\u00f3quias onde exerceu o seu minist\u00e9rio sacerdotal e, sobretudo, a sua a\u00e7\u00e3o na Diocese da Guarda \u2013 onde ordenou mais de quatro dezenas de sacerdotes, dos quais eu sou um deles \u2013 manifestam o seu amor \u00e0 Igreja e a sua preocupa\u00e7\u00e3o pelo futuro das comunidades crist\u00e3s. Ainda estou a ouvi-lo pedir \u00e0s par\u00f3quias o seu compromisso por esta causa e a cadeia de ora\u00e7\u00f5es que ele intensificou na Diocese. Afirmava, no momento das ordena\u00e7\u00f5es, que os maiores benfeitores da Diocese eram as fam\u00edlias que davam o melhor que tinham, isto \u00e9, os seus filhos.<\/p>\n<p style=\"text-align: justify;\">Viveu uma vida simples e austera, e para aqueles que o conhecemos mais de perto fica a sua amizade, o seu zelo de pastor e a espiritualidade profunda que transmitia a todos n\u00f3s.<\/p>\n<p style=\"text-align: justify;\">Senhor D. Ant\u00f3nio: Junto de Jesus, o centro da sua vida, e de Maria, a quem tanto amava, interceda pelos semin\u00e1rios e sacerdotes de Aveiro e da Guarda para que sejamos pastores segundo o cora\u00e7\u00e3o misericordioso de Deus.<\/p>\n<p style=\"text-align: justify;\">+ Ant\u00f3nio Manuel Moiteiro Ramos, Bispo de Aveiro.<\/p>\n<hr \/>\n<p style=\"text-align: justify;\">O funeral ser\u00e1 na Catedral da Guarda, esta quarta-feira, \u00e0s 15h00, e \u00e0s 18h30 celebramos a eucaristia na par\u00f3quia de Santo Ant\u00f3nio de Vagos, sendo sepultado no cemit\u00e9rio local.<\/p>\n","protected":false},"excerpt":{"rendered":"<p>Em mem\u00f3ria de<\/p>\n","protected":false},"author":1,"featured_media":3694,"comment_status":"closed","ping_status":"closed","sticky":false,"template":"","format":"standard","meta":{"footnotes":""},"categories":[11,46,47,10,91,70],"tags":[],"class_list":["post-3692","post","type-post","status-publish","format-standard","has-post-thumbnail","hentry","category-acontece","category-autores","category-d-antonio-manuel-moiteiro-ramos","category-noticias","category-olhares-ii","category-para-memoria"],"_links":{"self":[{"href":"https:\/\/diocese-aveiro.pt\/cultura\/wp-json\/wp\/v2\/posts\/3692","targetHints":{"allow":["GET"]}}],"collection":[{"href":"https:\/\/diocese-aveiro.pt\/cultura\/wp-json\/wp\/v2\/posts"}],"about":[{"href":"https:\/\/diocese-aveiro.pt\/cultura\/wp-json\/wp\/v2\/types\/post"}],"author":[{"embeddable":true,"href":"https:\/\/diocese-aveiro.pt\/cultura\/wp-json\/wp\/v2\/users\/1"}],"replies":[{"embeddable":true,"href":"https:\/\/diocese-aveiro.pt\/cultura\/wp-json\/wp\/v2\/comments?post=3692"}],"version-history":[{"count":3,"href":"https:\/\/diocese-aveiro.pt\/cultura\/wp-json\/wp\/v2\/posts\/3692\/revisions"}],"predecessor-version":[{"id":3697,"href":"https:\/\/diocese-aveiro.pt\/cultura\/wp-json\/wp\/v2\/posts\/3692\/revisions\/3697"}],"wp:featuredmedia":[{"embeddable":true,"href":"https:\/\/diocese-aveiro.pt\/cultura\/wp-json\/wp\/v2\/media\/3694"}],"wp:attachment":[{"href":"https:\/\/diocese-aveiro.pt\/cultura\/wp-json\/wp\/v2\/media?parent=3692"}],"wp:term":[{"taxonomy":"category","embeddable":true,"href":"https:\/\/diocese-aveiro.pt\/cultura\/wp-json\/wp\/v2\/categories?post=3692"},{"taxonomy":"post_tag","embeddable":true,"href":"https:\/\/diocese-aveiro.pt\/cultura\/wp-json\/wp\/v2\/tags?post=3692"}],"curies":[{"name":"wp","href":"https:\/\/api.w.org\/{rel}","templated":true}]}}