{"id":3499,"date":"2018-02-24T00:06:22","date_gmt":"2018-02-24T00:06:22","guid":{"rendered":"http:\/\/diocese-aveiro.pt\/cultura\/?p=3499"},"modified":"2018-02-24T00:06:22","modified_gmt":"2018-02-24T00:06:22","slug":"viver-a-caridade-na-alegria-da-misericordia","status":"publish","type":"post","link":"https:\/\/diocese-aveiro.pt\/cultura\/viver-a-caridade-na-alegria-da-misericordia\/","title":{"rendered":"Viver a caridade na alegria da miseric\u00f3rdia"},"content":{"rendered":"<h3 style=\"text-align: center;\"><strong>Mensagem para a Quaresma de 2018<\/strong><\/h3>\n<p style=\"text-align: center;\"><strong>\u00a0<\/strong><strong>Viver a caridade na alegria da miseric\u00f3rdia<\/strong><\/p>\n<p><strong>\u00a01.\u00a0<\/strong><strong>\u201cJesus viu e compadeceu-se\u201d<\/strong>\u00a0<em>(Mc 6,4-44)<\/em><\/p>\n<p>A caminhada quaresmal da nossa Diocese de Aveiro insere-se no objetivo geral do Plano Diocesano para este ano pastoral:\u00a0<em>Promover uma Igreja Diocesana que vive a caridade na alegria da miseric\u00f3rdia, consciente de que o exerc\u00edcio da caridade \u00e9 pr\u00f3prio do ser da Igreja e est\u00e1 alicer\u00e7ado no seguimento de Jesus<\/em>.<\/p>\n<p>O lema: \u00abJesus viu e compadeceu-se\u00bb resume o sentido profundo do texto b\u00edblico da \u201cmultiplica\u00e7\u00e3o dos p\u00e3es\u201d, que nos ensina o que significa ser disc\u00edpulo de Jesus \u2013 aprender com Ele a ver, a olhar com amor, a ensinar, a agir, tentando ajudar os outros com os meios de que disp\u00f5e.<\/p>\n<p>A Quaresma exige mudan\u00e7a de vida, que n\u00e3o \u00e9 um simples fazer penit\u00eancia, mas uma verdadeira convers\u00e3o (metanoia). Esta exige mudar de vida, de caminho, de horizonte, de mentalidade. Converter-se n\u00e3o consiste em vestir-se de saco e de cinza, mas sim uma atitude nova, uma mentalidade criativa. Acreditar \u00e9 confiar nas \u201cboas not\u00edcias\u201d que chegam at\u00e9 n\u00f3s da parte de Deus. Esta \u00e9 a convers\u00e3o primeira e fundamental. Sem isto n\u00e3o h\u00e1 convers\u00e3o, mesmo que nos revistamos de sinais exteriores de penit\u00eancia.<\/p>\n<p>Quais s\u00e3o as dimens\u00f5es da convers\u00e3o a que devemos dar aten\u00e7\u00e3o e que devem estar presentes na caminhada quaresmal?<\/p>\n<p><strong>Convers\u00e3o de mentalidade.<\/strong>\u00a0N\u00e3o h\u00e1 mudan\u00e7a poss\u00edvel sem que mudemos a nossa mentalidade e passemos a pensar de outra maneira. Para mudarmos a mentalidade, isto \u00e9, para come\u00e7armos a pensar de outra forma mais de acordo com o Evangelho de Jesus \u00e9 necess\u00e1rio que todos percorramos caminhos de forma\u00e7\u00e3o e de estudo. Mudar a mentalidade \u00e9 um processo longo que se faz com estudo, medita\u00e7\u00e3o da Palavra de Deus e muita ora\u00e7\u00e3o.<\/p>\n<p>Ao longo deste ano pastoral, a nossa Diocese prop\u00f5e uma s\u00e9rie de temas, sob a forma de\u00a0<em>lectio divina<\/em>, do Evangelho de S. Marcos. Este tempo \u00e9 prop\u00edcio \u00e0 constitui\u00e7\u00e3o de grupos para o estudo de S. Marcos e para descobrirmos a beleza do encontro com Cristo vivo e ressuscitado:\u00a0<em>\u00abA Palavra possui, em si mesma, uma tal potencialidade, que n\u00e3o a podemos prever. O Evangelho fala da semente que, uma vez lan\u00e7ada \u00e0 terra, cresce por si mesma, inclusive quando o agricultor dorme\u00bb<\/em>\u00a0(EG 22).<\/p>\n<p><strong>Convers\u00e3o do cora\u00e7\u00e3o<\/strong>. N\u00e3o basta mudar de mentalidade, \u00e9 necess\u00e1rio come\u00e7ar a apreciar a vida de outra forma, a saber escolher umas coisas em favor de outras. O an\u00fancio de Jesus causa, pois, alegria em quem o escuta: converter-se ao reino de Deus imp\u00f5e necessariamente a alegria de viver, enquanto se aguarda a sua chegada. A alegria \u00e9 a forma de vida do evangelizador e a tristeza \u00e9 sinal evidente do n\u00e3o-evangelizado. A convers\u00e3o nasce n\u00e3o tanto do querer ser melhor, mas da certeza de que Deus, o Bem por excel\u00eancia, est\u00e1 em n\u00f3s. \u00c9 a sua vinda iminente aquela que exige uma radical transforma\u00e7\u00e3o do cora\u00e7\u00e3o: quem n\u00e3o muda, n\u00e3o espera a Sua vinda. Acreditar no Evangelho implica n\u00e3o aceitar apenas que Deus esteja a caminho, mas tamb\u00e9m deixar os nossos caminhos e tomar aquele pelo qual Deus vem at\u00e9 n\u00f3s.<\/p>\n<p><strong>Convers\u00e3o a um novo estilo de vida<\/strong>. Um novo estilo de vida era o que encontravam nos primeiros s\u00e9culos aqueles que se aproximavam de um grupo de crist\u00e3os. \u00c9 aqui que devemos situar a influ\u00eancia da pr\u00e1xis caritativa das primeiras comunidades crist\u00e3s na miss\u00e3o evangelizadora da Igreja nascente. A convers\u00e3o que selava a incorpora\u00e7\u00e3o ao grupo dos crist\u00e3os \u2013 que tinham um s\u00f3 cora\u00e7\u00e3o e uma s\u00f3 alma \u2013 n\u00e3o se fazia apenas pelo an\u00fancio de uma mensagem, mas pelo contacto com estes disc\u00edpulos que viviam de acordo com o que praticavam. Esta rela\u00e7\u00e3o pessoal e a experi\u00eancia vital das obras de amor que praticavam, foi para muitos o caminho para descobrir a verdade do Evangelho e a motiva\u00e7\u00e3o inicial para o viver. Tal como afirmei na Carta Pastoral\u00a0<em>Dai-lhes v\u00f3s mesmos de comer<\/em>,\u00a0<em>\u00aba caridade de Jesus, enraizada no amor do Pai, \u00e9, portanto, a norma, a fonte e a medida da caridade da Igreja. Viv\u00ea-la sup\u00f5e uma reorienta\u00e7\u00e3o da vida e da a\u00e7\u00e3o de cada um de n\u00f3s, das nossas comunidades crist\u00e3s e movimentos apost\u00f3licos, de toda a nossa Igreja diocesana\u00bb<\/em>\u00a0(n\u00ba 6).<\/p>\n<p>&nbsp;<\/p>\n<p><strong>2. O fogo da P\u00e1scoa<\/strong><\/p>\n<p>Na mensagem do Papa Francisco para a Quaresma deste ano \u2013\u00a0<em>Porque se multiplicar\u00e1 a iniquidade, vai resfriar o amor de muitos (Mt 24, 12)\u00a0<\/em>\u2013 prop\u00f5em-se alguns meios que julgo necess\u00e1rios para as nossas comunidades crist\u00e3s: \u00ab<em>Convido, sobretudo os membros da Igreja, a empreender com ardor o caminho da Quaresma, apoiados na esmola, no jejum e na ora\u00e7\u00e3o. Se por vezes parece apagar-se em muitos cora\u00e7\u00f5es o amor, este n\u00e3o se apaga no cora\u00e7\u00e3o de Deus! Ele d\u00e1-nos sempre novas ocasi\u00f5es para podermos recome\u00e7ar a amar<\/em>\u00bb.<\/p>\n<p>&nbsp;<\/p>\n<p><strong>Ora\u00e7\u00e3o<\/strong>\u00a0\u2013 As nossas comunidades crist\u00e3s t\u00eam de crescer na qualidade da ora\u00e7\u00e3o, onde a Palavra de Deus tenha um lugar privilegiado na ora\u00e7\u00e3o comunit\u00e1ria e na ora\u00e7\u00e3o pessoal. Nenhum crist\u00e3o da nossa Diocese deveria chegar \u00e1 P\u00e1scoa sem ter lido e meditado \u2013 sozinho ou em grupo \u2013 o Evangelho de S. Marcos. O nosso Programa Pastoral prop\u00f5e o estudo do Evangelho de S. Marcos em ordem \u00e0 compreens\u00e3o de que o exerc\u00edcio da caridade est\u00e1 alicer\u00e7ado no seguimento de Jesus.<\/p>\n<p>Para prepararmos o Congresso Eucar\u00edstico Diocesano, a realizar entre os dias 31 de maio e 3 de junho propomos o Sagrado Lausperene em todas as par\u00f3quias da Diocese a come\u00e7ar no dia 15 de fevereiro e a terminar a 30 de maio. Para nos ajudar a rezar foi publicado um livro de ora\u00e7\u00f5es ao Sant\u00edssimo Sacramento e a Nossa Senhora.<\/p>\n<p>Nos dias 9 e 10 de mar\u00e7o celebramos as \u00ab24 horas para o Senhor\u00bb e o Papa convida-nos a celebrar o sacramento da Reconcilia\u00e7\u00e3o num contexto de adora\u00e7\u00e3o eucar\u00edstica, mantendo a Igrejas abertas o maior tempo poss\u00edvel.<\/p>\n<p>&nbsp;<\/p>\n<p><strong>Ren\u00fancia quaresmal \u2013\u00a0<\/strong>O amor sincero e o servi\u00e7o alegre, ao estilo de Jesus, h\u00e3o de ser o modo de presen\u00e7a de cada um neste mundo: despir a roupagem in\u00fatil, tornar-se escravo, p\u00f4r o avental, servir com caridade. O dom de si mesmo \u00e9 o \u00fanico caminho que leva \u00e0 alegria. Felizes os que perfumam os caminhos com a virtude da caridade!<\/p>\n<p>A nossa Ren\u00fancia quaresmal vai ser destinada ao Col\u00e9gio de Nossa Senhora da Apresenta\u00e7\u00e3o, em Calv\u00e3o; para o Fundo Diocesano de Emerg\u00eancia Social, ligado \u00e0 Caritas; e para projetos mission\u00e1rios na Diocese de S. Tom\u00e9 e Pr\u00edncipe.<\/p>\n<p>As raz\u00f5es destas escolhas prendem-se com a necessidade de ajudarmos o Col\u00e9gio de Calv\u00e3o a realizar a sua miss\u00e3o na educa\u00e7\u00e3o crist\u00e3 dos alunos, de fortalecermos o apoio aos mais pobres que vivem no meio de n\u00f3s e de apoiarmos uma par\u00f3quia mission\u00e1ria, com a qual queremos estabelecer parcerias de comunh\u00e3o e evangeliza\u00e7\u00e3o.<\/p>\n<p>Jesus conta com o nosso testemunho e compromisso evangelizador. A todos pe\u00e7o a d\u00e1diva de uma m\u00e3o de mais amor.<\/p>\n<p>&nbsp;<\/p>\n<p>Aveiro 7 de fevereiro de 2018.<\/p>\n<p>+ Ant\u00f3nio Manuel Moiteiro Ramos, Bispo de Aveiro.<\/p>\n","protected":false},"excerpt":{"rendered":"<p>Mensagem para a<\/p>\n","protected":false},"author":1,"featured_media":3500,"comment_status":"closed","ping_status":"closed","sticky":false,"template":"","format":"standard","meta":{"footnotes":""},"categories":[46,47,12],"tags":[],"class_list":["post-3499","post","type-post","status-publish","format-standard","has-post-thumbnail","hentry","category-autores","category-d-antonio-manuel-moiteiro-ramos","category-documentos"],"_links":{"self":[{"href":"https:\/\/diocese-aveiro.pt\/cultura\/wp-json\/wp\/v2\/posts\/3499","targetHints":{"allow":["GET"]}}],"collection":[{"href":"https:\/\/diocese-aveiro.pt\/cultura\/wp-json\/wp\/v2\/posts"}],"about":[{"href":"https:\/\/diocese-aveiro.pt\/cultura\/wp-json\/wp\/v2\/types\/post"}],"author":[{"embeddable":true,"href":"https:\/\/diocese-aveiro.pt\/cultura\/wp-json\/wp\/v2\/users\/1"}],"replies":[{"embeddable":true,"href":"https:\/\/diocese-aveiro.pt\/cultura\/wp-json\/wp\/v2\/comments?post=3499"}],"version-history":[{"count":2,"href":"https:\/\/diocese-aveiro.pt\/cultura\/wp-json\/wp\/v2\/posts\/3499\/revisions"}],"predecessor-version":[{"id":3502,"href":"https:\/\/diocese-aveiro.pt\/cultura\/wp-json\/wp\/v2\/posts\/3499\/revisions\/3502"}],"wp:featuredmedia":[{"embeddable":true,"href":"https:\/\/diocese-aveiro.pt\/cultura\/wp-json\/wp\/v2\/media\/3500"}],"wp:attachment":[{"href":"https:\/\/diocese-aveiro.pt\/cultura\/wp-json\/wp\/v2\/media?parent=3499"}],"wp:term":[{"taxonomy":"category","embeddable":true,"href":"https:\/\/diocese-aveiro.pt\/cultura\/wp-json\/wp\/v2\/categories?post=3499"},{"taxonomy":"post_tag","embeddable":true,"href":"https:\/\/diocese-aveiro.pt\/cultura\/wp-json\/wp\/v2\/tags?post=3499"}],"curies":[{"name":"wp","href":"https:\/\/api.w.org\/{rel}","templated":true}]}}