{"id":3408,"date":"2018-03-18T12:38:45","date_gmt":"2018-03-18T12:38:45","guid":{"rendered":"http:\/\/diocese-aveiro.pt\/cultura\/?p=3408"},"modified":"2018-02-10T14:56:36","modified_gmt":"2018-02-10T14:56:36","slug":"domingo-de-ramos-na-paixao-do-senhor-ano-b","status":"publish","type":"post","link":"https:\/\/diocese-aveiro.pt\/cultura\/domingo-de-ramos-na-paixao-do-senhor-ano-b\/","title":{"rendered":"Domingo de Ramos na Paix\u00e3o do Senhor (Ano B)"},"content":{"rendered":"<h2 style=\"text-align: center;\">Domingo de Ramos na Paix\u00e3o do Senhor (Ano B)<\/h2>\n<h3 style=\"text-align: center;\">Pe. Franclim Pacheco<\/h3>\n<p>&nbsp;<\/p>\n<p style=\"text-align: left;\">\u00a0 \u00a0 \u00a0 \u00a0 \u00a0 \u00a0 \u00a0 \u00a0 \u00a0 \u00a0 \u00a0 \u00a0 \u00a0<strong> B\u00caN\u00c7\u00c3O DOS RAMOS<\/strong><\/p>\n<p><img loading=\"lazy\" decoding=\"async\" class=\"size-large wp-image-3409 aligncenter\" src=\"https:\/\/diocese-aveiro.pt\/cultura\/wp-content\/uploads\/2018\/02\/6-Ramos-page-001-1024x988.jpg\" alt=\"\" width=\"640\" height=\"618\" srcset=\"https:\/\/diocese-aveiro.pt\/cultura\/wp-content\/uploads\/2018\/02\/6-Ramos-page-001-1024x988.jpg 1024w, https:\/\/diocese-aveiro.pt\/cultura\/wp-content\/uploads\/2018\/02\/6-Ramos-page-001-300x290.jpg 300w, https:\/\/diocese-aveiro.pt\/cultura\/wp-content\/uploads\/2018\/02\/6-Ramos-page-001-768x741.jpg 768w, https:\/\/diocese-aveiro.pt\/cultura\/wp-content\/uploads\/2018\/02\/6-Ramos-page-001-600x579.jpg 600w, https:\/\/diocese-aveiro.pt\/cultura\/wp-content\/uploads\/2018\/02\/6-Ramos-page-001.jpg 1240w\" sizes=\"auto, (max-width: 640px) 100vw, 640px\" \/><\/p>\n<p style=\"text-align: justify;\">A narra\u00e7\u00e3o da entrada de Jesus em Jerusal\u00e9m reflecte evidentemente um acontecimento real, mas a forma como est\u00e1 apresentada est\u00e1 ligada a certos textos do Antigo Testamento e especialmente \u00e0 profecia de Zacarias que constitui o seu fundo.<br \/>\nPara o velho profeta, a desejada apari\u00e7\u00e3o de Deus dar-se-ia precisamente sobre o Monte das Oliveiras, mas a imagem do Messias que apresenta \u00e9 fora do comum: \u00abExulta, filha de Si\u00e3o, rejubila, filha de Jerusal\u00e9m! Eis que vem o teu rei. Ele \u00e9 justo vitorioso, humilde, cavalga um jumento, filho de jumenta. Far\u00e1 desaparecer os carros de Efraim e os cavalos de Jerusal\u00e9m, o arco de guerra ser\u00e1 quebrado, anunciar\u00e1 a paz \u00e0s gentes (Zc 9,910).<\/p>\n<p style=\"text-align: justify;\">N\u00e3o \u00e9, pois, de admirar que a entrada de Jesus n\u00e3o causasse perturba\u00e7\u00e3o entre as autoridades, tendo em conta o modo humilde como se apresenta. At\u00e9 o animal em que vem montado n\u00e3o lhe pertence, mas \u00e9 emprestado. Por\u00e9m, apesar da atitude pac\u00edfica e humilde, Jesus n\u00e3o renuncia \u00e0 dignidade messi\u00e2nica. O evangelista f\u00e1-lo notar com as exclama\u00e7\u00f5es da multid\u00e3o: Bendito o reino que vem, o reino do nosso pai David!<\/p>\n<p><img loading=\"lazy\" decoding=\"async\" class=\"alignnone wp-image-3419\" src=\"https:\/\/diocese-aveiro.pt\/cultura\/wp-content\/uploads\/2018\/02\/0002-3-964x1024.jpg\" alt=\"\" width=\"820\" height=\"871\" srcset=\"https:\/\/diocese-aveiro.pt\/cultura\/wp-content\/uploads\/2018\/02\/0002-3-964x1024.jpg 964w, https:\/\/diocese-aveiro.pt\/cultura\/wp-content\/uploads\/2018\/02\/0002-3-282x300.jpg 282w, https:\/\/diocese-aveiro.pt\/cultura\/wp-content\/uploads\/2018\/02\/0002-3-768x816.jpg 768w, https:\/\/diocese-aveiro.pt\/cultura\/wp-content\/uploads\/2018\/02\/0002-3-600x638.jpg 600w\" sizes=\"auto, (max-width: 820px) 100vw, 820px\" \/> <img loading=\"lazy\" decoding=\"async\" class=\"alignnone wp-image-3420\" src=\"https:\/\/diocese-aveiro.pt\/cultura\/wp-content\/uploads\/2018\/02\/0003-836x1024.jpg\" alt=\"\" width=\"822\" height=\"1007\" srcset=\"https:\/\/diocese-aveiro.pt\/cultura\/wp-content\/uploads\/2018\/02\/0003-836x1024.jpg 836w, https:\/\/diocese-aveiro.pt\/cultura\/wp-content\/uploads\/2018\/02\/0003-245x300.jpg 245w, https:\/\/diocese-aveiro.pt\/cultura\/wp-content\/uploads\/2018\/02\/0003-768x941.jpg 768w, https:\/\/diocese-aveiro.pt\/cultura\/wp-content\/uploads\/2018\/02\/0003-600x735.jpg 600w\" sizes=\"auto, (max-width: 822px) 100vw, 822px\" \/> <img loading=\"lazy\" decoding=\"async\" class=\"alignnone wp-image-3421\" src=\"https:\/\/diocese-aveiro.pt\/cultura\/wp-content\/uploads\/2018\/02\/0004-841x1024.jpg\" alt=\"\" width=\"817\" height=\"995\" srcset=\"https:\/\/diocese-aveiro.pt\/cultura\/wp-content\/uploads\/2018\/02\/0004-841x1024.jpg 841w, https:\/\/diocese-aveiro.pt\/cultura\/wp-content\/uploads\/2018\/02\/0004-246x300.jpg 246w, https:\/\/diocese-aveiro.pt\/cultura\/wp-content\/uploads\/2018\/02\/0004-768x935.jpg 768w, https:\/\/diocese-aveiro.pt\/cultura\/wp-content\/uploads\/2018\/02\/0004-600x730.jpg 600w\" sizes=\"auto, (max-width: 817px) 100vw, 817px\" \/> <img loading=\"lazy\" decoding=\"async\" class=\"alignnone wp-image-3422\" src=\"https:\/\/diocese-aveiro.pt\/cultura\/wp-content\/uploads\/2018\/02\/0005-840x1024.jpg\" alt=\"\" width=\"811\" height=\"988\" srcset=\"https:\/\/diocese-aveiro.pt\/cultura\/wp-content\/uploads\/2018\/02\/0005-840x1024.jpg 840w, https:\/\/diocese-aveiro.pt\/cultura\/wp-content\/uploads\/2018\/02\/0005-246x300.jpg 246w, https:\/\/diocese-aveiro.pt\/cultura\/wp-content\/uploads\/2018\/02\/0005-768x937.jpg 768w, https:\/\/diocese-aveiro.pt\/cultura\/wp-content\/uploads\/2018\/02\/0005-600x732.jpg 600w\" sizes=\"auto, (max-width: 811px) 100vw, 811px\" \/> <img loading=\"lazy\" decoding=\"async\" class=\"alignnone wp-image-3423\" src=\"https:\/\/diocese-aveiro.pt\/cultura\/wp-content\/uploads\/2018\/02\/0006-845x1024.jpg\" alt=\"\" width=\"804\" height=\"975\" srcset=\"https:\/\/diocese-aveiro.pt\/cultura\/wp-content\/uploads\/2018\/02\/0006-845x1024.jpg 845w, https:\/\/diocese-aveiro.pt\/cultura\/wp-content\/uploads\/2018\/02\/0006-247x300.jpg 247w, https:\/\/diocese-aveiro.pt\/cultura\/wp-content\/uploads\/2018\/02\/0006-768x931.jpg 768w, https:\/\/diocese-aveiro.pt\/cultura\/wp-content\/uploads\/2018\/02\/0006-600x727.jpg 600w\" sizes=\"auto, (max-width: 804px) 100vw, 804px\" \/> <img loading=\"lazy\" decoding=\"async\" class=\"alignnone wp-image-3424\" src=\"https:\/\/diocese-aveiro.pt\/cultura\/wp-content\/uploads\/2018\/02\/0007-1-834x1024.jpg\" alt=\"\" width=\"815\" height=\"1000\" srcset=\"https:\/\/diocese-aveiro.pt\/cultura\/wp-content\/uploads\/2018\/02\/0007-1-834x1024.jpg 834w, https:\/\/diocese-aveiro.pt\/cultura\/wp-content\/uploads\/2018\/02\/0007-1-244x300.jpg 244w, https:\/\/diocese-aveiro.pt\/cultura\/wp-content\/uploads\/2018\/02\/0007-1-768x942.jpg 768w, https:\/\/diocese-aveiro.pt\/cultura\/wp-content\/uploads\/2018\/02\/0007-1-600x736.jpg 600w\" sizes=\"auto, (max-width: 815px) 100vw, 815px\" \/> <img loading=\"lazy\" decoding=\"async\" class=\"alignnone wp-image-3425\" src=\"https:\/\/diocese-aveiro.pt\/cultura\/wp-content\/uploads\/2018\/02\/0008-848x1024.jpg\" alt=\"\" width=\"807\" height=\"975\" srcset=\"https:\/\/diocese-aveiro.pt\/cultura\/wp-content\/uploads\/2018\/02\/0008-848x1024.jpg 848w, https:\/\/diocese-aveiro.pt\/cultura\/wp-content\/uploads\/2018\/02\/0008-248x300.jpg 248w, https:\/\/diocese-aveiro.pt\/cultura\/wp-content\/uploads\/2018\/02\/0008-768x927.jpg 768w, https:\/\/diocese-aveiro.pt\/cultura\/wp-content\/uploads\/2018\/02\/0008-600x724.jpg 600w\" sizes=\"auto, (max-width: 807px) 100vw, 807px\" \/> <img loading=\"lazy\" decoding=\"async\" class=\"alignnone wp-image-3426\" src=\"https:\/\/diocese-aveiro.pt\/cultura\/wp-content\/uploads\/2018\/02\/0009-841x1024.jpg\" alt=\"\" width=\"799\" height=\"973\" srcset=\"https:\/\/diocese-aveiro.pt\/cultura\/wp-content\/uploads\/2018\/02\/0009-841x1024.jpg 841w, https:\/\/diocese-aveiro.pt\/cultura\/wp-content\/uploads\/2018\/02\/0009-246x300.jpg 246w, https:\/\/diocese-aveiro.pt\/cultura\/wp-content\/uploads\/2018\/02\/0009-768x935.jpg 768w, https:\/\/diocese-aveiro.pt\/cultura\/wp-content\/uploads\/2018\/02\/0009-600x730.jpg 600w\" sizes=\"auto, (max-width: 799px) 100vw, 799px\" \/> <img loading=\"lazy\" decoding=\"async\" class=\"alignnone wp-image-3427\" src=\"https:\/\/diocese-aveiro.pt\/cultura\/wp-content\/uploads\/2018\/02\/0010-1024x461.jpg\" alt=\"\" width=\"796\" height=\"358\" srcset=\"https:\/\/diocese-aveiro.pt\/cultura\/wp-content\/uploads\/2018\/02\/0010-1024x461.jpg 1024w, https:\/\/diocese-aveiro.pt\/cultura\/wp-content\/uploads\/2018\/02\/0010-300x135.jpg 300w, https:\/\/diocese-aveiro.pt\/cultura\/wp-content\/uploads\/2018\/02\/0010-768x346.jpg 768w, https:\/\/diocese-aveiro.pt\/cultura\/wp-content\/uploads\/2018\/02\/0010-600x270.jpg 600w\" sizes=\"auto, (max-width: 796px) 100vw, 796px\" \/><\/p>\n","protected":false},"excerpt":{"rendered":"<p>Domingo de Ramos<\/p>\n","protected":false},"author":1,"featured_media":3430,"comment_status":"closed","ping_status":"closed","sticky":false,"template":"","format":"standard","meta":{"footnotes":""},"categories":[90,18,91,54],"tags":[],"class_list":["post-3408","post","type-post","status-publish","format-standard","has-post-thumbnail","hentry","category-autores-ii","category-olhar-sobre-os-evangelhos","category-olhares-ii","category-pe-julio-franclim-do-couto-e-pacheco"],"_links":{"self":[{"href":"https:\/\/diocese-aveiro.pt\/cultura\/wp-json\/wp\/v2\/posts\/3408","targetHints":{"allow":["GET"]}}],"collection":[{"href":"https:\/\/diocese-aveiro.pt\/cultura\/wp-json\/wp\/v2\/posts"}],"about":[{"href":"https:\/\/diocese-aveiro.pt\/cultura\/wp-json\/wp\/v2\/types\/post"}],"author":[{"embeddable":true,"href":"https:\/\/diocese-aveiro.pt\/cultura\/wp-json\/wp\/v2\/users\/1"}],"replies":[{"embeddable":true,"href":"https:\/\/diocese-aveiro.pt\/cultura\/wp-json\/wp\/v2\/comments?post=3408"}],"version-history":[{"count":2,"href":"https:\/\/diocese-aveiro.pt\/cultura\/wp-json\/wp\/v2\/posts\/3408\/revisions"}],"predecessor-version":[{"id":3432,"href":"https:\/\/diocese-aveiro.pt\/cultura\/wp-json\/wp\/v2\/posts\/3408\/revisions\/3432"}],"wp:featuredmedia":[{"embeddable":true,"href":"https:\/\/diocese-aveiro.pt\/cultura\/wp-json\/wp\/v2\/media\/3430"}],"wp:attachment":[{"href":"https:\/\/diocese-aveiro.pt\/cultura\/wp-json\/wp\/v2\/media?parent=3408"}],"wp:term":[{"taxonomy":"category","embeddable":true,"href":"https:\/\/diocese-aveiro.pt\/cultura\/wp-json\/wp\/v2\/categories?post=3408"},{"taxonomy":"post_tag","embeddable":true,"href":"https:\/\/diocese-aveiro.pt\/cultura\/wp-json\/wp\/v2\/tags?post=3408"}],"curies":[{"name":"wp","href":"https:\/\/api.w.org\/{rel}","templated":true}]}}