{"id":284,"date":"2017-03-13T15:04:14","date_gmt":"2017-03-13T15:04:14","guid":{"rendered":"http:\/\/diocese-aveiro.pt\/cultura\/?p=284"},"modified":"2017-05-19T14:03:55","modified_gmt":"2017-05-19T14:03:55","slug":"rosto-de-misericordia-d-conceicao-maria-dos-anjos","status":"publish","type":"post","link":"https:\/\/diocese-aveiro.pt\/cultura\/rosto-de-misericordia-d-conceicao-maria-dos-anjos\/","title":{"rendered":"ROSTO DE MISERIC\u00d3RDIA &#8211; D. CONCEI\u00c7\u00c3O MARIA DOS ANJOS"},"content":{"rendered":"<p style=\"text-align: center;\"><strong>Georgino Rocha (Texto)<\/strong><\/p>\n<p><strong><img loading=\"lazy\" decoding=\"async\" class=\" wp-image-239 alignleft\" src=\"https:\/\/diocese-aveiro.pt\/cultura\/wp-content\/uploads\/2017\/02\/GRocha-e1491040938520.jpg\" alt=\"\" width=\"160\" height=\"230\" srcset=\"https:\/\/diocese-aveiro.pt\/cultura\/wp-content\/uploads\/2017\/02\/GRocha-e1491040938520.jpg 445w, https:\/\/diocese-aveiro.pt\/cultura\/wp-content\/uploads\/2017\/02\/GRocha-e1491040938520-209x300.jpg 209w\" sizes=\"auto, (max-width: 160px) 100vw, 160px\" \/>Concei\u00e7\u00e3o Maria dos Anjos, mais conhecida por D. Concei\u00e7\u00e3o da Costeira, nasce em Bolfiar, \u00c1gueda, onde vive uns anos, e reside em Aveiro, primeiro no asilo Jos\u00e9 Est\u00eav\u00e3o e, depois, com D. Maria da Encarna\u00e7\u00e3o Mour\u00e3o, dona da casa dos ovos moles, de que vem a ser herdeira. A sua morte ocorre a 9 de Outubro de 1953.<\/strong><\/p>\n<p><strong>Por experi\u00eancia sabe valorar o desconforto dos abandonados pelos pais, dos \u00f3rf\u00e3os em internato, dos servi\u00e7ais empregados, dos sem outras posses, a n\u00e3o ser a vontade decidida de \u201cagarrar\u201d a vida e fazer dela um servi\u00e7o \u00e0 sociedade, \u00e0 Igreja. Por educa\u00e7\u00e3o abre-se \u00e0 realidade envolvente, sobretudo nos anos 20 e 30 do s\u00e9culo passado, e \u201cd\u00f3i-lhe\u201d o cora\u00e7\u00e3o ao ver os pobres e os infelizes, os doentes e os ignorantes, sobretudo das verdades crist\u00e3s, a escassez de clero e a deficiente prepara\u00e7\u00e3o para ensinar os crist\u00e3os a situarem-se na complexa situa\u00e7\u00e3o religiosa e social. <\/strong><\/p>\n<p><strong>Um sonho toma forma<\/strong><\/p>\n<p><strong>A ideia da diocese extinta pervive na mem\u00f3ria agradecida de alguns aveirenses e era acalentada, ainda que sem barulho p\u00fablico. D. Ant\u00f3nio Mendes Belo confessa que incitaria os amigos de Aveiro a prosseguirem os seus esfor\u00e7os para a consecu\u00e7\u00e3o do restabelecimento da S\u00e9 entre n\u00f3s. Confiss\u00e3o feita em 1937, quando era Cardeal Patriarca de Lisboa, mas que havia sido Vig\u00e1rio Geral de Aveiro por delega\u00e7\u00e3o apost\u00f3lica do Senhor Arcebispo de Braga, aquando da extin\u00e7\u00e3o a 1882.\u00a0 A chama, ainda que tr\u00e9mula e morti\u00e7a, mantinha-se acesa. Outros crist\u00e3os, poucos, viam como boa a hip\u00f3tese da reconstitui\u00e7\u00e3o. \u00c9 neste ambiente que Concei\u00e7\u00e3o Costeira come\u00e7a a movimentar-se. A pr\u00e1tica da caridade \u00e9 o seu guia de ac\u00e7\u00e3o e as necessidades dos outros, sobretudo dos pobres, marcam o ritmo do pulsar do seu cora\u00e7\u00e3o e definem o seu campo de interven\u00e7\u00e3o. Confiante, resiste a quem a contradiz e prossegue na divulga\u00e7\u00e3o mobilizadora do ideal que a galvaniza, ap\u00f3s ter conhecimento do que afirma Rangel de Quadros sobre as raz\u00f5es da extin\u00e7\u00e3o. Ao seu conselheiro espiritual que tenta dissuadi-la v\u00e1rias vezes, contrap\u00f5e a sua convic\u00e7\u00e3o arreigada, teimosa, da necessidade da nova diocese. \u201cPara a frente, que se a obra for de Deus, Ele a aben\u00e7oar\u00e1\u201d, acaba por indicar Frei Inoc\u00eancio, franciscano, reitor do Semin\u00e1rio de Varatojo, a quem ela recorria em assuntos de consci\u00eancia.\u00a0 <\/strong><\/p>\n<p><strong>A primeira reuni\u00e3o<\/strong><\/p>\n<p><strong>O ardor apost\u00f3lico de D. Concei\u00e7\u00e3o leva-a a acelerar a concretiza\u00e7\u00e3o do g\u00e9rmen do projecto idealizado. Fala no balc\u00e3o enquanto avia os clientes de ovos-moles, apresenta o assunto na confer\u00eancia vicentina da par\u00f3quia da Gl\u00f3ria, escreve ao N\u00fancio Apost\u00f3lico em Lisboa com o aux\u00edlio da superiora do Col\u00e9gio das Irm\u00e3s do Cora\u00e7\u00e3o de Maria que traduzia as cartas para franc\u00eas (l\u00edngua oficial da diplomacia), convoca a 1\u00aa reuni\u00e3o oficial que se realiza a cinco de Mar\u00e7o de 1924. Est\u00e3o presentes pessoas gradas da cidade, de que se destaca o p\u00e1roco da freguesia da Gl\u00f3ria, padre Jo\u00e3o Pinto Rach\u00e3o e o Dr. Querubim do Vale Guimar\u00e3es, Estas pessoas constituem o n\u00facleo principal de irradia\u00e7\u00e3o luminosa que, em ondas crescentes, vai dando passos firmes e abrindo horizontes de confian\u00e7a. Cria-se a comiss\u00e3o pro-restaura\u00e7\u00e3o.<\/strong><\/p>\n<ol>\n<li><strong> Jo\u00e3o Evangelista: de aliado a protagonista<\/strong><\/li>\n<\/ol>\n<p><strong>A comiss\u00e3o preocupa-se com divulgar o projecto, ganhar a simpatia das pessoas, lan\u00e7ar pontes de mais-valia, granjear vontades de quem possa intervir junto das autoridades competentes. D. Concei\u00e7\u00e3o Costeira e outras pessoas, deparam-se, ocasionalmente, com o Arcebispo Lima Vidal em visita \u00e0 cidade de Aveiro para homenagear a Princesa Santa Joana. A conversa \u00e9 inconclusiva, apesar da forte insist\u00eancia dos aveirenses que pretendiam que D. Jo\u00e3o Evangelista assumisse o sonho em realiza\u00e7\u00e3o. Vir\u00e1 a faz\u00ea-lo passados uns anos. Entretanto, impunha-se o sil\u00eancio de pondera\u00e7\u00e3o e a subtileza de actua\u00e7\u00e3o junto de quem podia influenciar o curso dos acontecimentos, o recurso a outros meios discretos, desde escrita sob pseud\u00f3nimo at\u00e9 \u00e0 conversa com amigos. <\/strong><\/p>\n<p><strong>Alegria pelo sonho realizado<\/strong><\/p>\n<p><strong>A comiss\u00e3o promotora da causa da restaura\u00e7\u00e3o vai tendo sinais claros de que o processo est\u00e1 em boas m\u00e3os e se aproxima do fim. De facto, O Papa Pio XI assina a Bula \u00abOmnium Ecclesiarum\u00bb a 24 de Agosto de 1938, bula que vem a ser executada a 11 de Dezembro do mesmo ano. D. Jo\u00e3o Evangelista \u00e9 nomeado Administrador Apost\u00f3lico e, como tal, encarregado de organizar a vida da nova diocese. A celebra\u00e7\u00e3o lit\u00fargica tem lugar na Igreja paroquial da Gl\u00f3ria, agora S\u00e9, sendo participada por uma assembleia exultante, na qual se integrava D. Concei\u00e7\u00e3o que, de joelhos e em atitude agradecida, ouvia a leitura do documento pontif\u00edcio. \u201cGestos como este definem uma personalidade e demonstram o seu valor\u201d, afirma Jo\u00e3o Gon\u00e7alves Gaspar, citando Joana de Magalh\u00e3es, autora de um artigo sobre este assunto. <\/strong><\/p>\n<p><strong>A not\u00edcia \u00e9 celebrada jubilosamente. Com diversas intensidades e ritmos. Por aveirenses de nascimento e de cora\u00e7\u00e3o. Duas pessoas ter\u00e3o vibrado de forma especial: D. Jo\u00e3o Evangelista e D. Concei\u00e7\u00e3o Costeira. Esta, \u201ca protagonista popular da restaura\u00e7\u00e3o\u201d como a definiu D. Manuel de Almeida Trindade. Aquele, o h\u00e1bil \u201chomem do leme\u201d que soube guiar a embarca\u00e7\u00e3o no rumo certo e faz\u00ea-la aportar ao cais da esperan\u00e7a, onde germinam as sementes da nova diocese. <\/strong><\/p>\n<p><strong>A \u201cdoceira\u201d de Aveiro, <\/strong><strong>\u201c<\/strong><strong>de quem eu mais senti outrora os aux\u00edlios\u201d na express\u00e3o de Lima Vidal, v\u00ea realizado o sonho da sua vida: Com a restaura\u00e7\u00e3o surge o Semin\u00e1rio de Santa Joana para preparar sacerdotes; tem novo impulso a aten\u00e7\u00e3o aos pobres e \u00e0s raparigas \u201cmal-amadas\u201d; s\u00e3o acolhidas pela C\u00e1ritas crian\u00e7as vindas do centro da Europa devastada pela II Grande Guerra; ganham dinamismo apost\u00f3lico os grupos e movimentos tendentes a dar rosto humano ao progresso crescente e a evangelizar a religiosidade do povo crist\u00e3o. <\/strong><\/p>\n<p><strong>Guiada pelo Esp\u00edrito Santo<\/strong><\/p>\n<p><strong>A t\u00eampera an\u00edmica de D. Concei\u00e7\u00e3o, de que sempre deu provas, era alimentada por uma vida espiritual intensa. Mulher de ora\u00e7\u00e3o frequente, vivia muito unida a Deus e ao Esp\u00edrito Santo que, sem d\u00favida a conduzia, escreve no \u00abCorreio de Vouga\u00bb a Irm\u00e3 Concei\u00e7\u00e3o Gomes, Mission\u00e1ria Reparadora do Sagrado Cora\u00e7\u00e3o de Jesus, que, em menina, lhe havia sido confiada, em 1931. Nesta altura, informa, \u201cj\u00e1 rezava e trabalhava por essa inten\u00e7\u00e3o\u201d. \u201cFazia todos os anos duas ou tr\u00eas novenas de retiro na igreja da Gl\u00f3ria, hoje S\u00e9, na ora\u00e7\u00e3o e no jejum. Sa\u00eda de casa ao Angelus e voltava \u00e0s Trindades; apenas lhe levavam uma pequena refei\u00e7\u00e3o ao meio-dia. \u00c0 noite, tomava ch\u00e1 e um p\u00e3o seco\u201d. <\/strong><\/p>\n<p><strong>Com a fortaleza de quem jejua, a confian\u00e7a de quem reza, a aud\u00e1cia de quem sonha, o amor sol\u00edcito de quem vive para os outros, a miseric\u00f3rdia manifesta o seu rosto irradiante e sedutor.<\/strong><\/p>\n<p>.<\/p>\n","protected":false},"excerpt":{"rendered":"<p>Georgino Rocha (Texto)<\/p>\n","protected":false},"author":1,"featured_media":285,"comment_status":"open","ping_status":"open","sticky":false,"template":"","format":"standard","meta":{"footnotes":""},"categories":[46,13,50,15],"tags":[],"class_list":["post-284","post","type-post","status-publish","format-standard","has-post-thumbnail","hentry","category-autores","category-olhares","category-pe-georgino-rocha","category-rostos-de-misericorida"],"_links":{"self":[{"href":"https:\/\/diocese-aveiro.pt\/cultura\/wp-json\/wp\/v2\/posts\/284","targetHints":{"allow":["GET"]}}],"collection":[{"href":"https:\/\/diocese-aveiro.pt\/cultura\/wp-json\/wp\/v2\/posts"}],"about":[{"href":"https:\/\/diocese-aveiro.pt\/cultura\/wp-json\/wp\/v2\/types\/post"}],"author":[{"embeddable":true,"href":"https:\/\/diocese-aveiro.pt\/cultura\/wp-json\/wp\/v2\/users\/1"}],"replies":[{"embeddable":true,"href":"https:\/\/diocese-aveiro.pt\/cultura\/wp-json\/wp\/v2\/comments?post=284"}],"version-history":[{"count":4,"href":"https:\/\/diocese-aveiro.pt\/cultura\/wp-json\/wp\/v2\/posts\/284\/revisions"}],"predecessor-version":[{"id":370,"href":"https:\/\/diocese-aveiro.pt\/cultura\/wp-json\/wp\/v2\/posts\/284\/revisions\/370"}],"wp:featuredmedia":[{"embeddable":true,"href":"https:\/\/diocese-aveiro.pt\/cultura\/wp-json\/wp\/v2\/media\/285"}],"wp:attachment":[{"href":"https:\/\/diocese-aveiro.pt\/cultura\/wp-json\/wp\/v2\/media?parent=284"}],"wp:term":[{"taxonomy":"category","embeddable":true,"href":"https:\/\/diocese-aveiro.pt\/cultura\/wp-json\/wp\/v2\/categories?post=284"},{"taxonomy":"post_tag","embeddable":true,"href":"https:\/\/diocese-aveiro.pt\/cultura\/wp-json\/wp\/v2\/tags?post=284"}],"curies":[{"name":"wp","href":"https:\/\/api.w.org\/{rel}","templated":true}]}}