{"id":2775,"date":"2017-11-27T16:20:10","date_gmt":"2017-11-27T16:20:10","guid":{"rendered":"http:\/\/diocese-aveiro.pt\/cultura\/?p=2775"},"modified":"2017-12-09T16:30:01","modified_gmt":"2017-12-09T16:30:01","slug":"homenagem-in-manus-tuas-apresentacao-do-livro","status":"publish","type":"post","link":"https:\/\/diocese-aveiro.pt\/cultura\/homenagem-in-manus-tuas-apresentacao-do-livro\/","title":{"rendered":"Homenagem: IN MANUS TUAS\u00a0&#8211; APRESENTA\u00c7\u00c3O DO LIVRO"},"content":{"rendered":"<p><img loading=\"lazy\" decoding=\"async\" class=\"alignnone size-full wp-image-2776\" src=\"https:\/\/diocese-aveiro.pt\/cultura\/wp-content\/uploads\/2017\/11\/In-manus-tuas.jpg\" alt=\"\" width=\"839\" height=\"352\" srcset=\"https:\/\/diocese-aveiro.pt\/cultura\/wp-content\/uploads\/2017\/11\/In-manus-tuas.jpg 839w, https:\/\/diocese-aveiro.pt\/cultura\/wp-content\/uploads\/2017\/11\/In-manus-tuas-300x126.jpg 300w, https:\/\/diocese-aveiro.pt\/cultura\/wp-content\/uploads\/2017\/11\/In-manus-tuas-768x322.jpg 768w, https:\/\/diocese-aveiro.pt\/cultura\/wp-content\/uploads\/2017\/11\/In-manus-tuas-600x252.jpg 600w\" sizes=\"auto, (max-width: 839px) 100vw, 839px\" \/><\/p>\n<p style=\"font-weight: 400;\">08 DEZEMBRO 2017 | 15H30<\/p>\n<p style=\"font-weight: 400;\"><strong><em>IN MANUS TUAS<\/em>\u00a0&#8211; APRESENTA\u00c7\u00c3O DO LIVRO<\/strong><\/p>\n<p style=\"font-weight: 400;\">A Diocese de Aveiro e a Junta Regional do Corpo Nacional de Escutas, convidam V. Exa. para a apresenta\u00e7\u00e3o da obra In manus tuas, com textos de D. Ant\u00f3nio Francisco dos Santos, a ter lugar no dia 8 de dezembro, anivers\u00e1rio da sua entrada em Aveiro.<\/p>\n<p style=\"font-weight: 400;\">Aproveitando este momento solene ser\u00e1 atribu\u00eddo o nome de D. Ant\u00f3nio Francisco dos Santos ao Sal\u00e3o Nobre da Base Escutista de Aveiro.<\/p>\n<p style=\"font-weight: 400;\">Ap\u00f3s a apresenta\u00e7\u00e3o da obra ser\u00e1 inaugurada a Exposi\u00e7\u00e3o\u00a0<em>90 anos de escutismo conVida em Aveiro<\/em>\u00a0e servido um Espumante de Honra.<\/p>\n","protected":false},"excerpt":{"rendered":"<p>08 DEZEMBRO 2017<\/p>\n","protected":false},"author":1,"featured_media":2776,"comment_status":"closed","ping_status":"closed","sticky":false,"template":"","format":"standard","meta":{"footnotes":""},"categories":[11,8,10,70],"tags":[],"class_list":["post-2775","post","type-post","status-publish","format-standard","has-post-thumbnail","hentry","category-acontece","category-em-cartaz","category-noticias","category-para-memoria"],"_links":{"self":[{"href":"https:\/\/diocese-aveiro.pt\/cultura\/wp-json\/wp\/v2\/posts\/2775","targetHints":{"allow":["GET"]}}],"collection":[{"href":"https:\/\/diocese-aveiro.pt\/cultura\/wp-json\/wp\/v2\/posts"}],"about":[{"href":"https:\/\/diocese-aveiro.pt\/cultura\/wp-json\/wp\/v2\/types\/post"}],"author":[{"embeddable":true,"href":"https:\/\/diocese-aveiro.pt\/cultura\/wp-json\/wp\/v2\/users\/1"}],"replies":[{"embeddable":true,"href":"https:\/\/diocese-aveiro.pt\/cultura\/wp-json\/wp\/v2\/comments?post=2775"}],"version-history":[{"count":2,"href":"https:\/\/diocese-aveiro.pt\/cultura\/wp-json\/wp\/v2\/posts\/2775\/revisions"}],"predecessor-version":[{"id":2801,"href":"https:\/\/diocese-aveiro.pt\/cultura\/wp-json\/wp\/v2\/posts\/2775\/revisions\/2801"}],"wp:featuredmedia":[{"embeddable":true,"href":"https:\/\/diocese-aveiro.pt\/cultura\/wp-json\/wp\/v2\/media\/2776"}],"wp:attachment":[{"href":"https:\/\/diocese-aveiro.pt\/cultura\/wp-json\/wp\/v2\/media?parent=2775"}],"wp:term":[{"taxonomy":"category","embeddable":true,"href":"https:\/\/diocese-aveiro.pt\/cultura\/wp-json\/wp\/v2\/categories?post=2775"},{"taxonomy":"post_tag","embeddable":true,"href":"https:\/\/diocese-aveiro.pt\/cultura\/wp-json\/wp\/v2\/tags?post=2775"}],"curies":[{"name":"wp","href":"https:\/\/api.w.org\/{rel}","templated":true}]}}