{"id":2546,"date":"2017-11-05T10:42:45","date_gmt":"2017-11-05T10:42:45","guid":{"rendered":"http:\/\/diocese-aveiro.pt\/cultura\/?p=2546"},"modified":"2017-11-01T11:10:42","modified_gmt":"2017-11-01T11:10:42","slug":"agnelo-caldeira-prazeres-engenheiro-especialista-em-saude-publica","status":"publish","type":"post","link":"https:\/\/diocese-aveiro.pt\/cultura\/agnelo-caldeira-prazeres-engenheiro-especialista-em-saude-publica\/","title":{"rendered":"Aveirense Ilustre: Agnelo Caldeira Prazeres \u2013 Engenheiro especialista em sa\u00fade p\u00fablica"},"content":{"rendered":"<p><em>Aveirense Ilustre<\/em><\/p>\n<h2 style=\"text-align: center;\">Agnelo Caldeira Prazeres \u2013 Engenheiro especialista em sa\u00fade p\u00fablica<\/h2>\n<p style=\"text-align: center;\">Cardoso Ferreira (Textos)<\/p>\n<h6 style=\"text-align: justify;\">Agnelo Caldeira Prazeres foi um aveirense que se especializou em engenharia sanit\u00e1ria, tendo\u00a0 sido membro efetivo da Organiza\u00e7\u00e3o Mundial de Sa\u00fade.<\/h6>\n<p style=\"text-align: justify;\">Agnelo Caldeira Prazeres nasceu na cidade de Aveiro, no dia 16 de junho de 1895, e faleceu em Oi\u00e3, no dia 19 de junho de 1964, onde ficou sepultado.<\/p>\n<p style=\"text-align: justify;\">Filho de Ernesto Caldeira Prazeres, da Vera Cruz, Agnelo Caldeira Prazeres matriculou-se na segunda classe da primeira turma, no ano letivo 1906 \u2013 1907, no Liceu Nacional de Aveiro.<\/p>\n<p style=\"text-align: justify;\">Depois dos estudos iniciais em Aveiro, formou-se em engenharia no Instituto Superior T\u00e9cnico, em Lisboa, tendo-se especializado em engenharia sanit\u00e1ria na Universidade de Carolina do Norte, na cidade norte americana de Chapel Hill, curso que tirou como bolseiro da Funda\u00e7\u00e3o Rockfeller. Durante a estadias nos Estados Unidos da Am\u00e9rica, realizou visitas de estudo a v\u00e1rias cidades americanas, as quais lhe serviram de mote para o livro \u201cSalubridade na Am\u00e9rica do Norte\u201d, publicado em 1934.<\/p>\n<p style=\"text-align: justify;\">Entre os importantes cargos que desempenhou, Agnelo Caldeira Prazeres foi diretor dos Servi\u00e7os Industriais de Lisboa, engenheiro sanit\u00e1rio da Direc\u00e7\u00e3o-Geral de Sa\u00fade, engenheiro-chefe da Brigada T\u00e9cnica da Direc\u00e7\u00e3o-Geral de Assist\u00eancia, professor do Curso de Medicina Sanit\u00e1ria do Instituto Superior de Higiene Dr. Ricardo Jorge, membro das comi\u00e7\u00f5es de Profilaxia da Tuberculose, membro efetivo da Organiza\u00e7\u00e3o Mundial de Sa\u00fade, diretor dos Servi\u00e7os Administrativos dos Hospitais Civis de Lisboa.<\/p>\n<p style=\"text-align: justify;\">Ainda como engenheiro especialista em sa\u00fade p\u00fablica, integrou equipas que elaboram regulamentos de abastecimento de \u00e1gua e das canaliza\u00e7\u00f5es de esgotos, regulamentos de estandardiza\u00e7\u00e3o de materiais de canaliza\u00e7\u00f5es sanit\u00e1rias, entre outros documentos.<\/p>\n<p style=\"text-align: justify;\">Entre os projetos de saneamento p\u00fablico desenvolvidos por Agnelo Caldeira Prazeres, foi destacado, pela \u201cRevista de Chimica Pura e Aplicada\u201d, \u00f3rg\u00e3o da Sociedade Portuguesa de Qu\u00edmica e F\u00edsica (julho &#8211; setembro de 1936), o de Espinho, onde o autor \u201cpreconiza a depura\u00e7\u00e3o mec\u00e2nica e biol\u00f3gica (por leitos percoladores ou lamas activadas) das \u00e1guas de esg\u00f4to, com tratamento e aproveitamento das lamas\u201d.<\/p>\n<p style=\"text-align: justify;\"><strong>Promotor de <\/strong><strong>melhoramentos em Oi\u00e3<\/strong><\/p>\n<p style=\"text-align: justify;\">Se Aveiro foi a terra natal de Agnelo Caldeira Prazeres, Oi\u00e3, no vizinho concelho de Oliveira do Bairro, foi a sua terra de ado\u00e7\u00e3o, escolha que muito se ficou a dever \u00e0 sua primeira esposa, Maria Isabel de Oliveira Matos. Mesmo ap\u00f3s a morte desta, e de um segundo casamento com Sofia Joana Manuela Ar\u00e9valo Macarr\u00f3n, de origem espanhola, continuou ligado a Oi\u00e3, terra onde ficou sepultado.<\/p>\n<p style=\"text-align: justify;\">Os problemas e anseios de Oi\u00e3 rapidamente tamb\u00e9m passaram a merecer a aten\u00e7\u00e3o deste engenheiro com influ\u00eancia em meios de decis\u00e3o pol\u00edtica e governativa, merc\u00ea dos cargos que desempenhou em Lisboa.<\/p>\n<p style=\"text-align: justify;\">Alguns dos melhoramentos de Oi\u00e3 em que se empenhou pessoalmente foram, entre outros, a cria\u00e7\u00e3o da esta\u00e7\u00e3o dos CTT, a instala\u00e7\u00e3o da central telef\u00f3nica e a constru\u00e7\u00e3o da esta\u00e7\u00e3o dos caminhos de ferro (CP). Esta \u00faltima obra permitiu que Oi\u00e3 ficasse diretamente ligada \u00e0s principais cidades entre Lisboa e o Porto.<\/p>\n<p style=\"text-align: justify;\">Igualmente, empenhou-se tamb\u00e9m em causas sociais e assistenciais, tendo sido o grande impulsionador da funda\u00e7\u00e3o do Centro de Assist\u00eancia Social de Oi\u00e3, ocorrida em 1958, conseguindo atrair para essa causa in\u00fameros apoios de mecenas, entre os quais Jaime Ferreira da Silva, um oianense emigrado no Brasil.<\/p>\n<p style=\"text-align: justify;\">Agnelo Caldeira Prazeres est\u00e1 representado na topon\u00edmia de Oi\u00e3.<\/p>\n<p style=\"text-align: justify;\"><strong>Autor de obras tem\u00e1ticas\u00a0<\/strong><strong>de refer\u00eancia <\/strong><\/p>\n<p style=\"text-align: justify;\">Agnelo Caldeira Prazeres foi autor de obras de refer\u00eancia na \u00e1rea do saneamento, do abastecimento de \u00e1gua, da higiene e sa\u00fade p\u00fablica.<\/p>\n<p style=\"text-align: justify;\">Das diversas obras que publicou, destacam-se: \u201cSalubridade na Am\u00e9rica do Norte\u201d, publicada pela Direc\u00e7\u00e3o-Geral de Sa\u00fade, em 1934; \u201cEsg\u00f4tos em cursos de \u00e1gua\u201d (1935); \u201cA febre tif\u00f3ide e o abastecimento de \u00e1gua no Concelho de Ponta Delgada: do relat\u00f3rio apresentado \u00e0 Junta Sanit\u00e1ria de Aguas\u201d (1936); \u201cProtec\u00e7\u00e3o das \u00e1guas de abastecimento\u201d, inserido no Boletim da Comiss\u00e3o de Fiscaliza\u00e7\u00e3o das Obras de Abastecimento de \u00c1gua \u00e0 Cidade de Lisboa (1941); \u201cLeite e seus derivados\u201d (1942); \u201cA import\u00e2ncia da engenharia sanit\u00e1ria\u201d (1947); \u201cProblemas de Assist\u00eancia e Sa\u00fade P\u00fablica \u2013 seus aspectos e tend\u00eancias actuais\u201d (1947); \u201cSaneamento \u2013 seus aspectos fundamentais\u201d (1948).<\/p>\n<p style=\"text-align: justify;\">Foi ainda coautor (juntamento com A. Macedo dos Santos, do \u201cCurso de Aperfei\u00e7oamento de Engenharia Sanit\u00e1ria para Engenheiros Municipais\u201d, publicado pela Direc\u00e7\u00e3o Geral da Sa\u00fade, Direc\u00e7\u00e3o Geral de Urbaniza\u00e7\u00e3o.<\/p>\n<p style=\"text-align: right;\"><em><strong>\u00a0(A rubrica \u00abAveirenses ilustres\u00bb \u00e9 promovida em parceria com o jornal diocesano\u00a0<a href=\"http:\/\/sites.ecclesia.pt\/cv\/\" target=\"_blank\" rel=\"noopener\">Correio do Vouga<\/a>)<\/strong><\/em><\/p>\n","protected":false},"excerpt":{"rendered":"<p>Aveirense Ilustre Agnelo<\/p>\n","protected":false},"author":1,"featured_media":2547,"comment_status":"closed","ping_status":"closed","sticky":false,"template":"","format":"standard","meta":{"footnotes":""},"categories":[46,64,65,13],"tags":[],"class_list":["post-2546","post","type-post","status-publish","format-standard","has-post-thumbnail","hentry","category-autores","category-aveirenses-ilustres","category-cardoso-ferreira","category-olhares"],"_links":{"self":[{"href":"https:\/\/diocese-aveiro.pt\/cultura\/wp-json\/wp\/v2\/posts\/2546","targetHints":{"allow":["GET"]}}],"collection":[{"href":"https:\/\/diocese-aveiro.pt\/cultura\/wp-json\/wp\/v2\/posts"}],"about":[{"href":"https:\/\/diocese-aveiro.pt\/cultura\/wp-json\/wp\/v2\/types\/post"}],"author":[{"embeddable":true,"href":"https:\/\/diocese-aveiro.pt\/cultura\/wp-json\/wp\/v2\/users\/1"}],"replies":[{"embeddable":true,"href":"https:\/\/diocese-aveiro.pt\/cultura\/wp-json\/wp\/v2\/comments?post=2546"}],"version-history":[{"count":2,"href":"https:\/\/diocese-aveiro.pt\/cultura\/wp-json\/wp\/v2\/posts\/2546\/revisions"}],"predecessor-version":[{"id":2555,"href":"https:\/\/diocese-aveiro.pt\/cultura\/wp-json\/wp\/v2\/posts\/2546\/revisions\/2555"}],"wp:featuredmedia":[{"embeddable":true,"href":"https:\/\/diocese-aveiro.pt\/cultura\/wp-json\/wp\/v2\/media\/2547"}],"wp:attachment":[{"href":"https:\/\/diocese-aveiro.pt\/cultura\/wp-json\/wp\/v2\/media?parent=2546"}],"wp:term":[{"taxonomy":"category","embeddable":true,"href":"https:\/\/diocese-aveiro.pt\/cultura\/wp-json\/wp\/v2\/categories?post=2546"},{"taxonomy":"post_tag","embeddable":true,"href":"https:\/\/diocese-aveiro.pt\/cultura\/wp-json\/wp\/v2\/tags?post=2546"}],"curies":[{"name":"wp","href":"https:\/\/api.w.org\/{rel}","templated":true}]}}