{"id":21305,"date":"2026-07-21T20:30:54","date_gmt":"2026-07-21T19:30:54","guid":{"rendered":"https:\/\/diocese-aveiro.pt\/cultura\/?p=21305"},"modified":"2026-07-21T20:30:54","modified_gmt":"2026-07-21T19:30:54","slug":"sinais-49-futebol-e-religiao-1","status":"publish","type":"post","link":"https:\/\/diocese-aveiro.pt\/cultura\/sinais-49-futebol-e-religiao-1\/","title":{"rendered":"Sinais | 49 | Futebol e religi\u00e3o \u2013 1"},"content":{"rendered":"<h6 style=\"text-align: right;\"><em>Sinais<\/em> | Leitura de &#8216;sinais&#8217; inquietantes | Rubrica promovida em parceria com o <a href=\"https:\/\/www.facebook.com\/correiodovouga\/?locale=pt_PT\" target=\"_blank\" rel=\"noopener\">Correio do Vouga<\/a><\/h6>\n<hr \/>\n<h2 style=\"font-weight: 400; text-align: center;\"><strong>Futebol e religi\u00e3o \u2013 1<\/strong><\/h2>\n<p style=\"text-align: center;\">Ant\u00f3nio Jorge Pires Ferreira<\/p>\n<p style=\"text-align: justify;\">\nNo \u201cTeste a sua cultura cat\u00f3lica &#8211; 402\u201d, no Correio do Vouga de 17 de junho, a terceira quest\u00e3o era sobre a probabilidade de uma \u201cna\u00e7\u00e3o cat\u00f3lica\u201d (enfim, deixe-se passar a express\u00e3o) vencer o Mundial de 2026. A probabilidade era grande, dado o hist\u00f3rico, e assim aconteceu com a vit\u00f3ria da Espanha. N\u00e3o h\u00e1 grande m\u00e9rito na adivinha\u00e7\u00e3o. Registe-se que, entretanto, o \u201cTimes\u201d pegou no facto de as na\u00e7\u00f5es cat\u00f3licas jogarem melhor futebol e a quest\u00e3o ganhou \u201crepercuss\u00e3o mundial a partir da\u00ed\u201d, segundo o site acidigital.com.<\/p>\n<hr \/>\n<p style=\"text-align: right;\">Imagem recolhida da<a href=\"https:\/\/pt.wikipedia.org\/wiki\/Final_da_Copa_do_Mundo_FIFA_de_2026\" target=\"_blank\" rel=\"noopener\"> Wikipedia\u00a0<\/a><\/p>\n","protected":false},"excerpt":{"rendered":"<p>Sinais | Leitura<\/p>\n","protected":false},"author":1,"featured_media":21306,"comment_status":"closed","ping_status":"closed","sticky":false,"template":"","format":"standard","meta":{"footnotes":""},"categories":[48,228],"tags":[],"class_list":["post-21305","post","type-post","status-publish","format-standard","has-post-thumbnail","hentry","category-antonio-jorge-pires-ferreira","category-sinais"],"_links":{"self":[{"href":"https:\/\/diocese-aveiro.pt\/cultura\/wp-json\/wp\/v2\/posts\/21305","targetHints":{"allow":["GET"]}}],"collection":[{"href":"https:\/\/diocese-aveiro.pt\/cultura\/wp-json\/wp\/v2\/posts"}],"about":[{"href":"https:\/\/diocese-aveiro.pt\/cultura\/wp-json\/wp\/v2\/types\/post"}],"author":[{"embeddable":true,"href":"https:\/\/diocese-aveiro.pt\/cultura\/wp-json\/wp\/v2\/users\/1"}],"replies":[{"embeddable":true,"href":"https:\/\/diocese-aveiro.pt\/cultura\/wp-json\/wp\/v2\/comments?post=21305"}],"version-history":[{"count":1,"href":"https:\/\/diocese-aveiro.pt\/cultura\/wp-json\/wp\/v2\/posts\/21305\/revisions"}],"predecessor-version":[{"id":21307,"href":"https:\/\/diocese-aveiro.pt\/cultura\/wp-json\/wp\/v2\/posts\/21305\/revisions\/21307"}],"wp:featuredmedia":[{"embeddable":true,"href":"https:\/\/diocese-aveiro.pt\/cultura\/wp-json\/wp\/v2\/media\/21306"}],"wp:attachment":[{"href":"https:\/\/diocese-aveiro.pt\/cultura\/wp-json\/wp\/v2\/media?parent=21305"}],"wp:term":[{"taxonomy":"category","embeddable":true,"href":"https:\/\/diocese-aveiro.pt\/cultura\/wp-json\/wp\/v2\/categories?post=21305"},{"taxonomy":"post_tag","embeddable":true,"href":"https:\/\/diocese-aveiro.pt\/cultura\/wp-json\/wp\/v2\/tags?post=21305"}],"curies":[{"name":"wp","href":"https:\/\/api.w.org\/{rel}","templated":true}]}}