{"id":21272,"date":"2026-07-19T18:50:41","date_gmt":"2026-07-19T17:50:41","guid":{"rendered":"https:\/\/diocese-aveiro.pt\/cultura\/?p=21272"},"modified":"2026-07-19T18:50:41","modified_gmt":"2026-07-19T17:50:41","slug":"acontece-aveiro-diocese-realiza-formacao-reanima-para-animadores-e-educadores","status":"publish","type":"post","link":"https:\/\/diocese-aveiro.pt\/cultura\/acontece-aveiro-diocese-realiza-formacao-reanima-para-animadores-e-educadores\/","title":{"rendered":"Acontece | Aveiro: Diocese realiza forma\u00e7\u00e3o \u00ab[re]Anima\u00bb, para animadores e educadores"},"content":{"rendered":"<h6 style=\"text-align: right;\">Not\u00edcia e foto recolhidas da <a href=\"https:\/\/agencia.ecclesia.pt\/portal\/events\/aveiro-diocese-realiza-formacao-reanima-para-animadores-e-educadores\/\" target=\"_blank\" rel=\"noopener\">Ag\u00eancia Ecclesia<\/a><\/h6>\n<p style=\"text-align: justify;\"><em>Encontro come\u00e7a com stand-up \u00abCatequese de Adultos\u00bb<\/em><\/p>\n<p style=\"text-align: justify;\">A Diocese de Aveiro, atrav\u00e9s do Servi\u00e7o de Voca\u00e7\u00f5es, Acolhimento e Forma\u00e7\u00e3o Espiritual, vai realizar a forma\u00e7\u00e3o de animadores e educadores da f\u00e9 \u2018re[anima]\u2019, dias\u00a0 4 e 5 de setembro, no Semin\u00e1rio de Santa Joana Princesa.<\/p>\n<p style=\"text-align: justify;\">O Servi\u00e7o Diocesano de Voca\u00e7\u00f5es, Acolhimento e Forma\u00e7\u00e3o Espiritual de Aveiro destaca que a segunda edi\u00e7\u00e3o da \u2018re[anima]\u2019, a sua forma\u00e7\u00e3o de animadores e educadores da f\u00e9, vai realizar-se ao longo de dois dias, no in\u00edcio do m\u00eas de setembro.<\/p>\n<p style=\"text-align: justify;\">A iniciativa \u2018re[anima]\u2019 vai come\u00e7ar com \u201cenergia e boa disposi\u00e7\u00e3o\u201d, uma noite de stand-up intitulada \u2018Catequese de Adultos\u2019, \u00a0para \u201centrar no esp\u00edrito certo\u201d, com Nuno Cocharro, professor de Educa\u00e7\u00e3o Moral e Religiosa Cat\u00f3lica (EMRC), humorista e argumentista portugu\u00eas, na noite de 4 de setembro, a partir das 21h15 no audit\u00f3rio do semin\u00e1rio diocesano e a entrada \u00e9 gratuita.<\/p>\n<p style=\"text-align: justify;\">Segundo o programa da forma\u00e7\u00e3o de animadores e educadores da f\u00e9, o dia seguinte, 5 de setembro, \u201c\u00e9 tempo de forma\u00e7\u00e3o, partilha e encontro\u201d, com sete workshops e dois temas gerais, \u201cmomentos em comum, tempo para respirar e para te re-animar\u201d, entre as 09h30 e as 16h30, com inscri\u00e7\u00e3o obrigat\u00f3ria.<\/p>\n<p style=\"text-align: justify;\">No \u00e2mbito do \u2018<a href=\"https:\/\/www.facebook.com\/svafe\/posts\/pfbid0HnyWc2KGBnmCuo89MNA9Nha5ecVw6iMfrbKrpZeciMuLnf5sGaJqhe5snneKb41ol\" target=\"_blank\" rel=\"noopener\">re[anima]<\/a>\u2019, a organiza\u00e7\u00e3o cita o Papa Francisco, na Exorta\u00e7\u00e3o Apost\u00f3lica p\u00f3s-sinodal\u00a0 \u2018Christus Vivit\u2019 ((Cristo Vive\/254): \u201cPorque toda a pastoral \u00e9 vocacional. Toda a forma\u00e7\u00e3o \u00e9 vocacional. Toda a espiritualidade \u00e9 vocacional.\u201d<\/p>\n<p style=\"text-align: justify;\">A Diocese de Aveiro, atrav\u00e9s do Servi\u00e7o de Voca\u00e7\u00f5es, Acolhimento e Forma\u00e7\u00e3o Espiritual, vai realizar esta iniciativa nos Semin\u00e1rio Diocesano de Santa Joana Princesa, as inscri\u00e7\u00f5es abriram esta sexta-feira, dia 17.<\/p>\n<p style=\"text-align: justify;\">O Servi\u00e7o Diocesano da Pastoral das Voca\u00e7\u00f5es anima e acompanha o itiner\u00e1rio vocacional de adolescentes, jovens e adultos da Diocese de Aveiro.<\/p>\n<p><em>CB<\/em><\/p>\n<div class=\"mgl-root\">\n<div class=\"mgl-gallery-container\">\n<div class=\"go1504169826 mgl-tiles-container\">\n<div id=\"mgl-gallery-6a5d0d302bc42\" class=\"mgl-gallery mgl-tiles captions-none\">\n<div class=\"mgl-row mgl-layout-2-ii\" data-row-layout=\"ii\">\n<div class=\"mgl-box a\">\n<figure class=\"go3246185346 mgl-item \" data-mgl-id=\"435024\" data-mgl-width=\"1080\" data-mgl-height=\"1350\">\n<div class=\"mgl-icon\">\n<div class=\"mgl-img-container\" tabindex=\"0\"><a class=\"\" href=\"https:\/\/agencia.ecclesia.pt\/portal\/wp-content\/uploads\/2026\/07\/Aveiro_formacao-reanima_setembro-2026-1.jpg\" target=\"_self\" rel=\"\" aria-label=\"\"><img loading=\"lazy\" decoding=\"async\" class=\"wp-image-435024 alignleft\" draggable=\"\" src=\"https:\/\/agencia.ecclesia.pt\/portal\/wp-content\/uploads\/2026\/07\/Aveiro_formacao-reanima_setembro-2026-1-224x280.jpg\" sizes=\"auto, 50vw\" srcset=\"https:\/\/agencia.ecclesia.pt\/portal\/wp-content\/uploads\/2026\/07\/Aveiro_formacao-reanima_setembro-2026-1-224x280.jpg 224w, https:\/\/agencia.ecclesia.pt\/portal\/wp-content\/uploads\/2026\/07\/Aveiro_formacao-reanima_setembro-2026-1-819x1024.jpg 819w, https:\/\/agencia.ecclesia.pt\/portal\/wp-content\/uploads\/2026\/07\/Aveiro_formacao-reanima_setembro-2026-1-768x960.jpg 768w, https:\/\/agencia.ecclesia.pt\/portal\/wp-content\/uploads\/2026\/07\/Aveiro_formacao-reanima_setembro-2026-1.jpg 1080w\" alt=\"\" width=\"224\" height=\"280\" \/><\/a><\/div>\n<\/div>\n<\/figure>\n<\/div>\n<div class=\"mgl-box b\">\n<figure class=\"go3246185346 mgl-item \" data-mgl-id=\"435023\" data-mgl-width=\"1080\" data-mgl-height=\"1350\">\n<div class=\"mgl-icon\">\n<div class=\"mgl-img-container\" tabindex=\"0\"><a class=\"\" href=\"https:\/\/agencia.ecclesia.pt\/portal\/wp-content\/uploads\/2026\/07\/Aveiro_formacao-reanima_setembro-2026-2.jpg\" target=\"_self\" rel=\"\" aria-label=\"\"><img loading=\"lazy\" decoding=\"async\" class=\"wp-image-435023 alignleft\" draggable=\"\" src=\"https:\/\/agencia.ecclesia.pt\/portal\/wp-content\/uploads\/2026\/07\/Aveiro_formacao-reanima_setembro-2026-2-224x280.jpg\" sizes=\"auto, 50vw\" srcset=\"https:\/\/agencia.ecclesia.pt\/portal\/wp-content\/uploads\/2026\/07\/Aveiro_formacao-reanima_setembro-2026-2-224x280.jpg 224w, https:\/\/agencia.ecclesia.pt\/portal\/wp-content\/uploads\/2026\/07\/Aveiro_formacao-reanima_setembro-2026-2-819x1024.jpg 819w, https:\/\/agencia.ecclesia.pt\/portal\/wp-content\/uploads\/2026\/07\/Aveiro_formacao-reanima_setembro-2026-2-768x960.jpg 768w, https:\/\/agencia.ecclesia.pt\/portal\/wp-content\/uploads\/2026\/07\/Aveiro_formacao-reanima_setembro-2026-2.jpg 1080w\" alt=\"\" width=\"224\" height=\"280\" \/><\/a><\/div>\n<\/div>\n<\/figure>\n<\/div>\n<\/div>\n<\/div>\n<\/div>\n<\/div>\n<\/div>\n<div class=\"addtoany_share_save_container addtoany_content addtoany_content_bottom\">\n<div class=\"addtoany_header\"><\/div>\n<\/div>\n","protected":false},"excerpt":{"rendered":"<p>Not\u00edcia e foto<\/p>\n","protected":false},"author":1,"featured_media":21273,"comment_status":"closed","ping_status":"closed","sticky":false,"template":"","format":"standard","meta":{"footnotes":""},"categories":[11,8],"tags":[],"class_list":["post-21272","post","type-post","status-publish","format-standard","has-post-thumbnail","hentry","category-acontece","category-em-cartaz"],"_links":{"self":[{"href":"https:\/\/diocese-aveiro.pt\/cultura\/wp-json\/wp\/v2\/posts\/21272","targetHints":{"allow":["GET"]}}],"collection":[{"href":"https:\/\/diocese-aveiro.pt\/cultura\/wp-json\/wp\/v2\/posts"}],"about":[{"href":"https:\/\/diocese-aveiro.pt\/cultura\/wp-json\/wp\/v2\/types\/post"}],"author":[{"embeddable":true,"href":"https:\/\/diocese-aveiro.pt\/cultura\/wp-json\/wp\/v2\/users\/1"}],"replies":[{"embeddable":true,"href":"https:\/\/diocese-aveiro.pt\/cultura\/wp-json\/wp\/v2\/comments?post=21272"}],"version-history":[{"count":1,"href":"https:\/\/diocese-aveiro.pt\/cultura\/wp-json\/wp\/v2\/posts\/21272\/revisions"}],"predecessor-version":[{"id":21274,"href":"https:\/\/diocese-aveiro.pt\/cultura\/wp-json\/wp\/v2\/posts\/21272\/revisions\/21274"}],"wp:featuredmedia":[{"embeddable":true,"href":"https:\/\/diocese-aveiro.pt\/cultura\/wp-json\/wp\/v2\/media\/21273"}],"wp:attachment":[{"href":"https:\/\/diocese-aveiro.pt\/cultura\/wp-json\/wp\/v2\/media?parent=21272"}],"wp:term":[{"taxonomy":"category","embeddable":true,"href":"https:\/\/diocese-aveiro.pt\/cultura\/wp-json\/wp\/v2\/categories?post=21272"},{"taxonomy":"post_tag","embeddable":true,"href":"https:\/\/diocese-aveiro.pt\/cultura\/wp-json\/wp\/v2\/tags?post=21272"}],"curies":[{"name":"wp","href":"https:\/\/api.w.org\/{rel}","templated":true}]}}