{"id":20909,"date":"2026-05-12T20:13:10","date_gmt":"2026-05-12T19:13:10","guid":{"rendered":"https:\/\/diocese-aveiro.pt\/cultura\/?p=20909"},"modified":"2026-05-12T20:13:10","modified_gmt":"2026-05-12T19:13:10","slug":"quiz-teste-a-sua-cultura-religiosa-397","status":"publish","type":"post","link":"https:\/\/diocese-aveiro.pt\/cultura\/quiz-teste-a-sua-cultura-religiosa-397\/","title":{"rendered":"Quiz | Teste a sua cultura religiosa 397"},"content":{"rendered":"<h3 style=\"text-align: center;\">COMO EST\u00c1 A SUA CULTURA RELIGIOSA?<\/h3>\n<h6 style=\"text-align: center;\">(Uma parceria com o <a href=\"https:\/\/diocese-aveiro.pt\/cv\/\" target=\"_blank\" rel=\"noopener\">Correio do Vouga<\/a>)<\/h6>\n<p style=\"text-align: center;\">Carregue na imagem abaixo e responda ao <em>quiz<\/em><a href=\"https:\/\/forms.gle\/jsST4hxbKVgN8neY9\" target=\"_blank\" rel=\"noopener\"><img loading=\"lazy\" decoding=\"async\" class=\"wp-image-20910 aligncenter\" src=\"https:\/\/diocese-aveiro.pt\/cultura\/wp-content\/uploads\/2026\/05\/People_looking_miracle_sun.jpg\" alt=\"\" width=\"201\" height=\"142\" srcset=\"https:\/\/diocese-aveiro.pt\/cultura\/wp-content\/uploads\/2026\/05\/People_looking_miracle_sun.jpg 960w, https:\/\/diocese-aveiro.pt\/cultura\/wp-content\/uploads\/2026\/05\/People_looking_miracle_sun-300x212.jpg 300w, https:\/\/diocese-aveiro.pt\/cultura\/wp-content\/uploads\/2026\/05\/People_looking_miracle_sun-768x543.jpg 768w, https:\/\/diocese-aveiro.pt\/cultura\/wp-content\/uploads\/2026\/05\/People_looking_miracle_sun-600x424.jpg 600w\" sizes=\"auto, (max-width: 201px) 100vw, 201px\" \/><\/a><\/p>\n<hr \/>\n<h6 style=\"text-align: right;\">Uma fotografia do momento do\u00a0<i id=\"mwRQ\"><a id=\"mwRg\" title=\"Milagre do Sol\" href=\"https:\/\/pt.wikipedia.org\/wiki\/Milagre_do_Sol\" rel=\"mw:WikiLink\">Milagre do Sol<\/a><\/i>, o fen\u00f3meno ocorrido por ocasi\u00e3o das apari\u00e7\u00f5es de F\u00e1tima<\/h6>\n","protected":false},"excerpt":{"rendered":"<p>COMO EST\u00c1 A<\/p>\n","protected":false},"author":1,"featured_media":20910,"comment_status":"closed","ping_status":"closed","sticky":false,"template":"","format":"standard","meta":{"footnotes":""},"categories":[83],"tags":[],"class_list":["post-20909","post","type-post","status-publish","format-standard","has-post-thumbnail","hentry","category-o-que-sabe"],"_links":{"self":[{"href":"https:\/\/diocese-aveiro.pt\/cultura\/wp-json\/wp\/v2\/posts\/20909","targetHints":{"allow":["GET"]}}],"collection":[{"href":"https:\/\/diocese-aveiro.pt\/cultura\/wp-json\/wp\/v2\/posts"}],"about":[{"href":"https:\/\/diocese-aveiro.pt\/cultura\/wp-json\/wp\/v2\/types\/post"}],"author":[{"embeddable":true,"href":"https:\/\/diocese-aveiro.pt\/cultura\/wp-json\/wp\/v2\/users\/1"}],"replies":[{"embeddable":true,"href":"https:\/\/diocese-aveiro.pt\/cultura\/wp-json\/wp\/v2\/comments?post=20909"}],"version-history":[{"count":1,"href":"https:\/\/diocese-aveiro.pt\/cultura\/wp-json\/wp\/v2\/posts\/20909\/revisions"}],"predecessor-version":[{"id":20911,"href":"https:\/\/diocese-aveiro.pt\/cultura\/wp-json\/wp\/v2\/posts\/20909\/revisions\/20911"}],"wp:featuredmedia":[{"embeddable":true,"href":"https:\/\/diocese-aveiro.pt\/cultura\/wp-json\/wp\/v2\/media\/20910"}],"wp:attachment":[{"href":"https:\/\/diocese-aveiro.pt\/cultura\/wp-json\/wp\/v2\/media?parent=20909"}],"wp:term":[{"taxonomy":"category","embeddable":true,"href":"https:\/\/diocese-aveiro.pt\/cultura\/wp-json\/wp\/v2\/categories?post=20909"},{"taxonomy":"post_tag","embeddable":true,"href":"https:\/\/diocese-aveiro.pt\/cultura\/wp-json\/wp\/v2\/tags?post=20909"}],"curies":[{"name":"wp","href":"https:\/\/api.w.org\/{rel}","templated":true}]}}