{"id":20851,"date":"2026-04-29T19:22:04","date_gmt":"2026-04-29T18:22:04","guid":{"rendered":"https:\/\/diocese-aveiro.pt\/cultura\/?p=20851"},"modified":"2026-04-29T19:22:04","modified_gmt":"2026-04-29T18:22:04","slug":"ciencia-e-fe-vaticano-uniao-astronomica-atribui-nome-do-papa-leao-xiii-a-asteroide","status":"publish","type":"post","link":"https:\/\/diocese-aveiro.pt\/cultura\/ciencia-e-fe-vaticano-uniao-astronomica-atribui-nome-do-papa-leao-xiii-a-asteroide\/","title":{"rendered":"Ci\u00eancia e F\u00e9 | Vaticano: Uni\u00e3o Astron\u00f3mica atribui nome do Papa Le\u00e3o XIII a asteroide"},"content":{"rendered":"<h6 style=\"text-align: right;\">Ci\u00eancia e F\u00e9 | Pessoas, eventos e sinais de encontro entre ci\u00eancia e f\u00e9, f\u00e9 e ci\u00eancia<\/h6>\n<hr \/>\n<h6 style=\"text-align: right;\">Not\u00edcia e foto recolhidas da<a href=\"https:\/\/agencia.ecclesia.pt\/portal\/vaticano-uniao-astronomica-atribui-nome-do-papa-leao-xiii-a-asteroide\/\" target=\"_blank\" rel=\"noopener\"> Ag\u00eancia Ecclesia<\/a><\/h6>\n<p style=\"text-align: justify;\">O Observat\u00f3rio Astron\u00f3mico do Vaticano anunciou hoje a atribui\u00e7\u00e3o do nome do Papa Le\u00e3o XIII a um asteroide, homenageando o refundador da institui\u00e7\u00e3o cient\u00edfica em 1891.<\/p>\n<p style=\"text-align: justify;\">A decis\u00e3o reconhece tamb\u00e9m tr\u00eas outros investigadores ligados \u00e0 Specola Vaticana, cujos nomes batizam agora corpos celestes descobertos atrav\u00e9s do Telesc\u00f3pio de Tecnologia Avan\u00e7ada do Vaticano, no Arizona (EUA).<\/p>\n<p style=\"text-align: justify;\">O asteroide \u2018(858334) Gioacchinopecci\u2019 eterniza o nome de batismo do pont\u00edfice italiano Gioacchino Vincenzo Pecci, respons\u00e1vel por reativar as estruturas de observa\u00e7\u00e3o da Igreja Cat\u00f3lica ap\u00f3s a perda dos territ\u00f3rios pontif\u00edcios.<\/p>\n<p style=\"text-align: justify;\">A inten\u00e7\u00e3o original do Papa Le\u00e3o XIII passava por demonstrar o apoio da institui\u00e7\u00e3o ao desenvolvimento do conhecimento.<\/p>\n<p style=\"text-align: justify;\">A Uni\u00e3o Astron\u00f3mica Internacional oficializou igualmente as designa\u00e7\u00f5es \u2018(836955) Lais\u2019, \u2018(836275) Pietromaffi\u2019 e \u2018(688696) Bertiau\u2019, prestando tributo a antigos dirigentes e colaboradores.<\/p>\n<p style=\"text-align: justify;\">Os homenageados incluem o sacerdote italiano Giuseppe Lais, vice-diretor do observat\u00f3rio durante tr\u00eas d\u00e9cadas, e o cardeal Pietro Maffi, respons\u00e1vel pela entrega da organiza\u00e7\u00e3o \u00e0 Companhia de Jesus.<\/p>\n<p style=\"text-align: justify;\">A distin\u00e7\u00e3o estende-se ao jesu\u00edta belga Florent Constant Bertiau, pioneiro na an\u00e1lise computorizada de dados e fundador do Centro de C\u00e1lculo do Observat\u00f3rio Vaticano.<\/p>\n<p style=\"text-align: justify;\">A identifica\u00e7\u00e3o dos quatro corpos celestes resultou do trabalho conjunto do astr\u00f3nomo lituano Kazimieras Cernis e do padre jesu\u00edta Richard Boyle.<\/p>\n<p style=\"text-align: justify;\">O processo de nomenclatura oficial exige a determina\u00e7\u00e3o exata da \u00f3rbita espacial, substituindo a designa\u00e7\u00e3o num\u00e9rica provis\u00f3ria atribu\u00edda no momento da descoberta inicial.<\/p>\n<p style=\"text-align: justify;\"><em>OC<\/em><\/p>\n<p style=\"text-align: justify;\">\n","protected":false},"excerpt":{"rendered":"<p>Ci\u00eancia e F\u00e9<\/p>\n","protected":false},"author":1,"featured_media":20853,"comment_status":"closed","ping_status":"closed","sticky":false,"template":"","format":"standard","meta":{"footnotes":""},"categories":[236],"tags":[],"class_list":["post-20851","post","type-post","status-publish","format-standard","has-post-thumbnail","hentry","category-ciencia-e-fe"],"_links":{"self":[{"href":"https:\/\/diocese-aveiro.pt\/cultura\/wp-json\/wp\/v2\/posts\/20851","targetHints":{"allow":["GET"]}}],"collection":[{"href":"https:\/\/diocese-aveiro.pt\/cultura\/wp-json\/wp\/v2\/posts"}],"about":[{"href":"https:\/\/diocese-aveiro.pt\/cultura\/wp-json\/wp\/v2\/types\/post"}],"author":[{"embeddable":true,"href":"https:\/\/diocese-aveiro.pt\/cultura\/wp-json\/wp\/v2\/users\/1"}],"replies":[{"embeddable":true,"href":"https:\/\/diocese-aveiro.pt\/cultura\/wp-json\/wp\/v2\/comments?post=20851"}],"version-history":[{"count":1,"href":"https:\/\/diocese-aveiro.pt\/cultura\/wp-json\/wp\/v2\/posts\/20851\/revisions"}],"predecessor-version":[{"id":20854,"href":"https:\/\/diocese-aveiro.pt\/cultura\/wp-json\/wp\/v2\/posts\/20851\/revisions\/20854"}],"wp:featuredmedia":[{"embeddable":true,"href":"https:\/\/diocese-aveiro.pt\/cultura\/wp-json\/wp\/v2\/media\/20853"}],"wp:attachment":[{"href":"https:\/\/diocese-aveiro.pt\/cultura\/wp-json\/wp\/v2\/media?parent=20851"}],"wp:term":[{"taxonomy":"category","embeddable":true,"href":"https:\/\/diocese-aveiro.pt\/cultura\/wp-json\/wp\/v2\/categories?post=20851"},{"taxonomy":"post_tag","embeddable":true,"href":"https:\/\/diocese-aveiro.pt\/cultura\/wp-json\/wp\/v2\/tags?post=20851"}],"curies":[{"name":"wp","href":"https:\/\/api.w.org\/{rel}","templated":true}]}}