{"id":20848,"date":"2026-04-29T19:14:57","date_gmt":"2026-04-29T18:14:57","guid":{"rendered":"https:\/\/diocese-aveiro.pt\/cultura\/?p=20848"},"modified":"2026-04-29T19:15:37","modified_gmt":"2026-04-29T18:15:37","slug":"sinais-24-da-ua-para-a-ia","status":"publish","type":"post","link":"https:\/\/diocese-aveiro.pt\/cultura\/sinais-24-da-ua-para-a-ia\/","title":{"rendered":"Sinais | 24 | Da UA para a IA"},"content":{"rendered":"<h6 style=\"text-align: right;\"><em>Sinais<\/em> | Leitura de &#8216;sinais&#8217; inquietantes | Rubrica promovida em parceria com o <a href=\"https:\/\/www.facebook.com\/correiodovouga\/?locale=pt_PT\" target=\"_blank\" rel=\"noopener\">Correio do Vouga<\/a><\/h6>\n<hr \/>\n<h2 style=\"font-weight: 400; text-align: center;\"><\/h2>\n<h2 style=\"font-weight: 400; text-align: center;\"><strong>Da UA para a IA<\/strong><\/h2>\n<p style=\"text-align: center;\">Ant\u00f3nio Jorge Pires Ferreira<\/p>\n<p style=\"text-align: justify;\">A intelig\u00eancia artificial (IA) est\u00e1 realmente a transformar o modo como aprendemos, trabalhamos, pensamos e at\u00e9 acreditamos. Como nova tecnologia que \u00e9, h\u00e1 sempre duas grandes tend\u00eancias quando se trata de avaliar as suas consequ\u00eancias: a dos apocal\u00edpticos e a dos integrados, para seguir o c\u00e9lebre t\u00edtulo de um ensaio de Umberto Eco. Os apocal\u00edpticos s\u00e3o aqueles que acham que \u00e9 o fim do mundo. Ou, pelo menos, o fim de um mundo. E por isso, avan\u00e7am rapidamente e em for\u00e7a (os entusiastas) ou odeiam e receiam qualquer mudan\u00e7a (os tropof\u00f3bicos; os luditas, que no tempo da revolu\u00e7\u00e3o industrial entravam pelas f\u00e1bricas adentro para destruir as m\u00e1quinas; ou os sabotadores, que lan\u00e7avam tamancos \u2013 \u201csabot\u201d em franc\u00eas \u2013 nas engrenagens para paralisar a produ\u00e7\u00e3o \u2013 e da\u00ed \u201csabotagem\u201d).<\/p>\n<p style=\"text-align: justify;\">Os integrados, com mais ou menos cr\u00edtica, acabam por aceitar as mudan\u00e7as. Pensam-nas e perguntam: \u201cO que muda? O que \u00e9 que podemos ou devemos fazer?\u201d Estas perguntas est\u00e3o a faz\u00ea-las a Universidade de Aveiro (UA), e, com certeza, muitas outras institui\u00e7\u00f5es de ensino. Com a IA \u00e0 dist\u00e2ncia de um clique, os alunos j\u00e1 n\u00e3o v\u00e3o \u00e0s aulas te\u00f3ricas (s\u00f3 \u00e0s pr\u00e1ticas, que s\u00e3o obrigat\u00f3rias). H\u00e1 professores que esperam, esperam, esperam e n\u00e3o aparece nem um aluno, quando antes as salas estavam cheias. Est\u00e1 tudo na IA, geralmente muito bem explicadinho. Para qu\u00ea ir \u00e0s aulas? Tudo indica que a IA vai dispensar muitos professores do ensino superior. Ou tamb\u00e9m o ensino tem de mudar.<\/p>\n<hr \/>\n<p style=\"text-align: right;\">Imagem de\u00a0<a href=\"https:\/\/pixabay.com\/pt\/users\/geralt-9301\/?utm_source=link-attribution&amp;utm_medium=referral&amp;utm_campaign=image&amp;utm_content=5814961\">Gerd Altmann<\/a>\u00a0por\u00a0<a href=\"https:\/\/pixabay.com\/pt\/\/?utm_source=link-attribution&amp;utm_medium=referral&amp;utm_campaign=image&amp;utm_content=5814961\">Pixabay<\/a><\/p>\n","protected":false},"excerpt":{"rendered":"<p>Sinais | Leitura<\/p>\n","protected":false},"author":1,"featured_media":20849,"comment_status":"closed","ping_status":"closed","sticky":false,"template":"","format":"standard","meta":{"footnotes":""},"categories":[48,228],"tags":[],"class_list":["post-20848","post","type-post","status-publish","format-standard","has-post-thumbnail","hentry","category-antonio-jorge-pires-ferreira","category-sinais"],"_links":{"self":[{"href":"https:\/\/diocese-aveiro.pt\/cultura\/wp-json\/wp\/v2\/posts\/20848","targetHints":{"allow":["GET"]}}],"collection":[{"href":"https:\/\/diocese-aveiro.pt\/cultura\/wp-json\/wp\/v2\/posts"}],"about":[{"href":"https:\/\/diocese-aveiro.pt\/cultura\/wp-json\/wp\/v2\/types\/post"}],"author":[{"embeddable":true,"href":"https:\/\/diocese-aveiro.pt\/cultura\/wp-json\/wp\/v2\/users\/1"}],"replies":[{"embeddable":true,"href":"https:\/\/diocese-aveiro.pt\/cultura\/wp-json\/wp\/v2\/comments?post=20848"}],"version-history":[{"count":1,"href":"https:\/\/diocese-aveiro.pt\/cultura\/wp-json\/wp\/v2\/posts\/20848\/revisions"}],"predecessor-version":[{"id":20850,"href":"https:\/\/diocese-aveiro.pt\/cultura\/wp-json\/wp\/v2\/posts\/20848\/revisions\/20850"}],"wp:featuredmedia":[{"embeddable":true,"href":"https:\/\/diocese-aveiro.pt\/cultura\/wp-json\/wp\/v2\/media\/20849"}],"wp:attachment":[{"href":"https:\/\/diocese-aveiro.pt\/cultura\/wp-json\/wp\/v2\/media?parent=20848"}],"wp:term":[{"taxonomy":"category","embeddable":true,"href":"https:\/\/diocese-aveiro.pt\/cultura\/wp-json\/wp\/v2\/categories?post=20848"},{"taxonomy":"post_tag","embeddable":true,"href":"https:\/\/diocese-aveiro.pt\/cultura\/wp-json\/wp\/v2\/tags?post=20848"}],"curies":[{"name":"wp","href":"https:\/\/api.w.org\/{rel}","templated":true}]}}