{"id":20845,"date":"2026-04-29T19:07:09","date_gmt":"2026-04-29T18:07:09","guid":{"rendered":"https:\/\/diocese-aveiro.pt\/cultura\/?p=20845"},"modified":"2026-04-29T19:07:09","modified_gmt":"2026-04-29T18:07:09","slug":"sinais-23-esperanca-numa-das-maiores-lixeiras-de-africa","status":"publish","type":"post","link":"https:\/\/diocese-aveiro.pt\/cultura\/sinais-23-esperanca-numa-das-maiores-lixeiras-de-africa\/","title":{"rendered":"Sinais | 23 | Esperan\u00e7a numa das maiores lixeiras de \u00c1frica"},"content":{"rendered":"<h6 style=\"text-align: right;\"><em>Sinais<\/em> | Leitura de &#8216;sinais&#8217; inquietantes | Rubrica promovida em parceria com o <a href=\"https:\/\/www.facebook.com\/correiodovouga\/?locale=pt_PT\" target=\"_blank\" rel=\"noopener\">Correio do Vouga<\/a><\/h6>\n<hr \/>\n<h2 style=\"font-weight: 400; text-align: center;\"><\/h2>\n<h2 style=\"font-weight: 400; text-align: center;\"><strong>Esperan\u00e7a numa das maiores lixeiras de \u00c1frica<\/strong><\/h2>\n<p style=\"text-align: center;\">Ant\u00f3nio Jorge Pires Ferreira<\/p>\n<p style=\"text-align: justify;\">Na semana passada, em colabora\u00e7\u00e3o com a Funda\u00e7\u00e3o Ajuda \u00e0 Igreja que Sofre, public\u00e1mos uma reportagem sobre a miss\u00e3o do padre Subah, que vive na favela de Agbogbloshie (Gana, \u00c1frica), uma das maiores lixeiras de \u00c1frica, acompanhando os que catam lixo eletr\u00f3nico proveniente principalmente da Europa. Por coincid\u00eancia, a Revista do Expresso de sexta-feira passada traz uma reportagem sobre o mesmo local, \u201cOs ecr\u00e3s, quando morrem, v\u00eam para aqui\u201d. Se no texto do CV o foco est\u00e1 no padre que procura cuidados de sa\u00fade e de edu\u00e7\u00e3o para os catadores de lixo, no texto do Expresso destacam-se as organiza\u00e7\u00f5es que ensinam m\u00e9todos menos poluentes de extrair do lixo eletr\u00f3nico os metais valiosos, ao mesmo tempo que deixam um recado aos europeus: \u00e9 preciso reutilizar (telem\u00f3veis, televis\u00f5es, computadores\u2026) antes de reciclar. Em ambos, sinais de esperan\u00e7a na grande lixeira.<\/p>\n<p>&nbsp;<\/p>\n<hr \/>\n<p style=\"text-align: right;\">Foto: <a href=\"https:\/\/en.wikipedia.org\/wiki\/Agbogbloshie#\/media\/File:Agbogbloshie.JPG\" target=\"_blank\" rel=\"noopener\">Ganeses a trabalhar na favela de Agbogbloshie\u00a0<\/a><\/p>\n","protected":false},"excerpt":{"rendered":"<p>Sinais | Leitura<\/p>\n","protected":false},"author":1,"featured_media":20846,"comment_status":"closed","ping_status":"closed","sticky":false,"template":"","format":"standard","meta":{"footnotes":""},"categories":[48,228],"tags":[],"class_list":["post-20845","post","type-post","status-publish","format-standard","has-post-thumbnail","hentry","category-antonio-jorge-pires-ferreira","category-sinais"],"_links":{"self":[{"href":"https:\/\/diocese-aveiro.pt\/cultura\/wp-json\/wp\/v2\/posts\/20845","targetHints":{"allow":["GET"]}}],"collection":[{"href":"https:\/\/diocese-aveiro.pt\/cultura\/wp-json\/wp\/v2\/posts"}],"about":[{"href":"https:\/\/diocese-aveiro.pt\/cultura\/wp-json\/wp\/v2\/types\/post"}],"author":[{"embeddable":true,"href":"https:\/\/diocese-aveiro.pt\/cultura\/wp-json\/wp\/v2\/users\/1"}],"replies":[{"embeddable":true,"href":"https:\/\/diocese-aveiro.pt\/cultura\/wp-json\/wp\/v2\/comments?post=20845"}],"version-history":[{"count":1,"href":"https:\/\/diocese-aveiro.pt\/cultura\/wp-json\/wp\/v2\/posts\/20845\/revisions"}],"predecessor-version":[{"id":20847,"href":"https:\/\/diocese-aveiro.pt\/cultura\/wp-json\/wp\/v2\/posts\/20845\/revisions\/20847"}],"wp:featuredmedia":[{"embeddable":true,"href":"https:\/\/diocese-aveiro.pt\/cultura\/wp-json\/wp\/v2\/media\/20846"}],"wp:attachment":[{"href":"https:\/\/diocese-aveiro.pt\/cultura\/wp-json\/wp\/v2\/media?parent=20845"}],"wp:term":[{"taxonomy":"category","embeddable":true,"href":"https:\/\/diocese-aveiro.pt\/cultura\/wp-json\/wp\/v2\/categories?post=20845"},{"taxonomy":"post_tag","embeddable":true,"href":"https:\/\/diocese-aveiro.pt\/cultura\/wp-json\/wp\/v2\/tags?post=20845"}],"curies":[{"name":"wp","href":"https:\/\/api.w.org\/{rel}","templated":true}]}}