{"id":20842,"date":"2026-04-29T19:01:21","date_gmt":"2026-04-29T18:01:21","guid":{"rendered":"https:\/\/diocese-aveiro.pt\/cultura\/?p=20842"},"modified":"2026-04-29T19:01:21","modified_gmt":"2026-04-29T18:01:21","slug":"sinais-22-fim-do-ecos-da-ria","status":"publish","type":"post","link":"https:\/\/diocese-aveiro.pt\/cultura\/sinais-22-fim-do-ecos-da-ria\/","title":{"rendered":"Sinais | 22 | Fim do \u201cEcos da Ria\u201d"},"content":{"rendered":"<h6 style=\"text-align: right;\"><em>Sinais<\/em> | Leitura de &#8216;sinais&#8217; inquietantes | Rubrica promovida em parceria com o <a href=\"https:\/\/www.facebook.com\/correiodovouga\/?locale=pt_PT\" target=\"_blank\" rel=\"noopener\">Correio do Vouga<\/a><\/h6>\n<hr \/>\n<h2 style=\"font-weight: 400; text-align: center;\"><\/h2>\n<h2 style=\"font-weight: 400; text-align: center;\"><strong>Fim do \u201cEcos da Ria\u201d<\/strong><\/h2>\n<p style=\"text-align: center;\">Ant\u00f3nio Jorge Pires Ferreira<\/p>\n<p>&nbsp;<\/p>\n<p style=\"text-align: justify;\">Os jornais tamb\u00e9m acabam e, quanto a mim, isso n\u00e3o \u00e9 nenhuma trag\u00e9dia. Quando os meios n\u00e3o servem (e podem deixar de servir, depois de muito terem servido), mudam-se. A comunica\u00e7\u00e3o \u00e9 que n\u00e3o pode acabar. Tem de encontrar novos canais, novas modalidades. No caso do \u201cEcos da Ria\u201d, jornal da par\u00f3quia de S\u00e3o Tiago de Bedu\u00eddo,<br \/>\nfico um pouco mais triste, mas por uma raz\u00e3o particular. Foi o primeiro jornal onde escrevi, a\u00ed pelos 13 ou 14 anos, com o acompanhamento da S\u00e3o Nunes do Ant\u00f3nio Aresta e do P.e Ant\u00f3nio Fragoso. O meu muito obrigado ao \u201cEcos da Ria\u201d e aos volunt\u00e1rios que o fizeram.<\/p>\n","protected":false},"excerpt":{"rendered":"<p>Sinais | Leitura<\/p>\n","protected":false},"author":1,"featured_media":20843,"comment_status":"closed","ping_status":"closed","sticky":false,"template":"","format":"standard","meta":{"footnotes":""},"categories":[48,228],"tags":[],"class_list":["post-20842","post","type-post","status-publish","format-standard","has-post-thumbnail","hentry","category-antonio-jorge-pires-ferreira","category-sinais"],"_links":{"self":[{"href":"https:\/\/diocese-aveiro.pt\/cultura\/wp-json\/wp\/v2\/posts\/20842","targetHints":{"allow":["GET"]}}],"collection":[{"href":"https:\/\/diocese-aveiro.pt\/cultura\/wp-json\/wp\/v2\/posts"}],"about":[{"href":"https:\/\/diocese-aveiro.pt\/cultura\/wp-json\/wp\/v2\/types\/post"}],"author":[{"embeddable":true,"href":"https:\/\/diocese-aveiro.pt\/cultura\/wp-json\/wp\/v2\/users\/1"}],"replies":[{"embeddable":true,"href":"https:\/\/diocese-aveiro.pt\/cultura\/wp-json\/wp\/v2\/comments?post=20842"}],"version-history":[{"count":1,"href":"https:\/\/diocese-aveiro.pt\/cultura\/wp-json\/wp\/v2\/posts\/20842\/revisions"}],"predecessor-version":[{"id":20844,"href":"https:\/\/diocese-aveiro.pt\/cultura\/wp-json\/wp\/v2\/posts\/20842\/revisions\/20844"}],"wp:featuredmedia":[{"embeddable":true,"href":"https:\/\/diocese-aveiro.pt\/cultura\/wp-json\/wp\/v2\/media\/20843"}],"wp:attachment":[{"href":"https:\/\/diocese-aveiro.pt\/cultura\/wp-json\/wp\/v2\/media?parent=20842"}],"wp:term":[{"taxonomy":"category","embeddable":true,"href":"https:\/\/diocese-aveiro.pt\/cultura\/wp-json\/wp\/v2\/categories?post=20842"},{"taxonomy":"post_tag","embeddable":true,"href":"https:\/\/diocese-aveiro.pt\/cultura\/wp-json\/wp\/v2\/tags?post=20842"}],"curies":[{"name":"wp","href":"https:\/\/api.w.org\/{rel}","templated":true}]}}