{"id":20838,"date":"2026-05-03T07:00:21","date_gmt":"2026-05-03T06:00:21","guid":{"rendered":"https:\/\/diocese-aveiro.pt\/cultura\/?p=20838"},"modified":"2026-04-29T18:55:29","modified_gmt":"2026-04-29T17:55:29","slug":"ao-vencedor-da-vida-4-com-ligia-rodrigues-artista-plastica","status":"publish","type":"post","link":"https:\/\/diocese-aveiro.pt\/cultura\/ao-vencedor-da-vida-4-com-ligia-rodrigues-artista-plastica\/","title":{"rendered":"Ao Vencedor da Vida | 4 | com L\u00edgia Rodrigues, artista pl\u00e1stica"},"content":{"rendered":"<p style=\"text-align: center;\"><strong>Ao Vencedor da Vida<\/strong> | A P\u00e1scoa celebra a definitiva Passagem da Morte \u00e0 Vida, realizada na paix\u00e3o, morte e ressurrei\u00e7\u00e3o de Jesus Cristo. Ele \u00e9 o Vencedor da Vida e, n&#8217;Ele, toda a Cria\u00e7\u00e3o.<\/p>\n<p style=\"text-align: center;\">Pela m\u00e3o de <strong>L\u00edgia Rodrigues<\/strong>, fazemos, no tempo pascal, a experi\u00eancia simb\u00f3lica DE PASSAR DA MORTE \u00c0 VIDA.<\/p>\n<p>&nbsp;<\/p>\n<p><img loading=\"lazy\" decoding=\"async\" class=\"size-large wp-image-20839 aligncenter\" src=\"https:\/\/diocese-aveiro.pt\/cultura\/wp-content\/uploads\/2026\/04\/IMG_6658-948x1024.jpg\" alt=\"\" width=\"640\" height=\"691\" srcset=\"https:\/\/diocese-aveiro.pt\/cultura\/wp-content\/uploads\/2026\/04\/IMG_6658-948x1024.jpg 948w, https:\/\/diocese-aveiro.pt\/cultura\/wp-content\/uploads\/2026\/04\/IMG_6658-278x300.jpg 278w, https:\/\/diocese-aveiro.pt\/cultura\/wp-content\/uploads\/2026\/04\/IMG_6658-768x830.jpg 768w, https:\/\/diocese-aveiro.pt\/cultura\/wp-content\/uploads\/2026\/04\/IMG_6658-600x648.jpg 600w, https:\/\/diocese-aveiro.pt\/cultura\/wp-content\/uploads\/2026\/04\/IMG_6658.jpg 1185w\" sizes=\"auto, (max-width: 640px) 100vw, 640px\" \/><\/p>\n<hr \/>\n<div dir=\"ltr\" style=\"text-align: center;\"><i><span style=\"color: #ffab01;\">T\u00edtulo : \u201cda morte \u00e1 Vida- Ressurrei\u00e7\u00e3o do Cosmo\u201d<\/span><\/i><\/div>\n<div dir=\"ltr\" style=\"text-align: center;\"><i><span style=\"color: #ffab01;\">Tecnica : mista\/ gesso policromado\u00a0<\/span><\/i><\/div>\n<div dir=\"ltr\" style=\"text-align: center;\"><i><span style=\"color: #ffab01;\">Dimens\u00e3o : 60 x 60 (\u2248) cm<\/span><\/i><\/div>\n<div dir=\"ltr\" style=\"text-align: center;\"><i><span style=\"color: #ffab01;\">Ano: 2005<\/span><\/i><\/div>\n<div dir=\"ltr\" style=\"text-align: center;\"><i><span style=\"color: #ffab01;\">Autora: L\u00edgia Rodrigues<\/span><\/i><\/div>\n","protected":false},"excerpt":{"rendered":"<p>Ao Vencedor da<\/p>\n","protected":false},"author":1,"featured_media":20839,"comment_status":"closed","ping_status":"closed","sticky":false,"template":"","format":"standard","meta":{"footnotes":""},"categories":[233,211],"tags":[],"class_list":["post-20838","post","type-post","status-publish","format-standard","has-post-thumbnail","hentry","category-ao-vencedor-da-vida","category-ligia-rodrigues"],"_links":{"self":[{"href":"https:\/\/diocese-aveiro.pt\/cultura\/wp-json\/wp\/v2\/posts\/20838","targetHints":{"allow":["GET"]}}],"collection":[{"href":"https:\/\/diocese-aveiro.pt\/cultura\/wp-json\/wp\/v2\/posts"}],"about":[{"href":"https:\/\/diocese-aveiro.pt\/cultura\/wp-json\/wp\/v2\/types\/post"}],"author":[{"embeddable":true,"href":"https:\/\/diocese-aveiro.pt\/cultura\/wp-json\/wp\/v2\/users\/1"}],"replies":[{"embeddable":true,"href":"https:\/\/diocese-aveiro.pt\/cultura\/wp-json\/wp\/v2\/comments?post=20838"}],"version-history":[{"count":1,"href":"https:\/\/diocese-aveiro.pt\/cultura\/wp-json\/wp\/v2\/posts\/20838\/revisions"}],"predecessor-version":[{"id":20840,"href":"https:\/\/diocese-aveiro.pt\/cultura\/wp-json\/wp\/v2\/posts\/20838\/revisions\/20840"}],"wp:featuredmedia":[{"embeddable":true,"href":"https:\/\/diocese-aveiro.pt\/cultura\/wp-json\/wp\/v2\/media\/20839"}],"wp:attachment":[{"href":"https:\/\/diocese-aveiro.pt\/cultura\/wp-json\/wp\/v2\/media?parent=20838"}],"wp:term":[{"taxonomy":"category","embeddable":true,"href":"https:\/\/diocese-aveiro.pt\/cultura\/wp-json\/wp\/v2\/categories?post=20838"},{"taxonomy":"post_tag","embeddable":true,"href":"https:\/\/diocese-aveiro.pt\/cultura\/wp-json\/wp\/v2\/tags?post=20838"}],"curies":[{"name":"wp","href":"https:\/\/api.w.org\/{rel}","templated":true}]}}