{"id":20831,"date":"2026-04-27T22:02:09","date_gmt":"2026-04-27T21:02:09","guid":{"rendered":"https:\/\/diocese-aveiro.pt\/cultura\/?p=20831"},"modified":"2026-04-27T22:04:09","modified_gmt":"2026-04-27T21:04:09","slug":"acontece-igreja-do-carmo-aveiro-29-de-abril-de-2026-19-00h-performance-de-danca-contemporanea-passos-de-luz","status":"publish","type":"post","link":"https:\/\/diocese-aveiro.pt\/cultura\/acontece-igreja-do-carmo-aveiro-29-de-abril-de-2026-19-00h-performance-de-danca-contemporanea-passos-de-luz\/","title":{"rendered":"Acontece | Igreja do Carmo [Aveiro], 29 de abril de 2026 [19.00h.] | Performance de dan\u00e7a contempor\u00e2nea &#8216;Passos de Luz&#8217;"},"content":{"rendered":"<p>O qu\u00ea: Performance de dan\u00e7a contempor\u00e2nea &#8216;Passos de Luz&#8217;<\/p>\n<p>Quando: 29 de abril de 2026 [19.00h.]<\/p>\n<p>Onde: Igreja do Carmo [Aveiro]<\/p>\n<p>Organiza\u00e7\u00e3o: Par\u00f3quia da Vera Cruz [Aveiro]<\/p>\n<hr \/>\n<div dir=\"auto\" style=\"text-align: justify;\">A Par\u00f3quia da Vera Cruz, em Aveiro, atrav\u00e9s do seu projeto de cultura \u2018Comunid\u2019Arte\u2019, celebra na pr\u00f3xima quarta-feira do Dia Mundial da Dan\u00e7a. Depois de h\u00e1 uns anos ter promovido uma eucaristia dan\u00e7ava, agora convida a Escola de Dan\u00e7a GEMDA para uma performance contempor\u00e2nea. Ser\u00e1 no \u00e1trio da Igreja do Carmo, depois da eucaristia das 18h30, dando continuidade \u00e0 celebra\u00e7\u00e3o num momento ao qual deram o nome de \u201cPassos de Luz\u201d.<\/div>\n<div dir=\"auto\" style=\"text-align: justify;\">Convidamos a comunidade a celebrar o Dia Mundial da Dan\u00e7a connosco, deixando que este momento seja provoca\u00e7\u00e3o para a constru\u00e7\u00e3o de um mundo melhor, pelo menos onde a arte pode ser tamb\u00e9m ela Luz.<\/div>\n<div dir=\"auto\"><\/div>\n","protected":false},"excerpt":{"rendered":"<p>O qu\u00ea: Performance<\/p>\n","protected":false},"author":1,"featured_media":20832,"comment_status":"closed","ping_status":"closed","sticky":false,"template":"","format":"standard","meta":{"footnotes":""},"categories":[11,8],"tags":[],"class_list":["post-20831","post","type-post","status-publish","format-standard","has-post-thumbnail","hentry","category-acontece","category-em-cartaz"],"_links":{"self":[{"href":"https:\/\/diocese-aveiro.pt\/cultura\/wp-json\/wp\/v2\/posts\/20831","targetHints":{"allow":["GET"]}}],"collection":[{"href":"https:\/\/diocese-aveiro.pt\/cultura\/wp-json\/wp\/v2\/posts"}],"about":[{"href":"https:\/\/diocese-aveiro.pt\/cultura\/wp-json\/wp\/v2\/types\/post"}],"author":[{"embeddable":true,"href":"https:\/\/diocese-aveiro.pt\/cultura\/wp-json\/wp\/v2\/users\/1"}],"replies":[{"embeddable":true,"href":"https:\/\/diocese-aveiro.pt\/cultura\/wp-json\/wp\/v2\/comments?post=20831"}],"version-history":[{"count":1,"href":"https:\/\/diocese-aveiro.pt\/cultura\/wp-json\/wp\/v2\/posts\/20831\/revisions"}],"predecessor-version":[{"id":20833,"href":"https:\/\/diocese-aveiro.pt\/cultura\/wp-json\/wp\/v2\/posts\/20831\/revisions\/20833"}],"wp:featuredmedia":[{"embeddable":true,"href":"https:\/\/diocese-aveiro.pt\/cultura\/wp-json\/wp\/v2\/media\/20832"}],"wp:attachment":[{"href":"https:\/\/diocese-aveiro.pt\/cultura\/wp-json\/wp\/v2\/media?parent=20831"}],"wp:term":[{"taxonomy":"category","embeddable":true,"href":"https:\/\/diocese-aveiro.pt\/cultura\/wp-json\/wp\/v2\/categories?post=20831"},{"taxonomy":"post_tag","embeddable":true,"href":"https:\/\/diocese-aveiro.pt\/cultura\/wp-json\/wp\/v2\/tags?post=20831"}],"curies":[{"name":"wp","href":"https:\/\/api.w.org\/{rel}","templated":true}]}}