{"id":20828,"date":"2026-04-27T21:54:31","date_gmt":"2026-04-27T20:54:31","guid":{"rendered":"https:\/\/diocese-aveiro.pt\/cultura\/?p=20828"},"modified":"2026-04-27T21:54:31","modified_gmt":"2026-04-27T20:54:31","slug":"acontece-apresentacao-do-livro-de-caseiro-marques-maldito-minerio","status":"publish","type":"post","link":"https:\/\/diocese-aveiro.pt\/cultura\/acontece-apresentacao-do-livro-de-caseiro-marques-maldito-minerio\/","title":{"rendered":"Acontece | Apresenta\u00e7\u00e3o do livro de Caseiro Marques, &#8216;Maldito Min\u00e9rio&#8217;"},"content":{"rendered":"<p>O qu\u00ea: Apresenta\u00e7\u00e3o do livro de Caseiro Marques, &#8216;Maldito Min\u00e9rio&#8217;<\/p>\n<p>Quando: 30 de maio [15.30h.]<\/p>\n<p>Onde: Biblioteca Municipal de Aveiro<\/p>\n","protected":false},"excerpt":{"rendered":"<p>O qu\u00ea: Apresenta\u00e7\u00e3o<\/p>\n","protected":false},"author":1,"featured_media":20829,"comment_status":"closed","ping_status":"closed","sticky":false,"template":"","format":"standard","meta":{"footnotes":""},"categories":[11,8],"tags":[],"class_list":["post-20828","post","type-post","status-publish","format-standard","has-post-thumbnail","hentry","category-acontece","category-em-cartaz"],"_links":{"self":[{"href":"https:\/\/diocese-aveiro.pt\/cultura\/wp-json\/wp\/v2\/posts\/20828","targetHints":{"allow":["GET"]}}],"collection":[{"href":"https:\/\/diocese-aveiro.pt\/cultura\/wp-json\/wp\/v2\/posts"}],"about":[{"href":"https:\/\/diocese-aveiro.pt\/cultura\/wp-json\/wp\/v2\/types\/post"}],"author":[{"embeddable":true,"href":"https:\/\/diocese-aveiro.pt\/cultura\/wp-json\/wp\/v2\/users\/1"}],"replies":[{"embeddable":true,"href":"https:\/\/diocese-aveiro.pt\/cultura\/wp-json\/wp\/v2\/comments?post=20828"}],"version-history":[{"count":1,"href":"https:\/\/diocese-aveiro.pt\/cultura\/wp-json\/wp\/v2\/posts\/20828\/revisions"}],"predecessor-version":[{"id":20830,"href":"https:\/\/diocese-aveiro.pt\/cultura\/wp-json\/wp\/v2\/posts\/20828\/revisions\/20830"}],"wp:featuredmedia":[{"embeddable":true,"href":"https:\/\/diocese-aveiro.pt\/cultura\/wp-json\/wp\/v2\/media\/20829"}],"wp:attachment":[{"href":"https:\/\/diocese-aveiro.pt\/cultura\/wp-json\/wp\/v2\/media?parent=20828"}],"wp:term":[{"taxonomy":"category","embeddable":true,"href":"https:\/\/diocese-aveiro.pt\/cultura\/wp-json\/wp\/v2\/categories?post=20828"},{"taxonomy":"post_tag","embeddable":true,"href":"https:\/\/diocese-aveiro.pt\/cultura\/wp-json\/wp\/v2\/tags?post=20828"}],"curies":[{"name":"wp","href":"https:\/\/api.w.org\/{rel}","templated":true}]}}