{"id":20824,"date":"2026-04-25T10:21:10","date_gmt":"2026-04-25T09:21:10","guid":{"rendered":"https:\/\/diocese-aveiro.pt\/cultura\/?p=20824"},"modified":"2026-04-25T10:21:34","modified_gmt":"2026-04-25T09:21:34","slug":"8-1-2-com-podcast-9-o-leao-e-o-vento-filme-de-john-milius-rubrica-de-cinema-da-autoria-de-pe-teodoro-medeiros","status":"publish","type":"post","link":"https:\/\/diocese-aveiro.pt\/cultura\/8-1-2-com-podcast-9-o-leao-e-o-vento-filme-de-john-milius-rubrica-de-cinema-da-autoria-de-pe-teodoro-medeiros\/","title":{"rendered":"&#8216;8 1\/2&#8217; [com podcast] | 9 | &#8211; &#8216;O Le\u00e3o e o vento&#8217;, filme de John Milius  | Rubrica de Cinema da autoria de Pe. Teodoro Medeiros"},"content":{"rendered":"<h6 style=\"text-align: right;\"><em>&#8216;8 1\/2&#8217;\u00a0 | <\/em><em>Rubrica de Cinema da autoria de Pe. Teodoro Medeiros\u00a0<\/em><\/h6>\n<hr \/>\n<p><iframe title=\"9 o Le\u00e3o e o vento\" width=\"640\" height='480' src=\"https:\/\/www.youtube.com\/embed\/cCoQIVgngM8?feature=oembed\" frameborder=\"0\" allow=\"accelerometer; autoplay; clipboard-write; encrypted-media; gyroscope; picture-in-picture; web-share\" referrerpolicy=\"strict-origin-when-cross-origin\" allowfullscreen><\/iframe><\/p>\n<p>&nbsp;<\/p>\n<h1 style=\"text-align: center;\">&#8216;O Le\u00e3o e o vento&#8217;, filme de John Milius<\/h1>\n<p style=\"text-align: center;\">Pe. Teodoro Medeiros*<\/p>\n<p style=\"text-align: justify;\">O Le\u00e3o e o Vento \u00e9 um filme hist\u00f3rico de 1975. A a\u00e7\u00e3o tem lugar em Marrocos, onde um grupo de berberes rapta uma mulher americana: a partir da\u00ed, o presidente Roosevelt tentar\u00e1 organizar a sua liberta\u00e7\u00e3o. Sean Connery tem o papel principal, de l\u00edder dos berberes, talvez n\u00e3o totalmente convincente na pele de um homem do deserto. Oscilando entre o pol\u00edtico, a guerra e at\u00e9 a com\u00e9dia, a narra\u00e7\u00e3o n\u00e3o \u00e9 inteiramente bem sucedida, mas isso tamb\u00e9m n\u00e3o \u00e9 necessariamente um grande problema.<br \/>\nOs valores desta obra s\u00e3o outros: a arquitetura de Marrocos, os interiores dos pal\u00e1cios, as sequ\u00eancias de a\u00e7\u00e3o quase imposs\u00edveis de conceber. Pode-se mesmo afirmar, sem ponta de ironia, que os cavalos usados nas sequ\u00eancias de batalha bem mereciam \u00d3scar para as perip\u00e9cias apresentadas: s\u00e3o absolutamente incr\u00edveis, sobretudo se se recorda que n\u00e3o h\u00e1 aqui computadores: \u00e9 mesmo tudo real.<br \/>\nO Le\u00e3o e o Vento \u00e9, portanto, um \u00e9pico menos solene, mas muito valioso na mesma.<\/p>\n<p style=\"text-align: justify;\">Bom visionamento, bom domingo e uma boa semana para todos!<\/p>\n<hr \/>\n<h6 style=\"text-align: right;\"><a href=\"https:\/\/urbaniana.academia.edu\/TeodoroMedeiros\" target=\"_blank\" rel=\"noopener\">Padre\u00a0<\/a>da diocese de Angra <a href=\"https:\/\/urbaniana.academia.edu\/TeodoroMedeiros\" target=\"_blank\" rel=\"noopener\">e Diretor<\/a> do Servi\u00e7o Diocesano da Palavra e Apostolado B\u00edblico<\/h6>\n<hr \/>\n<h6 style=\"text-align: right;\">Imagem de https:\/\/www.imdb.com\/title\/tt0073906\/?ref_=mv_desc<\/h6>\n","protected":false},"excerpt":{"rendered":"<p>&#8216;8 1\/2&#8217;\u00a0 |<\/p>\n","protected":false},"author":1,"featured_media":20825,"comment_status":"closed","ping_status":"closed","sticky":false,"template":"","format":"standard","meta":{"footnotes":""},"categories":[87,86],"tags":[],"class_list":["post-20824","post","type-post","status-publish","format-standard","has-post-thumbnail","hentry","category-8-1-2-rubrica-de-cinema","category-pe-teodoro-medeiros"],"_links":{"self":[{"href":"https:\/\/diocese-aveiro.pt\/cultura\/wp-json\/wp\/v2\/posts\/20824","targetHints":{"allow":["GET"]}}],"collection":[{"href":"https:\/\/diocese-aveiro.pt\/cultura\/wp-json\/wp\/v2\/posts"}],"about":[{"href":"https:\/\/diocese-aveiro.pt\/cultura\/wp-json\/wp\/v2\/types\/post"}],"author":[{"embeddable":true,"href":"https:\/\/diocese-aveiro.pt\/cultura\/wp-json\/wp\/v2\/users\/1"}],"replies":[{"embeddable":true,"href":"https:\/\/diocese-aveiro.pt\/cultura\/wp-json\/wp\/v2\/comments?post=20824"}],"version-history":[{"count":1,"href":"https:\/\/diocese-aveiro.pt\/cultura\/wp-json\/wp\/v2\/posts\/20824\/revisions"}],"predecessor-version":[{"id":20826,"href":"https:\/\/diocese-aveiro.pt\/cultura\/wp-json\/wp\/v2\/posts\/20824\/revisions\/20826"}],"wp:featuredmedia":[{"embeddable":true,"href":"https:\/\/diocese-aveiro.pt\/cultura\/wp-json\/wp\/v2\/media\/20825"}],"wp:attachment":[{"href":"https:\/\/diocese-aveiro.pt\/cultura\/wp-json\/wp\/v2\/media?parent=20824"}],"wp:term":[{"taxonomy":"category","embeddable":true,"href":"https:\/\/diocese-aveiro.pt\/cultura\/wp-json\/wp\/v2\/categories?post=20824"},{"taxonomy":"post_tag","embeddable":true,"href":"https:\/\/diocese-aveiro.pt\/cultura\/wp-json\/wp\/v2\/tags?post=20824"}],"curies":[{"name":"wp","href":"https:\/\/api.w.org\/{rel}","templated":true}]}}