{"id":20445,"date":"2026-02-21T10:47:11","date_gmt":"2026-02-21T10:47:11","guid":{"rendered":"https:\/\/diocese-aveiro.pt\/cultura\/?p=20445"},"modified":"2026-02-23T10:48:09","modified_gmt":"2026-02-23T10:48:09","slug":"noticias-minimos-ja-estao-na-diocese-de-aveiro","status":"publish","type":"post","link":"https:\/\/diocese-aveiro.pt\/cultura\/noticias-minimos-ja-estao-na-diocese-de-aveiro\/","title":{"rendered":"Not\u00edcias | M\u00ednimos j\u00e1 est\u00e3o na diocese de Aveiro"},"content":{"rendered":"<h3 class=\"blog-title\"><\/h3>\n<p style=\"text-align: justify;\">Um sacerdote e um mission\u00e1rio da Ordem dos M\u00ednimos de S\u00e3o Francisco de Paula ser\u00e3o apresentados \u00e0 nossa diocese no pr\u00f3ximo domingo, na eucaristia das 19h00, na S\u00e9 de Aveiro.<\/p>\n<p style=\"text-align: justify;\">Esta quarta-feira tiveram um encontro com os sacerdotes da nossa diocese na Recole\u00e7\u00e3o do clero. Na quinta-feira D. Ant\u00f3nio Moiteiro celebrou eucaristia na resid\u00eancia que os acolhe, em Santo Andr\u00e9 de Vagos, ficando o Sant\u00edssimo no orat\u00f3rio da comunidade.<\/p>\n<p style=\"text-align: justify;\">\u201cA Ordem dos M\u00ednimos \u00e9 fruto da vida penitente e alegre de S\u00e3o Francisco de Paula, que com seu estilo de vida atraiu a si mesmos, todos aqueles que desejassem, serviriam a Deus com simplicidade de cora\u00e7\u00e3o e na renova\u00e7\u00e3o cont\u00ednua das suas vidas.\u201d<\/p>\n<p style=\"text-align: justify;\">Neste site encontra mais informa\u00e7\u00f5es:<a href=\"https:\/\/www.ordinedeiminimi.it\/\" target=\"_blank\" rel=\"noreferrer noopener\">\u00a0www.ordinedeiminimi.it<\/a><\/p>\n","protected":false},"excerpt":{"rendered":"<p>Um sacerdote e<\/p>\n","protected":false},"author":1,"featured_media":20446,"comment_status":"closed","ping_status":"closed","sticky":false,"template":"","format":"standard","meta":{"footnotes":""},"categories":[11,10],"tags":[],"class_list":["post-20445","post","type-post","status-publish","format-standard","has-post-thumbnail","hentry","category-acontece","category-noticias"],"_links":{"self":[{"href":"https:\/\/diocese-aveiro.pt\/cultura\/wp-json\/wp\/v2\/posts\/20445","targetHints":{"allow":["GET"]}}],"collection":[{"href":"https:\/\/diocese-aveiro.pt\/cultura\/wp-json\/wp\/v2\/posts"}],"about":[{"href":"https:\/\/diocese-aveiro.pt\/cultura\/wp-json\/wp\/v2\/types\/post"}],"author":[{"embeddable":true,"href":"https:\/\/diocese-aveiro.pt\/cultura\/wp-json\/wp\/v2\/users\/1"}],"replies":[{"embeddable":true,"href":"https:\/\/diocese-aveiro.pt\/cultura\/wp-json\/wp\/v2\/comments?post=20445"}],"version-history":[{"count":1,"href":"https:\/\/diocese-aveiro.pt\/cultura\/wp-json\/wp\/v2\/posts\/20445\/revisions"}],"predecessor-version":[{"id":20447,"href":"https:\/\/diocese-aveiro.pt\/cultura\/wp-json\/wp\/v2\/posts\/20445\/revisions\/20447"}],"wp:featuredmedia":[{"embeddable":true,"href":"https:\/\/diocese-aveiro.pt\/cultura\/wp-json\/wp\/v2\/media\/20446"}],"wp:attachment":[{"href":"https:\/\/diocese-aveiro.pt\/cultura\/wp-json\/wp\/v2\/media?parent=20445"}],"wp:term":[{"taxonomy":"category","embeddable":true,"href":"https:\/\/diocese-aveiro.pt\/cultura\/wp-json\/wp\/v2\/categories?post=20445"},{"taxonomy":"post_tag","embeddable":true,"href":"https:\/\/diocese-aveiro.pt\/cultura\/wp-json\/wp\/v2\/tags?post=20445"}],"curies":[{"name":"wp","href":"https:\/\/api.w.org\/{rel}","templated":true}]}}