{"id":20423,"date":"2026-02-20T08:47:48","date_gmt":"2026-02-20T08:47:48","guid":{"rendered":"https:\/\/diocese-aveiro.pt\/cultura\/?p=20423"},"modified":"2026-02-20T08:47:48","modified_gmt":"2026-02-20T08:47:48","slug":"acontece-25-de-fevereiro19h-salao-paroquial-da-vera-cruz-cafe-com-ideias-mariana-abranches-pinto-e-o-padre-johnny-freire","status":"publish","type":"post","link":"https:\/\/diocese-aveiro.pt\/cultura\/acontece-25-de-fevereiro19h-salao-paroquial-da-vera-cruz-cafe-com-ideias-mariana-abranches-pinto-e-o-padre-johnny-freire\/","title":{"rendered":"Acontece | [25 de fevereiro,19h &#8211; Sal\u00e3o paroquial da Vera Cruz] \u201cCaf\u00e9 com Ideias\u201d: Mariana Abranches Pinto e o Padre Johnny Freire"},"content":{"rendered":"<p>O qu\u00ea: \u201cCaf\u00e9 com Ideias\u201d: com Mariana Abranches Pinto e o Padre Johnny Freire<\/p>\n<p>Quando: 25 de fevereiro de 2026, 19h.<\/p>\n<p>Onde: Sal\u00e3o paroquial da Vera Cruz (Aveiro)<\/p>\n<hr \/>\n<p style=\"font-weight: 400; text-align: justify;\">No in\u00edcio da Quaresma a par\u00f3quia da Vera Cruz propor mais um \u201cCaf\u00e9 com Ideias\u201d. Mariana Abranches Pinto e o Padre Johnny Freire ajudar\u00e3o a olhar para a vida, nas suas fragilidades, momentos de dor e sofrimento. As hist\u00f3rias das suas vidas, enriquecidas com a perten\u00e7a a movimentos que cuidam do outro mais fr\u00e1gil com um olhar humano e crist\u00e3o, pode suscitar um di\u00e1logo sobre a vida como uma responsabilidade de todos.<\/p>\n<p style=\"font-weight: 400; text-align: justify;\">Como vivo eu na doen\u00e7a e na dor? O que ser\u00e1 bem viver ou bem morrer? Como manter a esperan\u00e7a e situa\u00e7\u00f5es de sofrimento? Estas e outras quest\u00f5es s\u00e3o uma interpela\u00e7\u00e3o e convite para esta tert\u00falia, no dia 25 de fevereiro, \u00e0s 19h, no sal\u00e3o paroquial da Vera Cruz, mesmo junto \u00e0 Igreja.<\/p>\n<p style=\"font-weight: 400; text-align: justify;\">\n<p style=\"font-weight: 400; text-align: center;\">Equipa de Comunica\u00e7\u00e3o<\/p>\n","protected":false},"excerpt":{"rendered":"<p>O qu\u00ea: \u201cCaf\u00e9<\/p>\n","protected":false},"author":1,"featured_media":20424,"comment_status":"closed","ping_status":"closed","sticky":false,"template":"","format":"standard","meta":{"footnotes":""},"categories":[11,8],"tags":[],"class_list":["post-20423","post","type-post","status-publish","format-standard","has-post-thumbnail","hentry","category-acontece","category-em-cartaz"],"_links":{"self":[{"href":"https:\/\/diocese-aveiro.pt\/cultura\/wp-json\/wp\/v2\/posts\/20423","targetHints":{"allow":["GET"]}}],"collection":[{"href":"https:\/\/diocese-aveiro.pt\/cultura\/wp-json\/wp\/v2\/posts"}],"about":[{"href":"https:\/\/diocese-aveiro.pt\/cultura\/wp-json\/wp\/v2\/types\/post"}],"author":[{"embeddable":true,"href":"https:\/\/diocese-aveiro.pt\/cultura\/wp-json\/wp\/v2\/users\/1"}],"replies":[{"embeddable":true,"href":"https:\/\/diocese-aveiro.pt\/cultura\/wp-json\/wp\/v2\/comments?post=20423"}],"version-history":[{"count":1,"href":"https:\/\/diocese-aveiro.pt\/cultura\/wp-json\/wp\/v2\/posts\/20423\/revisions"}],"predecessor-version":[{"id":20425,"href":"https:\/\/diocese-aveiro.pt\/cultura\/wp-json\/wp\/v2\/posts\/20423\/revisions\/20425"}],"wp:featuredmedia":[{"embeddable":true,"href":"https:\/\/diocese-aveiro.pt\/cultura\/wp-json\/wp\/v2\/media\/20424"}],"wp:attachment":[{"href":"https:\/\/diocese-aveiro.pt\/cultura\/wp-json\/wp\/v2\/media?parent=20423"}],"wp:term":[{"taxonomy":"category","embeddable":true,"href":"https:\/\/diocese-aveiro.pt\/cultura\/wp-json\/wp\/v2\/categories?post=20423"},{"taxonomy":"post_tag","embeddable":true,"href":"https:\/\/diocese-aveiro.pt\/cultura\/wp-json\/wp\/v2\/tags?post=20423"}],"curies":[{"name":"wp","href":"https:\/\/api.w.org\/{rel}","templated":true}]}}