{"id":20399,"date":"2026-02-13T09:44:31","date_gmt":"2026-02-13T09:44:31","guid":{"rendered":"https:\/\/diocese-aveiro.pt\/cultura\/?p=20399"},"modified":"2026-02-13T09:44:31","modified_gmt":"2026-02-13T09:44:31","slug":"acontece-concerto-solidario-sons-da-natureza-a-favor-da-ipss-florinhas-do-vouga","status":"publish","type":"post","link":"https:\/\/diocese-aveiro.pt\/cultura\/acontece-concerto-solidario-sons-da-natureza-a-favor-da-ipss-florinhas-do-vouga\/","title":{"rendered":"Acontece | Concerto Solid\u00e1rio \u201cSons da Natureza\u201d a favor da IPSS Florinhas do Vouga"},"content":{"rendered":"<p style=\"text-align: justify;\">\n<p style=\"text-align: justify;\">A\u00a0<strong>Orquestra Filarm\u00f3nica das Beiras<\/strong>\u00a0e a\u00a0<strong>IPSS Florinhas do Vouga<\/strong>,\u00a0<strong>convidam a comunidade<\/strong>\u00a0a participar no\u00a0<strong>Concerto Solid\u00e1rio \u201cSons da Natureza\u201d<\/strong>, que ter\u00e1 lugar no pr\u00f3ximo dia\u00a0<strong>22 de fevereiro<\/strong>, pelas\u00a0<strong>17h00<\/strong>, na\u00a0<strong>Casa de M\u00fasica (Aradas)<\/strong>.<\/p>\n<p style=\"text-align: justify;\">Este concerto insere-se no<strong>\u00a085.\u00ba anivers\u00e1rio da IPSS Florinhas do Vouga<\/strong>, assinalando um percurso marcado pelo compromisso, dedica\u00e7\u00e3o e apoio cont\u00ednuo \u00e0 comunidade.<\/p>\n<p style=\"text-align: justify;\">O programa \u00e9 inteiramente dedicado \u00e0 obra de\u00a0<strong>Gustav Mahler<\/strong>, proporcionando ao p\u00fablico uma experi\u00eancia musical de elevada qualidade art\u00edstica.<\/p>\n<p style=\"text-align: justify;\">Para al\u00e9m da vertente cultural, o concerto assume um forte prop\u00f3sito social, revertendo os donativos para a IPSS Florinhas do Vouga, institui\u00e7\u00e3o que desenvolve um trabalho essencial no apoio \u00e0s pessoas e fam\u00edlias vulner\u00e1veis da comunidade.<\/p>\n<p style=\"text-align: justify;\">\ud83c\udf9f\u00a0<strong>Bilhetes dispon\u00edveis<\/strong>\u00a0na secretaria da Florinhas do Vouga<br \/>\n\ud83d\udccd\u00a0<em>Edif\u00edcio Sede Domus Ecclesiae, Praceta Florinhas do Vouga 10 3810-064 Aveiro<\/em><\/p>\n<p><strong>Telefone: 234377330<\/strong><br \/>\n\ud83d\udcae\u00a0<strong>Donativo:<\/strong>\u00a015 \u20ac<\/p>\n","protected":false},"excerpt":{"rendered":"<p>A\u00a0Orquestra Filarm\u00f3nica das<\/p>\n","protected":false},"author":1,"featured_media":20400,"comment_status":"closed","ping_status":"closed","sticky":false,"template":"","format":"standard","meta":{"footnotes":""},"categories":[11,8],"tags":[],"class_list":["post-20399","post","type-post","status-publish","format-standard","has-post-thumbnail","hentry","category-acontece","category-em-cartaz"],"_links":{"self":[{"href":"https:\/\/diocese-aveiro.pt\/cultura\/wp-json\/wp\/v2\/posts\/20399","targetHints":{"allow":["GET"]}}],"collection":[{"href":"https:\/\/diocese-aveiro.pt\/cultura\/wp-json\/wp\/v2\/posts"}],"about":[{"href":"https:\/\/diocese-aveiro.pt\/cultura\/wp-json\/wp\/v2\/types\/post"}],"author":[{"embeddable":true,"href":"https:\/\/diocese-aveiro.pt\/cultura\/wp-json\/wp\/v2\/users\/1"}],"replies":[{"embeddable":true,"href":"https:\/\/diocese-aveiro.pt\/cultura\/wp-json\/wp\/v2\/comments?post=20399"}],"version-history":[{"count":1,"href":"https:\/\/diocese-aveiro.pt\/cultura\/wp-json\/wp\/v2\/posts\/20399\/revisions"}],"predecessor-version":[{"id":20401,"href":"https:\/\/diocese-aveiro.pt\/cultura\/wp-json\/wp\/v2\/posts\/20399\/revisions\/20401"}],"wp:featuredmedia":[{"embeddable":true,"href":"https:\/\/diocese-aveiro.pt\/cultura\/wp-json\/wp\/v2\/media\/20400"}],"wp:attachment":[{"href":"https:\/\/diocese-aveiro.pt\/cultura\/wp-json\/wp\/v2\/media?parent=20399"}],"wp:term":[{"taxonomy":"category","embeddable":true,"href":"https:\/\/diocese-aveiro.pt\/cultura\/wp-json\/wp\/v2\/categories?post=20399"},{"taxonomy":"post_tag","embeddable":true,"href":"https:\/\/diocese-aveiro.pt\/cultura\/wp-json\/wp\/v2\/tags?post=20399"}],"curies":[{"name":"wp","href":"https:\/\/api.w.org\/{rel}","templated":true}]}}