{"id":20391,"date":"2026-02-13T09:38:22","date_gmt":"2026-02-13T09:38:22","guid":{"rendered":"https:\/\/diocese-aveiro.pt\/cultura\/?p=20391"},"modified":"2026-02-13T09:38:22","modified_gmt":"2026-02-13T09:38:22","slug":"noticias-gafanha-da-encarnacao-apresenta-novo-grupo-de-visitadores-de-doentes","status":"publish","type":"post","link":"https:\/\/diocese-aveiro.pt\/cultura\/noticias-gafanha-da-encarnacao-apresenta-novo-grupo-de-visitadores-de-doentes\/","title":{"rendered":"Not\u00edcias | Gafanha da Encarna\u00e7\u00e3o apresenta novo grupo de Visitadores de Doentes"},"content":{"rendered":"<p style=\"text-align: justify;\">Na passada quarta-feira 11 de fevereiro, mem\u00f3ria da Virgem santa Maria de Lurdes, foi apresentada \u00e0 comunidade da Gafanha da Encarna\u00e7\u00e3o o novo grupo de Visitadores de Doentes, na eucaristia das 19h00.<\/p>\n<p style=\"text-align: justify;\">O grupo, composto por 21 elementos, frequentou o Curso Inicial de Pastoral da Sa\u00fade do Departamento Diocesano da Pastoral da Sa\u00fade, dinamizado pelo seu coordenador di\u00e1cono Jos\u00e9 Carlos Costa.<\/p>\n<p style=\"text-align: justify;\">Na celebra\u00e7\u00e3o, presidida pelo Vig\u00e1rio Geral da Diocese Padre Manuel Joaquim Rocha, os &#8220;novos&#8221; visitadores de doentes fizeram o seu compromisso, receberam um certificado de conclus\u00e3o de curso e um casaco identificativo da miss\u00e3o que desempenham. Alguns dos elementos partilharam o seu testemunho com a assembleia presente.<\/p>\n<div class=\"p-2xf2097 pagelayer-grid_gallery\">\n<div class=\"pagelayer-grid-gallery-container\">\n<ul class=\"pagelayer-grid-gallery-ul\">\n<li class=\"pagelayer-gallery-item\"><a class=\"pagelayer-ele-link\" href=\"https:\/\/diocese-aveiro.pt\/v3\/wp-content\/uploads\/2026\/02\/GafEnc_visitadores-2.jpeg\" data-lightbox-gallery=\"gallery-id-132672620901\"><img decoding=\"async\" class=\"pagelayer-img\" title=\"GafEnc_visitadores (2)\" src=\"https:\/\/diocese-aveiro.pt\/v3\/wp-content\/uploads\/2026\/02\/GafEnc_visitadores-2-150x150.jpeg\" alt=\"GafEnc_visitadores (2)\" \/><\/a><\/li>\n<li class=\"pagelayer-gallery-item\"><a class=\"pagelayer-ele-link\" href=\"https:\/\/diocese-aveiro.pt\/v3\/wp-content\/uploads\/2026\/02\/GafEnc_visitadores-3.jpeg\" data-lightbox-gallery=\"gallery-id-132672620901\"><img decoding=\"async\" class=\"pagelayer-img\" title=\"GafEnc_visitadores (3)\" src=\"https:\/\/diocese-aveiro.pt\/v3\/wp-content\/uploads\/2026\/02\/GafEnc_visitadores-3-150x150.jpeg\" alt=\"GafEnc_visitadores (3)\" \/><\/a><\/li>\n<li class=\"pagelayer-gallery-item\"><a class=\"pagelayer-ele-link\" href=\"https:\/\/diocese-aveiro.pt\/v3\/wp-content\/uploads\/2026\/02\/GafEnc_visitadores-1.jpeg\" data-lightbox-gallery=\"gallery-id-132672620901\"><img decoding=\"async\" class=\"pagelayer-img\" title=\"GafEnc_visitadores (1)\" src=\"https:\/\/diocese-aveiro.pt\/v3\/wp-content\/uploads\/2026\/02\/GafEnc_visitadores-1-150x150.jpeg\" alt=\"GafEnc_visitadores (1)\" \/><\/a><\/li>\n<\/ul>\n<\/div>\n<\/div>\n<div class=\"bizberg_user_comment_wrapper\">\n<div class=\"bizberg_detail_user_wrapper\"><\/div>\n<\/div>\n","protected":false},"excerpt":{"rendered":"<p>Na passada quarta-feira<\/p>\n","protected":false},"author":1,"featured_media":20392,"comment_status":"closed","ping_status":"closed","sticky":false,"template":"","format":"standard","meta":{"footnotes":""},"categories":[11,10],"tags":[],"class_list":["post-20391","post","type-post","status-publish","format-standard","has-post-thumbnail","hentry","category-acontece","category-noticias"],"_links":{"self":[{"href":"https:\/\/diocese-aveiro.pt\/cultura\/wp-json\/wp\/v2\/posts\/20391","targetHints":{"allow":["GET"]}}],"collection":[{"href":"https:\/\/diocese-aveiro.pt\/cultura\/wp-json\/wp\/v2\/posts"}],"about":[{"href":"https:\/\/diocese-aveiro.pt\/cultura\/wp-json\/wp\/v2\/types\/post"}],"author":[{"embeddable":true,"href":"https:\/\/diocese-aveiro.pt\/cultura\/wp-json\/wp\/v2\/users\/1"}],"replies":[{"embeddable":true,"href":"https:\/\/diocese-aveiro.pt\/cultura\/wp-json\/wp\/v2\/comments?post=20391"}],"version-history":[{"count":1,"href":"https:\/\/diocese-aveiro.pt\/cultura\/wp-json\/wp\/v2\/posts\/20391\/revisions"}],"predecessor-version":[{"id":20393,"href":"https:\/\/diocese-aveiro.pt\/cultura\/wp-json\/wp\/v2\/posts\/20391\/revisions\/20393"}],"wp:featuredmedia":[{"embeddable":true,"href":"https:\/\/diocese-aveiro.pt\/cultura\/wp-json\/wp\/v2\/media\/20392"}],"wp:attachment":[{"href":"https:\/\/diocese-aveiro.pt\/cultura\/wp-json\/wp\/v2\/media?parent=20391"}],"wp:term":[{"taxonomy":"category","embeddable":true,"href":"https:\/\/diocese-aveiro.pt\/cultura\/wp-json\/wp\/v2\/categories?post=20391"},{"taxonomy":"post_tag","embeddable":true,"href":"https:\/\/diocese-aveiro.pt\/cultura\/wp-json\/wp\/v2\/tags?post=20391"}],"curies":[{"name":"wp","href":"https:\/\/api.w.org\/{rel}","templated":true}]}}