{"id":20388,"date":"2026-02-13T09:37:24","date_gmt":"2026-02-13T09:37:24","guid":{"rendered":"https:\/\/diocese-aveiro.pt\/cultura\/?p=20388"},"modified":"2026-02-13T09:37:24","modified_gmt":"2026-02-13T09:37:24","slug":"noticias-paroquia-de-nossa-senhora-de-la-salette-da-borralha-assinala-43-o-aniversario","status":"publish","type":"post","link":"https:\/\/diocese-aveiro.pt\/cultura\/noticias-paroquia-de-nossa-senhora-de-la-salette-da-borralha-assinala-43-o-aniversario\/","title":{"rendered":"Not\u00edcias | Par\u00f3quia de Nossa Senhora de la Salette da Borralha assinala 43.\u00ba anivers\u00e1rio"},"content":{"rendered":"<p style=\"text-align: justify;\">A Par\u00f3quia da Borralha celebrou, no passado dia 11 de fevereiro, o seu 43.\u00ba anivers\u00e1rio, numa cerim\u00f3nia marcada pela f\u00e9, uni\u00e3o e forte participa\u00e7\u00e3o da comunidade local.<\/p>\n<p style=\"text-align: justify;\">A Eucaristia comemorativa foi presidida por Sua Excel\u00eancia Reverend\u00edssima, o Senhor Bispo de Aveiro, D. Ant\u00f3nio Moiteiro, e concelebrada pelo p\u00e1roco da Par\u00f3quia da Borralha, Padre F\u00e1bio Freches, e pelo Padre Joaquim Santos, que acompanha o grupo de 60 jovens da Miss\u00e3o Pa\u00eds presentes na par\u00f3quia ao longo desta semana.<\/p>\n<p style=\"text-align: justify;\">A celebra\u00e7\u00e3o contou com a presen\u00e7a de paroquianos e amigos, num ambiente de gratid\u00e3o pelo percurso da comunidade paroquial desde a sua cria\u00e7\u00e3o, a 11 de fevereiro de 1983. Na homilia, D. Ant\u00f3nio Moiteiro destacou a feliz coincid\u00eancia entre o anivers\u00e1rio da par\u00f3quia e a presen\u00e7a dos mission\u00e1rios da Miss\u00e3o Pa\u00eds, sublinhando a import\u00e2ncia do testemunho jovem na vida da Igreja. Dirigindo-se em particular aos estudantes de engenharia que integram o grupo da Miss\u00e3o Pa\u00eds, desafiou-os a continuarem a \u201cconstruir coisas belas\u201d, impregnadas do amor de Cristo e da alegria de serem jovens e jovens crist\u00e3os.<\/p>\n<p style=\"text-align: justify;\">No final da celebra\u00e7\u00e3o, foi distribu\u00eddo um pequeno pacote de sal a todos os presentes, num gesto simb\u00f3lico que procurou recordar o desafio evang\u00e9lico de serem \u201csal da terra e luz do mundo\u201d, levando a f\u00e9 ao quotidiano e testemunhando-a atrav\u00e9s de gestos concretos de amor e servi\u00e7o.<\/p>\n<p style=\"text-align: justify;\">O 43.\u00ba anivers\u00e1rio da Par\u00f3quia da Borralha ficou, assim, assinalado por uma celebra\u00e7\u00e3o solene e participada, reafirmando o caminho de f\u00e9 constru\u00eddo ao longo de mais de quatro d\u00e9cadas e renovando o compromisso de continuar a servir a comunidade com dedica\u00e7\u00e3o e esperan\u00e7a<\/p>\n<p style=\"text-align: right;\">Francisco Santos<br \/>\nPresidente Confer\u00eancia Vicentina N\u00aa Sr\u00aa La Salette- Borralha<\/p>\n<div class=\"p-ikl8809 pagelayer-grid_gallery\">\n<div class=\"pagelayer-grid-gallery-container\">\n<ul class=\"pagelayer-grid-gallery-ul\">\n<li class=\"pagelayer-gallery-item\"><a class=\"pagelayer-ele-link\" href=\"https:\/\/diocese-aveiro.pt\/v3\/wp-content\/uploads\/2026\/02\/8626f3e1-5032-4e61-8c83-0a793a24f310.jpg\" data-lightbox-gallery=\"gallery-id-29465837301\"><img decoding=\"async\" class=\"pagelayer-img\" title=\"8626f3e1-5032-4e61-8c83-0a793a24f310\" src=\"https:\/\/diocese-aveiro.pt\/v3\/wp-content\/uploads\/2026\/02\/8626f3e1-5032-4e61-8c83-0a793a24f310-150x150.jpg\" alt=\"8626f3e1-5032-4e61-8c83-0a793a24f310\" \/><\/a><\/li>\n<li class=\"pagelayer-gallery-item\"><a class=\"pagelayer-ele-link\" href=\"https:\/\/diocese-aveiro.pt\/v3\/wp-content\/uploads\/2026\/02\/WhatsApp-Image-2026-02-11-at-21.07.52-3.jpeg\" data-lightbox-gallery=\"gallery-id-29465837301\"><img decoding=\"async\" class=\"pagelayer-img\" title=\"WhatsApp Image 2026-02-11 at 21.07.52 (3)\" src=\"https:\/\/diocese-aveiro.pt\/v3\/wp-content\/uploads\/2026\/02\/WhatsApp-Image-2026-02-11-at-21.07.52-3-150x150.jpeg\" alt=\"WhatsApp Image 2026-02-11 at 21.07.52 (3)\" \/><\/a><\/li>\n<li class=\"pagelayer-gallery-item\"><a class=\"pagelayer-ele-link\" href=\"https:\/\/diocese-aveiro.pt\/v3\/wp-content\/uploads\/2026\/02\/WhatsApp-Image-2026-02-11-at-21.07.53.jpeg\" data-lightbox-gallery=\"gallery-id-29465837301\"><img decoding=\"async\" class=\"pagelayer-img\" title=\"WhatsApp Image 2026-02-11 at 21.07.53\" src=\"https:\/\/diocese-aveiro.pt\/v3\/wp-content\/uploads\/2026\/02\/WhatsApp-Image-2026-02-11-at-21.07.53-150x150.jpeg\" alt=\"WhatsApp Image 2026-02-11 at 21.07.53\" \/><\/a><\/li>\n<\/ul>\n<\/div>\n<\/div>\n","protected":false},"excerpt":{"rendered":"<p>A Par\u00f3quia da<\/p>\n","protected":false},"author":1,"featured_media":20389,"comment_status":"closed","ping_status":"closed","sticky":false,"template":"","format":"standard","meta":{"footnotes":""},"categories":[11,10],"tags":[],"class_list":["post-20388","post","type-post","status-publish","format-standard","has-post-thumbnail","hentry","category-acontece","category-noticias"],"_links":{"self":[{"href":"https:\/\/diocese-aveiro.pt\/cultura\/wp-json\/wp\/v2\/posts\/20388","targetHints":{"allow":["GET"]}}],"collection":[{"href":"https:\/\/diocese-aveiro.pt\/cultura\/wp-json\/wp\/v2\/posts"}],"about":[{"href":"https:\/\/diocese-aveiro.pt\/cultura\/wp-json\/wp\/v2\/types\/post"}],"author":[{"embeddable":true,"href":"https:\/\/diocese-aveiro.pt\/cultura\/wp-json\/wp\/v2\/users\/1"}],"replies":[{"embeddable":true,"href":"https:\/\/diocese-aveiro.pt\/cultura\/wp-json\/wp\/v2\/comments?post=20388"}],"version-history":[{"count":1,"href":"https:\/\/diocese-aveiro.pt\/cultura\/wp-json\/wp\/v2\/posts\/20388\/revisions"}],"predecessor-version":[{"id":20390,"href":"https:\/\/diocese-aveiro.pt\/cultura\/wp-json\/wp\/v2\/posts\/20388\/revisions\/20390"}],"wp:featuredmedia":[{"embeddable":true,"href":"https:\/\/diocese-aveiro.pt\/cultura\/wp-json\/wp\/v2\/media\/20389"}],"wp:attachment":[{"href":"https:\/\/diocese-aveiro.pt\/cultura\/wp-json\/wp\/v2\/media?parent=20388"}],"wp:term":[{"taxonomy":"category","embeddable":true,"href":"https:\/\/diocese-aveiro.pt\/cultura\/wp-json\/wp\/v2\/categories?post=20388"},{"taxonomy":"post_tag","embeddable":true,"href":"https:\/\/diocese-aveiro.pt\/cultura\/wp-json\/wp\/v2\/tags?post=20388"}],"curies":[{"name":"wp","href":"https:\/\/api.w.org\/{rel}","templated":true}]}}