{"id":20382,"date":"2026-02-10T18:24:31","date_gmt":"2026-02-10T18:24:31","guid":{"rendered":"https:\/\/diocese-aveiro.pt\/cultura\/?p=20382"},"modified":"2026-02-10T18:24:31","modified_gmt":"2026-02-10T18:24:31","slug":"acontece-igreja-de-bustos-s-lourenco-em-oliveira-do-bairro-7-de-marco-de-2026-21-00h-concerto-centenario-paroquial-pelo-cantor-pe-joao-paulo-vaz-e-banda","status":"publish","type":"post","link":"https:\/\/diocese-aveiro.pt\/cultura\/acontece-igreja-de-bustos-s-lourenco-em-oliveira-do-bairro-7-de-marco-de-2026-21-00h-concerto-centenario-paroquial-pelo-cantor-pe-joao-paulo-vaz-e-banda\/","title":{"rendered":"Acontece | [Igreja de Bustos (S. Louren\u00e7o) em Oliveira do Bairro, 7 de mar\u00e7o de 2026, 21.00h.] Concerto Centen\u00e1rio Paroquial pelo Cantor Pe. Jo\u00e3o Paulo Vaz e Banda"},"content":{"rendered":"<p><strong>O qu\u00ea:<\/strong> Concerto Centen\u00e1rio Paroquial pelo Cantor Pe. Jo\u00e3o Paulo Vaz e Banda<\/p>\n<p><strong>Quando:<\/strong> 07 de mar\u00e7o de 2026, 21.00h.<\/p>\n<p><strong>Onde:<\/strong> Igreja de Bustos (S. Louren\u00e7o) em Oliveira do Bairro<\/p>\n<p>*O Concerto ser\u00e1 antecedido da Missa Vespertina, dia 07, s\u00e1bado, \u00e0s 19h30, na Igreja matriz &#8211; a\u00e7\u00e3o de gra\u00e7as por 100 anos de vida e hist\u00f3ria!<\/p>\n","protected":false},"excerpt":{"rendered":"<p>O qu\u00ea: Concerto<\/p>\n","protected":false},"author":1,"featured_media":20383,"comment_status":"closed","ping_status":"closed","sticky":false,"template":"","format":"standard","meta":{"footnotes":""},"categories":[11,8],"tags":[],"class_list":["post-20382","post","type-post","status-publish","format-standard","has-post-thumbnail","hentry","category-acontece","category-em-cartaz"],"_links":{"self":[{"href":"https:\/\/diocese-aveiro.pt\/cultura\/wp-json\/wp\/v2\/posts\/20382","targetHints":{"allow":["GET"]}}],"collection":[{"href":"https:\/\/diocese-aveiro.pt\/cultura\/wp-json\/wp\/v2\/posts"}],"about":[{"href":"https:\/\/diocese-aveiro.pt\/cultura\/wp-json\/wp\/v2\/types\/post"}],"author":[{"embeddable":true,"href":"https:\/\/diocese-aveiro.pt\/cultura\/wp-json\/wp\/v2\/users\/1"}],"replies":[{"embeddable":true,"href":"https:\/\/diocese-aveiro.pt\/cultura\/wp-json\/wp\/v2\/comments?post=20382"}],"version-history":[{"count":1,"href":"https:\/\/diocese-aveiro.pt\/cultura\/wp-json\/wp\/v2\/posts\/20382\/revisions"}],"predecessor-version":[{"id":20384,"href":"https:\/\/diocese-aveiro.pt\/cultura\/wp-json\/wp\/v2\/posts\/20382\/revisions\/20384"}],"wp:featuredmedia":[{"embeddable":true,"href":"https:\/\/diocese-aveiro.pt\/cultura\/wp-json\/wp\/v2\/media\/20383"}],"wp:attachment":[{"href":"https:\/\/diocese-aveiro.pt\/cultura\/wp-json\/wp\/v2\/media?parent=20382"}],"wp:term":[{"taxonomy":"category","embeddable":true,"href":"https:\/\/diocese-aveiro.pt\/cultura\/wp-json\/wp\/v2\/categories?post=20382"},{"taxonomy":"post_tag","embeddable":true,"href":"https:\/\/diocese-aveiro.pt\/cultura\/wp-json\/wp\/v2\/tags?post=20382"}],"curies":[{"name":"wp","href":"https:\/\/api.w.org\/{rel}","templated":true}]}}