{"id":2035,"date":"2017-09-16T22:46:58","date_gmt":"2017-09-16T21:46:58","guid":{"rendered":"http:\/\/diocese-aveiro.pt\/cultura\/?p=2035"},"modified":"2017-09-16T22:46:58","modified_gmt":"2017-09-16T21:46:58","slug":"legado-de-d-antonio-francisco-bem-precioso-a-irradiar","status":"publish","type":"post","link":"https:\/\/diocese-aveiro.pt\/cultura\/legado-de-d-antonio-francisco-bem-precioso-a-irradiar\/","title":{"rendered":"Legado de D. Ant\u00f3nio Francisco: bem precioso a irradiar"},"content":{"rendered":"<p style=\"text-align: center;\"><strong>LEGADO DE D. ANT\u00d3NIO FRANCISCO: BEM PRECIOSO A IRRADIAR<\/strong><\/p>\n<p style=\"text-align: center;\"><strong>Pe. Georgino Rocha<\/strong><\/p>\n<p style=\"text-align: justify;\">A celebra\u00e7\u00e3o do funeral de D. Ant\u00f3nio Francisco est\u00e1 revestida de uma simplicidade s\u00f3bria e digna, de uma eloqu\u00eancia exuberante e s\u00e1bia. As pessoas, em n\u00famero de multid\u00e3o impressionante, trouxeram \u00e0 luz do dia e fizeram brilhar as sementes fecundas do seu modo de ser e de agir, do seu saber estar e comunicar, do seu rosto de bondade e do seu cora\u00e7\u00e3o de pastor. S\u00e3o sementes que no sil\u00eancio de tantas consci\u00eancias iam germinando e, agora, como em plena manh\u00e3 de primavera, se abrem \u00e0 car\u00edcia do sol irradiante, \u00e0 frescura do ambiente saud\u00e1vel, di\u00e1fano de luz e amor. S\u00e3o sementes portadoras de uma seiva divina e de um vigor mission\u00e1rio \u201cimpar\u00e1vel\u201d.<\/p>\n<p style=\"text-align: justify;\">Vivi esta celebra\u00e7\u00e3o pascal como o coroar de uma vida plena que s\u00f3 na morte manifesta a sua riqueza transbordante, como a mais bela catequese que D. Ant\u00f3nio Francisco podia realizar e a que os respons\u00e1veis da organiza\u00e7\u00e3o do funeral deram o indispens\u00e1vel suporte comunicativo: a urna no ch\u00e3o sobre uma carpete, com apenas a b\u00edblia e a mitra, a sobriedade da zona envolvente, a aten\u00e7\u00e3o sol\u00edcita dos presentes na S\u00e9, nos claustros e no terreiro, o desenrolar do programa celebrativo, a participa\u00e7\u00e3o sentida da numerosa assembleia, a clareza apelativa das orienta\u00e7\u00f5es \u00e0 assembleia orante, a mensagem di\u00e1fana da homilia, a dignidade dos ritos\u2026tudo convergiu para que D. Ant\u00f3nio Francisco fizesse ouvir a voz do seu sil\u00eancio apelativo, o clar\u00e3o de esperan\u00e7a que irradia da sua vida nova.<\/p>\n<p style=\"text-align: justify;\">Seleciono tr\u00eas mensagens que, por esta ocasi\u00e3o, me chegaram e deixaram marcas indel\u00e9veis. Parecem-me muito acertadas para avivar a sua mem\u00f3ria aben\u00e7oada: a do Papa Francisco, a dos sem-abrigo e a do grupo de jovens que veio de Paris tomar parte no funeral.<\/p>\n<p style=\"text-align: justify;\">A mensagem do Papa Francisco manifesta \u201co seu pesar e a sua solidariedade \u00e0 comunidade diocesana do Porto, bem como aos seus familiares em luto\u201d, evoca o falecido bispo do Porto como um \u201cpastor af\u00e1vel, generoso\u201d, que colocou os seus dons \u201cao servi\u00e7o dos irm\u00e3os\u201d, e reafirma que o Santo Padre reza pelo \u201cincans\u00e1vel servidor do Evangelho e da Igreja\u201d, associando-se \u00e0 Liturgia exequial e concedendo a sua b\u00ean\u00e7\u00e3o apost\u00f3lica. O jeito de ser pastor tem muitos tra\u00e7os em comum entre o bispo de Roma e o do Porto, agora defunto.<\/p>\n<p style=\"text-align: justify;\">Um amigo de Viseu, que toma parte na celebra\u00e7\u00e3o, escreve no mural do seu facebook:\u00a0 \u201cDeparo com um numeroso grupo de pobres sem abrigo que estavam presentes no adro da Catedral e de sua boca s\u00f3 se ouvia dizer: \u00abmorreu o nosso pai, o nosso grande amigo, (que) sorria sempre para n\u00f3s, falava sempre connosco, perguntava a nossa hist\u00f3ria e porque \u00e9ramos sem abrigo\u00bb. Al\u00e9m destas refer\u00eancias carinhosas, \u00abmuitas outras coisas proferiam sobre o santo bispo que ficar\u00e1 na mem\u00f3ria de milhares de pessoas, crentes e n\u00e3o crentes. Porque afinal o povo ainda sabe quem s\u00e3o os bons pastores\u201d. Mais tarde, diz-me que na peregrina\u00e7\u00e3o da diocese do Porto a F\u00e1tima realizada a 9 de Setembro corrente, participaram 50 sem abrigo por indica\u00e7\u00e3o de D. Ant\u00f3nio Francisco.<\/p>\n<p style=\"text-align: justify;\">O porta-voz do grupo de jovens parisienses desabafa nestes termos: \u201cEstou em choque. Foi ele que me casou, que batizou o meu filho. \u00c9 um irm\u00e3o, um santo. Perdi um amigo mas a Igreja ganhou mais um santo\u201d.<\/p>\n<p style=\"text-align: justify;\">Nos anos 70 do s\u00e9culo XX, o ent\u00e3o padre Ant\u00f3nio Francisco assistia a uma comunidade portuguesa de emigrantes em Paris e fazia estudos universit\u00e1rios. A rela\u00e7\u00e3o criada era t\u00e3o forte que se concretizava em visitas peri\u00f3dicas. E o grupo avisado da morte daquele que foi seu \u201corientador e diretor espiritual\u201d, torna-se presente no funeral e d\u00e1 \u00e0 Ecclesia o seu testemunho sobre o prelado \u201cuma das melhores pessoas\u201d que conheceu.<\/p>\n<p style=\"text-align: justify;\">\u201cA noite n\u00e3o tem cancelas\u201d, dizia de vez em quando D. Ant\u00f3nio Francisco chamado a acompanhar uma equipa de casais de Aveiro, ap\u00f3s a morte de D. Ant\u00f3nio Marcelino. \u00c9 verdade. Para quem ama, nem noite nem o dia, nem o rel\u00f3gio nem a agenda, nem a lonjura dos caminhos ou a proximidade da vizinhan\u00e7a, nem o ritmo do cora\u00e7\u00e3o que sintoniza com a hora de Deus. Precioso legado. Demos-lhe a melhor sorte!<\/p>\n","protected":false},"excerpt":{"rendered":"<p>LEGADO DE D.<\/p>\n","protected":false},"author":1,"featured_media":2036,"comment_status":"closed","ping_status":"open","sticky":false,"template":"","format":"standard","meta":{"footnotes":""},"categories":[46,13,70,50],"tags":[],"class_list":["post-2035","post","type-post","status-publish","format-standard","has-post-thumbnail","hentry","category-autores","category-olhares","category-para-memoria","category-pe-georgino-rocha"],"_links":{"self":[{"href":"https:\/\/diocese-aveiro.pt\/cultura\/wp-json\/wp\/v2\/posts\/2035","targetHints":{"allow":["GET"]}}],"collection":[{"href":"https:\/\/diocese-aveiro.pt\/cultura\/wp-json\/wp\/v2\/posts"}],"about":[{"href":"https:\/\/diocese-aveiro.pt\/cultura\/wp-json\/wp\/v2\/types\/post"}],"author":[{"embeddable":true,"href":"https:\/\/diocese-aveiro.pt\/cultura\/wp-json\/wp\/v2\/users\/1"}],"replies":[{"embeddable":true,"href":"https:\/\/diocese-aveiro.pt\/cultura\/wp-json\/wp\/v2\/comments?post=2035"}],"version-history":[{"count":1,"href":"https:\/\/diocese-aveiro.pt\/cultura\/wp-json\/wp\/v2\/posts\/2035\/revisions"}],"predecessor-version":[{"id":2037,"href":"https:\/\/diocese-aveiro.pt\/cultura\/wp-json\/wp\/v2\/posts\/2035\/revisions\/2037"}],"wp:featuredmedia":[{"embeddable":true,"href":"https:\/\/diocese-aveiro.pt\/cultura\/wp-json\/wp\/v2\/media\/2036"}],"wp:attachment":[{"href":"https:\/\/diocese-aveiro.pt\/cultura\/wp-json\/wp\/v2\/media?parent=2035"}],"wp:term":[{"taxonomy":"category","embeddable":true,"href":"https:\/\/diocese-aveiro.pt\/cultura\/wp-json\/wp\/v2\/categories?post=2035"},{"taxonomy":"post_tag","embeddable":true,"href":"https:\/\/diocese-aveiro.pt\/cultura\/wp-json\/wp\/v2\/tags?post=2035"}],"curies":[{"name":"wp","href":"https:\/\/api.w.org\/{rel}","templated":true}]}}