{"id":20336,"date":"2026-02-04T15:01:20","date_gmt":"2026-02-04T15:01:20","guid":{"rendered":"https:\/\/diocese-aveiro.pt\/cultura\/?p=20336"},"modified":"2026-02-04T15:01:20","modified_gmt":"2026-02-04T15:01:20","slug":"acontece-quintas-feiras-no-cufc","status":"publish","type":"post","link":"https:\/\/diocese-aveiro.pt\/cultura\/acontece-quintas-feiras-no-cufc\/","title":{"rendered":"Acontece | Quintas-feiras no CUFC"},"content":{"rendered":"<p><img loading=\"lazy\" decoding=\"async\" class=\"alignleft size-full wp-image-20338\" src=\"https:\/\/diocese-aveiro.pt\/cultura\/wp-content\/uploads\/2026\/02\/image001-1024x574-1.png\" alt=\"\" width=\"1024\" height=\"574\" srcset=\"https:\/\/diocese-aveiro.pt\/cultura\/wp-content\/uploads\/2026\/02\/image001-1024x574-1.png 1024w, https:\/\/diocese-aveiro.pt\/cultura\/wp-content\/uploads\/2026\/02\/image001-1024x574-1-300x168.png 300w, https:\/\/diocese-aveiro.pt\/cultura\/wp-content\/uploads\/2026\/02\/image001-1024x574-1-768x431.png 768w, https:\/\/diocese-aveiro.pt\/cultura\/wp-content\/uploads\/2026\/02\/image001-1024x574-1-600x336.png 600w\" sizes=\"auto, (max-width: 1024px) 100vw, 1024px\" \/><\/p>\n<p style=\"text-align: justify;\">O Centro Universit\u00e1rio F\u00e9 e Cultura (CUFC) est\u00e1, de h\u00e1 uns meses a esta parte, a levar por diante uma reflex\u00e3o que, sendo interna, conta com preciosos contributos quer de pessoas que j\u00e1 passaram pelo projeto, quer de gente que, pela experi\u00eancia, hist\u00f3ria de vida ou compromisso social em chave eclesial ou n\u00e3o, j\u00e1 urgia envolver.<\/p>\n<p style=\"text-align: justify;\">A altera\u00e7\u00e3o ou reorganiza\u00e7\u00e3o de algumas propostas j\u00e1 v\u00e3o dando sinais de algumas perspetivas estruturantes que se v\u00e3o estabilizando. Entre estas reorganiza\u00e7\u00f5es que v\u00e3o sendo concretizadas, sublinha-se, neste momento a vis\u00e3o para os ser\u00f5es de quinta-feira. Ser\u00e3o dias tem\u00e1ticos, marcados por propostas que, em chave do chamado Humanismo Crist\u00e3o se querem assumir como dias de encontro, partilha e reflex\u00e3o, dando lugar \u00e0 atualidade e \u00e0 cultura interpretada como tudo aquilo que nos envolve mas tamb\u00e9m na qual nos inclu\u00edmos.<\/p>\n<p style=\"text-align: justify;\">A par da parceria com a Comiss\u00e3o Diocesana da Cultura, uma realidade j\u00e1 amadurecida e concretizada, nomeadamente, atrav\u00e9s das j\u00e1 (re)conhecidas \u201cTert\u00falias\u201d (a pr\u00f3xima ser\u00e1 no dia 19 de Fevereiro \u00e0s 21.30h), outros projetos e parcerias completam, agora, o \u201ccard\u00e1pio cultural\u201d.<\/p>\n<p style=\"text-align: justify;\">Aconselhamos a reservar na agenda a 3.\u00aa quinta-feira do m\u00eas, onde acontece o formato \u201c\u00c0 Volta da Mesa\u201d, um original CUFC que consiste na partilha de tr\u00eas mesas que que se sucedem e completam: a mesa da Eucaristia, a mesa da refei\u00e7\u00e3o e a mesa do di\u00e1logo (a pr\u00f3xima edi\u00e7\u00e3o ser\u00e1 no dia 12 e versar\u00e1 sobre rela\u00e7\u00e3o, renova\u00e7\u00e3o e compromisso que \u00e9 miss\u00e3o\u2026).<\/p>\n<p style=\"text-align: justify;\">Al\u00e9m disso, a abrir o m\u00eas, na primeira quinta-feira, a parceria com o N\u00facleo de Convers\u00e3o Ambiental da Par\u00f3quia da Vera Cruz, permite colocar \u00e0 disposi\u00e7\u00e3o de todos um ciclo de ecoconfer\u00eancias que passamos a destacar.<\/p>\n<pre>ECOconvers\u00e3o e Casa Comum<\/pre>\n<p style=\"text-align: justify;\">O Foco de Convers\u00e3o Ecol\u00f3gica da Par\u00f3quia da Vera-Cruz, dinamizado pelo grupo de animadores Laudato Si\u2019, vai organizar, em parceria com o CUFC \u2013 Centro Universit\u00e1rio F\u00e9 e Cultura, um ciclo de encontros mensais subordinado ao tema \u201cECOconvers\u00e3o e Casa Comum\u201d.<\/p>\n<p style=\"text-align: justify;\">O objetivo destes encontros \u00e9 promover a reflex\u00e3o sobre a Ecologia Integral e incentivar uma Convers\u00e3o Ecol\u00f3gica, com a adop\u00e7\u00e3o de pr\u00e1ticas que respeitem a nossa Casa Comum, conforme o desafio lan\u00e7ado pelo Papa Francisco na Enc\u00edclica Laudato Si\u2019.<\/p>\n<p style=\"text-align: justify;\">O ciclo \u00e9 constitu\u00eddo por cinco encontros, cada um dedicado a uma das dimens\u00f5es da Ecologia Integral, e est\u00e1 aberto a todos os interessados.<\/p>\n<p style=\"text-align: justify;\">O primeiro encontro realiza-se no pr\u00f3ximo dia 5 de Fevereiro, sob o tema \u201cDesigualdade\u201d, com a participa\u00e7\u00e3o de Viviane Runa, da ORBIS \u2013 Coopera\u00e7\u00e3o e Desenvolvimento.<\/p>\n<p><img loading=\"lazy\" decoding=\"async\" class=\"alignleft size-full wp-image-20337\" src=\"https:\/\/diocese-aveiro.pt\/cultura\/wp-content\/uploads\/2026\/02\/image003.png\" alt=\"\" width=\"901\" height=\"507\" srcset=\"https:\/\/diocese-aveiro.pt\/cultura\/wp-content\/uploads\/2026\/02\/image003.png 901w, https:\/\/diocese-aveiro.pt\/cultura\/wp-content\/uploads\/2026\/02\/image003-300x169.png 300w, https:\/\/diocese-aveiro.pt\/cultura\/wp-content\/uploads\/2026\/02\/image003-768x432.png 768w, https:\/\/diocese-aveiro.pt\/cultura\/wp-content\/uploads\/2026\/02\/image003-600x338.png 600w\" sizes=\"auto, (max-width: 901px) 100vw, 901px\" \/><\/p>\n<p>&nbsp;<\/p>\n<p style=\"text-align: justify;\">\u201cTudo est\u00e1 interligado, nesta nossa casa comum.\u201d \u201cN\u00e3o h\u00e1 duas crises separadas: uma ambiental e outra social; mas uma \u00fanica e complexa crise socio ambiental.\u201d LS (16,139)<\/p>\n<p style=\"text-align: justify;\">Como v\u00ea, n\u00e3o faltam motivos para sair de casa \u00e0s quintas-feiras! O CUFC, casa que sublinha a rela\u00e7\u00e3o entre espiritualidade e atualidade quer, assim, cada vez mais assumir-se como aquele espa\u00e7o da cidade onde f\u00e9 e cultura s\u00e3o postas como quest\u00e3o, numa din\u00e2mica marcada pela irrever\u00eancia de quem sabe que a \u00fanica coisa que n\u00e3o \u00e9 discut\u00edvel \u00e9 a liberdade de dialogar e discutir. Assim exige o nosso presente, assim se constr\u00f3i o futuro!<\/p>\n<p style=\"text-align: justify;\">Vera Cruz_N\u00facleo de Convers\u00e3o Ecol\u00f3gica CUFC_Comunica\u00e7\u00e3o<\/p>\n","protected":false},"excerpt":{"rendered":"<p>O Centro Universit\u00e1rio<\/p>\n","protected":false},"author":1,"featured_media":20339,"comment_status":"closed","ping_status":"closed","sticky":false,"template":"","format":"standard","meta":{"footnotes":""},"categories":[11,8],"tags":[],"class_list":["post-20336","post","type-post","status-publish","format-standard","has-post-thumbnail","hentry","category-acontece","category-em-cartaz"],"_links":{"self":[{"href":"https:\/\/diocese-aveiro.pt\/cultura\/wp-json\/wp\/v2\/posts\/20336","targetHints":{"allow":["GET"]}}],"collection":[{"href":"https:\/\/diocese-aveiro.pt\/cultura\/wp-json\/wp\/v2\/posts"}],"about":[{"href":"https:\/\/diocese-aveiro.pt\/cultura\/wp-json\/wp\/v2\/types\/post"}],"author":[{"embeddable":true,"href":"https:\/\/diocese-aveiro.pt\/cultura\/wp-json\/wp\/v2\/users\/1"}],"replies":[{"embeddable":true,"href":"https:\/\/diocese-aveiro.pt\/cultura\/wp-json\/wp\/v2\/comments?post=20336"}],"version-history":[{"count":1,"href":"https:\/\/diocese-aveiro.pt\/cultura\/wp-json\/wp\/v2\/posts\/20336\/revisions"}],"predecessor-version":[{"id":20340,"href":"https:\/\/diocese-aveiro.pt\/cultura\/wp-json\/wp\/v2\/posts\/20336\/revisions\/20340"}],"wp:featuredmedia":[{"embeddable":true,"href":"https:\/\/diocese-aveiro.pt\/cultura\/wp-json\/wp\/v2\/media\/20339"}],"wp:attachment":[{"href":"https:\/\/diocese-aveiro.pt\/cultura\/wp-json\/wp\/v2\/media?parent=20336"}],"wp:term":[{"taxonomy":"category","embeddable":true,"href":"https:\/\/diocese-aveiro.pt\/cultura\/wp-json\/wp\/v2\/categories?post=20336"},{"taxonomy":"post_tag","embeddable":true,"href":"https:\/\/diocese-aveiro.pt\/cultura\/wp-json\/wp\/v2\/tags?post=20336"}],"curies":[{"name":"wp","href":"https:\/\/api.w.org\/{rel}","templated":true}]}}