{"id":20332,"date":"2026-02-03T13:40:01","date_gmt":"2026-02-03T13:40:01","guid":{"rendered":"https:\/\/diocese-aveiro.pt\/cultura\/?p=20332"},"modified":"2026-02-03T13:40:01","modified_gmt":"2026-02-03T13:40:01","slug":"in-memoriam-faleceu-o-diacono-jose-cardoso-de-abreu","status":"publish","type":"post","link":"https:\/\/diocese-aveiro.pt\/cultura\/in-memoriam-faleceu-o-diacono-jose-cardoso-de-abreu\/","title":{"rendered":"In Memoriam | Faleceu o Di\u00e1cono Jos\u00e9 Cardoso de Abreu"},"content":{"rendered":"<h3 class=\"blog-title\" style=\"text-align: center;\">Faleceu o Di\u00e1cono Jos\u00e9 Cardoso de Abreu<\/h3>\n<p style=\"text-align: justify;\">O Di\u00e1cono Jos\u00e9 Cardoso de Abreu, natural de Fragosela de Cima [Viseu], residia em Esgueira.<\/p>\n<p style=\"text-align: justify;\">Ordenado a 11 de julho de 1999, na S\u00e9 de Aveiro, por D. Ant\u00f3nio Baltasar Marcelino foi colaborador do p\u00e1roco de Esgueira [desde 02\/10\/1999]<\/p>\n<p class=\"has-text-align-center\" style=\"text-align: justify;\">O seu funeral ter\u00e1 lugar amanh\u00e3, quarta-feira 04 de fevereiro, \u00e0s 15h30, na Igreja Matriz de Esgueira.<\/p>\n","protected":false},"excerpt":{"rendered":"<p>Faleceu o Di\u00e1cono<\/p>\n","protected":false},"author":1,"featured_media":20333,"comment_status":"closed","ping_status":"closed","sticky":false,"template":"","format":"standard","meta":{"footnotes":""},"categories":[11,156],"tags":[],"class_list":["post-20332","post","type-post","status-publish","format-standard","has-post-thumbnail","hentry","category-acontece","category-efemerides"],"_links":{"self":[{"href":"https:\/\/diocese-aveiro.pt\/cultura\/wp-json\/wp\/v2\/posts\/20332","targetHints":{"allow":["GET"]}}],"collection":[{"href":"https:\/\/diocese-aveiro.pt\/cultura\/wp-json\/wp\/v2\/posts"}],"about":[{"href":"https:\/\/diocese-aveiro.pt\/cultura\/wp-json\/wp\/v2\/types\/post"}],"author":[{"embeddable":true,"href":"https:\/\/diocese-aveiro.pt\/cultura\/wp-json\/wp\/v2\/users\/1"}],"replies":[{"embeddable":true,"href":"https:\/\/diocese-aveiro.pt\/cultura\/wp-json\/wp\/v2\/comments?post=20332"}],"version-history":[{"count":2,"href":"https:\/\/diocese-aveiro.pt\/cultura\/wp-json\/wp\/v2\/posts\/20332\/revisions"}],"predecessor-version":[{"id":20335,"href":"https:\/\/diocese-aveiro.pt\/cultura\/wp-json\/wp\/v2\/posts\/20332\/revisions\/20335"}],"wp:featuredmedia":[{"embeddable":true,"href":"https:\/\/diocese-aveiro.pt\/cultura\/wp-json\/wp\/v2\/media\/20333"}],"wp:attachment":[{"href":"https:\/\/diocese-aveiro.pt\/cultura\/wp-json\/wp\/v2\/media?parent=20332"}],"wp:term":[{"taxonomy":"category","embeddable":true,"href":"https:\/\/diocese-aveiro.pt\/cultura\/wp-json\/wp\/v2\/categories?post=20332"},{"taxonomy":"post_tag","embeddable":true,"href":"https:\/\/diocese-aveiro.pt\/cultura\/wp-json\/wp\/v2\/tags?post=20332"}],"curies":[{"name":"wp","href":"https:\/\/api.w.org\/{rel}","templated":true}]}}