{"id":20258,"date":"2026-01-19T17:31:01","date_gmt":"2026-01-19T17:31:01","guid":{"rendered":"https:\/\/diocese-aveiro.pt\/cultura\/?p=20258"},"modified":"2026-01-19T17:31:01","modified_gmt":"2026-01-19T17:31:01","slug":"acontece-semana-do-consagrado-26-de-janeiro-a-2-de-fevereiro-de-2026-consagrados-para-amar-e-servir","status":"publish","type":"post","link":"https:\/\/diocese-aveiro.pt\/cultura\/acontece-semana-do-consagrado-26-de-janeiro-a-2-de-fevereiro-de-2026-consagrados-para-amar-e-servir\/","title":{"rendered":"Acontece | Semana do consagrado [26 de janeiro a 2 de fevereiro de 2026] \u201cConsagrados para amar e servir\u201d"},"content":{"rendered":"<h3 class=\"blog-title\" style=\"text-align: center;\">\u201cConsagrados para amar e servir\u201d<\/h3>\n<p style=\"text-align: justify;\">A semana do Consagrado, que se assinala de 26 de janeiro a 02 de fevereiro, tem como lema \u201cConsagrados para amar e servir\u201d.<\/p>\n<p style=\"text-align: justify;\">Esta semana \u00e9 uma iniciativa da Confer\u00eancia Episcopal Portuguesa (CEP), em coordena\u00e7\u00e3o com a Confer\u00eancia dos Institutos Religiosos de Portugal (CIRP) e a Confer\u00eancia Nacional dos Institutos Seculares de Portugal (CNISP), com o intuito de promover a \u201cora\u00e7\u00e3o e a reflex\u00e3o sobre a Vida Consagrada\u201d, sinal de fraternidade para o mundo.<\/p>\n<p style=\"text-align: justify;\">Na nossa Diocese de Aveiro, esta semana ser\u00e1 marcada por dois momentos significativos, para os quais todas as comunidades, movimentos, departamentos e secretariados est\u00e3o convidados a participar e a celebrar, com os Consagrados, o dom da Voca\u00e7\u00e3o Religiosa.<\/p>\n<p style=\"text-align: justify;\">Assim, na quinta-feira, dia 29 de janeiro, haver\u00e1 a Vig\u00edlia de Ora\u00e7\u00e3o, pelas 21h15 e, na segunda-feira, dia 2 de fevereiro, dia da Festa da Apresenta\u00e7\u00e3o do Senhor e Dia Mundial da Vida Consagrada, celebrar-se-\u00e1 a Eucaristia, presidida por D. Ant\u00f3nio Moiteiro, \u00e0s 19h00, seguindo-se jantar* e concerto orante com o Pe. Duarte Rosado, sj. Ambas as celebra\u00e7\u00f5es ser\u00e3o realizadas em estreita liga\u00e7\u00e3o com o Semin\u00e1rio de Aveiro.<\/p>\n<p style=\"text-align: justify;\">Que o Esp\u00edrito Santo continue a guiar os nossos passos no caminho da \u201cComunh\u00e3o, Participa\u00e7\u00e3o e Miss\u00e3o!\u201d<\/p>\n<p style=\"text-align: right;\">\u00a0\u00a0\u00a0\u00a0\u00a0\u00a0\u00a0\u00a0\u00a0\u00a0\u00a0\u00a0\u00a0\u00a0\u00a0\u00a0\u00a0\u00a0\u00a0\u00a0\u00a0\u00a0\u00a0\u00a0\u00a0\u00a0\u00a0\u00a0\u00a0\u00a0\u00a0\u00a0\u00a0\u00a0\u00a0\u00a0\u00a0\u00a0\u00a0\u00a0\u00a0\u00a0\u00a0\u00a0\u00a0\u00a0\u00a0\u00a0\u00a0\u00a0\u00a0\u00a0\u00a0\u00a0\u00a0\u00a0\u00a0\u00a0\u00a0\u00a0\u00a0\u00a0\u00a0\u00a0\u00a0\u00a0\u00a0\u00a0\u00a0\u00a0\u00a0\u00a0\u00a0\u00a0\u00a0\u00a0\u00a0\u00a0\u00a0\u00a0\u00a0\u00a0\u00a0\u00a0\u00a0\u00a0\u00a0\u00a0\u00a0\u00a0\u00a0\u00a0\u00a0\u00a0\u00a0\u00a0\u00a0\u00a0\u00a0\u00a0\u00a0\u00a0\u00a0\u00a0\u00a0\u00a0\u00a0\u00a0\u00a0\u00a0\u00a0\u00a0\u00a0\u00a0\u00a0\u00a0\u00a0\u00a0\u00a0\u00a0\u00a0\u00a0\u00a0\u00a0\u00a0\u00a0\u00a0\u00a0\u00a0\u00a0\u00a0\u00a0\u00a0\u00a0\u00a0\u00a0\u00a0\u00a0\u00a0\u00a0\u00a0 CIRPAveiro<\/p>\n<p class=\"has-text-align-center\" style=\"text-align: center;\">*Para marca\u00e7\u00e3o de jantar contactar o Semin\u00e1rio de Aveiro: 234\u00a0422 171<\/p>\n","protected":false},"excerpt":{"rendered":"<p>\u201cConsagrados para amar<\/p>\n","protected":false},"author":1,"featured_media":20259,"comment_status":"closed","ping_status":"closed","sticky":false,"template":"","format":"standard","meta":{"footnotes":""},"categories":[11,8],"tags":[],"class_list":["post-20258","post","type-post","status-publish","format-standard","has-post-thumbnail","hentry","category-acontece","category-em-cartaz"],"_links":{"self":[{"href":"https:\/\/diocese-aveiro.pt\/cultura\/wp-json\/wp\/v2\/posts\/20258","targetHints":{"allow":["GET"]}}],"collection":[{"href":"https:\/\/diocese-aveiro.pt\/cultura\/wp-json\/wp\/v2\/posts"}],"about":[{"href":"https:\/\/diocese-aveiro.pt\/cultura\/wp-json\/wp\/v2\/types\/post"}],"author":[{"embeddable":true,"href":"https:\/\/diocese-aveiro.pt\/cultura\/wp-json\/wp\/v2\/users\/1"}],"replies":[{"embeddable":true,"href":"https:\/\/diocese-aveiro.pt\/cultura\/wp-json\/wp\/v2\/comments?post=20258"}],"version-history":[{"count":1,"href":"https:\/\/diocese-aveiro.pt\/cultura\/wp-json\/wp\/v2\/posts\/20258\/revisions"}],"predecessor-version":[{"id":20260,"href":"https:\/\/diocese-aveiro.pt\/cultura\/wp-json\/wp\/v2\/posts\/20258\/revisions\/20260"}],"wp:featuredmedia":[{"embeddable":true,"href":"https:\/\/diocese-aveiro.pt\/cultura\/wp-json\/wp\/v2\/media\/20259"}],"wp:attachment":[{"href":"https:\/\/diocese-aveiro.pt\/cultura\/wp-json\/wp\/v2\/media?parent=20258"}],"wp:term":[{"taxonomy":"category","embeddable":true,"href":"https:\/\/diocese-aveiro.pt\/cultura\/wp-json\/wp\/v2\/categories?post=20258"},{"taxonomy":"post_tag","embeddable":true,"href":"https:\/\/diocese-aveiro.pt\/cultura\/wp-json\/wp\/v2\/tags?post=20258"}],"curies":[{"name":"wp","href":"https:\/\/api.w.org\/{rel}","templated":true}]}}