{"id":20227,"date":"2026-01-17T07:00:38","date_gmt":"2026-01-17T07:00:38","guid":{"rendered":"https:\/\/diocese-aveiro.pt\/cultura\/?p=20227"},"modified":"2026-01-14T17:27:57","modified_gmt":"2026-01-14T17:27:57","slug":"tiago-ramalho-xxxv-2-glosas-a-breve-apologie-pour-un-moment-catholique","status":"publish","type":"post","link":"https:\/\/diocese-aveiro.pt\/cultura\/tiago-ramalho-xxxv-2-glosas-a-breve-apologie-pour-un-moment-catholique\/","title":{"rendered":"Tiago Ramalho | XXXV | 2 | Glosas a &#8216;Br\u00e8ve apologie pour un moment catholique&#8217;"},"content":{"rendered":"<div dir=\"ltr\">\n<h6 style=\"text-align: right;\"><strong>GLOSAS<\/strong> &#8211; <em>Espa\u00e7o de coment\u00e1rio a obras que interpelam o tempo presente<\/em><\/h6>\n<hr \/>\n<\/div>\n<p style=\"text-align: center;\"><strong>Glosas a Br\u00e8ve apologie pour un moment catholique<\/strong><\/p>\n<p style=\"text-align: center;\"><strong>\u2013 Adresse: La croix sans la banni\u00e8re \u2013<\/strong><\/p>\n<p style=\"text-align: center;\"><strong>(pp. 7-14)<\/strong><\/p>\n<p style=\"text-align: center;\">(Cont.)<\/p>\n<p style=\"text-align: center;\">\u00a0[Primeiro texto: <a href=\"https:\/\/diocese-aveiro.pt\/cultura\/tiago-ramalho-xxxiv-glosas-a-breve-apologie-pour-un-moment-catholique\/\">aqui<\/a>.]<\/p>\n<p><strong>\u00a0<\/strong><\/p>\n<p style=\"text-align: center;\"><strong>Tiago Azevedo Ramalho<\/strong><\/p>\n<p>&nbsp;<\/p>\n<p style=\"text-align: justify;\">&#8211; 3. <em><u>Uma outra forma de presen\u00e7a.<\/u><\/em>\u00a0 \u2013 N\u00e3o \u00e9 s\u00f3 o reconhecimento de, entretanto, se haver tornado necess\u00e1rio o regresso ao discurso apolog\u00e9tico que merece apontamento. \u00c9 tamb\u00e9m que haja quem se proponha a lev\u00e1-lo a cabo (poder\u00edamos d\u00e1-lo por evidente?) e logo algu\u00e9m como Marion. Entre outros dados de percurso, baste notar, para que fique sublinhada a sua singularidade, que sucedeu na c\u00e1tedra a Emmanuel Levinas na Sorbonne e a Paul Ricoeur em Chicago; e, na <em>Acad\u00e9mie fran\u00e7aise, <\/em>ao Cardeal Jean-Marie Lustiger<em>. <\/em>Do percurso do autor destaca-se a conjuga\u00e7\u00e3o de uma not\u00e1vel dedica\u00e7\u00e3o filos\u00f3fica a um profundo interesse teol\u00f3gico \u2013 foi premiado com o Pr\u00e9mio Ratzinger em 2020 \u2013, num e noutro caso, na Filosofia como na Teologia, cultivando uma exercita\u00e7\u00e3o que simultaneamente mobiliza as respectivas hist\u00f3rias e algumas das suas mais contempor\u00e2neas realiza\u00e7\u00f5es. Trata-se, enfim, de um certo perfil e modo de exerc\u00edcio da f\u00e9 crist\u00e3 que rompe com muitas das suas caricaturas habituais.<\/p>\n<p style=\"text-align: justify;\">Em qualquer caso, <em>Br\u00e8ve apologie pour un moment catholique <\/em>n\u00e3o \u00e9 uma obra filos\u00f3fica ou sequer teol\u00f3gica <em>sensu stricto<\/em>. \u00c9 obra, por\u00e9m, flagrantemente sa\u00edda de quem se encontra profundamente versado naquelas disciplinas, e cujo discurso deixa entrever, quer os duros rigores da exercita\u00e7\u00e3o intelectual a que o seu autor se submeteu, quer o horizonte de sentido que escolheu e no qual declaradamente confessa pretender inscrever-se.<\/p>\n<p style=\"text-align: justify;\">Nem sempre a Igreja, bem o sabemos, vem contando com quem assuma e exer\u00e7a este tipo de discurso. \u00c9 certo que nunca deixou de cultivar no seu interior as letras filos\u00f3ficas, e que nelas pretende versados os que s\u00e3o admitidos aos principais minist\u00e9rios ordenados. N\u00e3o obstante, n\u00e3o deixa de se notar um assinal\u00e1vel contraste entre aquele que parece ser o modo magisterial de proposta da exercita\u00e7\u00e3o filos\u00f3fica e o modo como esta tem lugar fora da cintura eclesial, com n\u00e3o raro \u2013 como n\u00e3o se pode deixar de reconhecer \u2013 abismos de incomunicabilidade entre uma e outra. Contraste-se, por ex., uma proposta como a da Enc\u00edclica <em>Veritatis Splendor, <\/em>de S\u00e3o Jo\u00e3o Paulo II (1993), com algumas das principais exercita\u00e7\u00f5es de Filosofia contempor\u00e2nea do lado de c\u00e1 ou do lado de l\u00e1 do canal. Ao n\u00e3o assumir, nem a intransig\u00eancia da radical interroga\u00e7\u00e3o filos\u00f3fica \u2013 a busca dos \u00ab\u1fe5\u03b9\u03b6\u03ce\u03bc\u03b1\u03c4\u03b1 \u03c0\u03ac\u03bd\u03c4\u1ff6\u03bd\u00bb, ra\u00edzes de todas as coisas \u2013, nem a n\u00e3o menos intransigente \u00abloucura\u00bb do dado teol\u00f3gico, que subordina a espontaneidade do sujeito ao primado da escuta, o discurso coloca-se num espa\u00e7o que torna dif\u00edcil a comunica\u00e7\u00e3o do fundamental da via da f\u00e9. Que algu\u00e9m versado naquela dupla intransig\u00eancia, a da Filosofia e a da Teologia, tome a palavra, \u00e9 um dado que, portanto, merece um profundo sublinhado.<\/p>\n<p style=\"text-align: justify;\">Um segundo apontamento se justifica. \u00c9 tamb\u00e9m de notar, com efeito, n\u00e3o estarmos diante de um contributo sa\u00eddo dos canais habituais de \u00abprodu\u00e7\u00e3o\u00bb de pensamento cat\u00f3lico: nem se trata de texto provindo da hierarquia, nem de nenhuma institui\u00e7\u00e3o educativa cat\u00f3lica. \u00c9 texto, na verdade, livre de qualquer sombra de qualquer rotinismo burocratizado, o que nem sempre se verifica quando prov\u00e9m de outras categorias de locutores.<\/p>\n<p style=\"text-align: justify;\">Tudo contribui para tornar esta reflex\u00e3o especialmente interessante, pelo modo de exerc\u00edcio da f\u00e9 que representa: f\u00e9 esclarecida, mas n\u00e3o altiva; minorit\u00e1ria, mas n\u00e3o sect\u00e1ria; vivida na convic\u00e7\u00e3o pessoal, mas aberta a propor-se ao mundo; assumida na singular condi\u00e7\u00e3o baptismal, mas desejando-se enraizada no orbe cat\u00f3lico; sabendo-se crescentemente desconhecida, mas testemunhando as raz\u00f5es da sua esperan\u00e7a. Tudo especialmente interessante, porque em tudo, afinal, especialmente acolhendo a exorta\u00e7\u00e3o de quem presidiu \u00e0 edifica\u00e7\u00e3o da Igreja:<\/p>\n<p style=\"text-align: justify;\">\u00abN\u00e3o temais as suas amea\u00e7as, nem vos deixeis perturbar; mas, no \u00edntimo do vosso cora\u00e7\u00e3o, confessai Cristo como Senhor, sempre dispostos a dar a raz\u00e3o da vossa esperan\u00e7a a todo aquele que vo-la pe\u00e7a; com mansid\u00e3o e respeito, mantende limpa a consci\u00eancia, de modo que os que caluniam a vossa boa conduta em Cristo sejam confundidos, naquilo mesmo em que dizem mal de v\u00f3s\u00bb (<em>1 Pe <\/em>3, 15-16; fora na tradu\u00e7\u00e3o das cita\u00e7\u00f5es directas de Marion, d\u00e3o-se as vers\u00f5es da B\u00edblia dos Capuchinhos).<\/p>\n<p style=\"text-align: right;\">(Continua.)<\/p>\n<hr \/>\n<p style=\"text-align: right;\"><a href=\"https:\/\/pt.wikipedia.org\/wiki\/Jean-Luc_Marion#\/media\/Ficheiro:Jean-Luc_Marion.png\" target=\"_blank\" rel=\"noopener\">Jean-Luc Marion<\/a>, membro da Academia Francesa<\/p>\n<p>&nbsp;<\/p>\n","protected":false},"excerpt":{"rendered":"<p>GLOSAS &#8211; Espa\u00e7o<\/p>\n","protected":false},"author":1,"featured_media":20230,"comment_status":"closed","ping_status":"closed","sticky":false,"template":"","format":"standard","meta":{"footnotes":""},"categories":[161,144],"tags":[],"class_list":["post-20227","post","type-post","status-publish","format-standard","has-post-thumbnail","hentry","category-glosas","category-tiago-azevedo-ramalho"],"_links":{"self":[{"href":"https:\/\/diocese-aveiro.pt\/cultura\/wp-json\/wp\/v2\/posts\/20227","targetHints":{"allow":["GET"]}}],"collection":[{"href":"https:\/\/diocese-aveiro.pt\/cultura\/wp-json\/wp\/v2\/posts"}],"about":[{"href":"https:\/\/diocese-aveiro.pt\/cultura\/wp-json\/wp\/v2\/types\/post"}],"author":[{"embeddable":true,"href":"https:\/\/diocese-aveiro.pt\/cultura\/wp-json\/wp\/v2\/users\/1"}],"replies":[{"embeddable":true,"href":"https:\/\/diocese-aveiro.pt\/cultura\/wp-json\/wp\/v2\/comments?post=20227"}],"version-history":[{"count":3,"href":"https:\/\/diocese-aveiro.pt\/cultura\/wp-json\/wp\/v2\/posts\/20227\/revisions"}],"predecessor-version":[{"id":20231,"href":"https:\/\/diocese-aveiro.pt\/cultura\/wp-json\/wp\/v2\/posts\/20227\/revisions\/20231"}],"wp:featuredmedia":[{"embeddable":true,"href":"https:\/\/diocese-aveiro.pt\/cultura\/wp-json\/wp\/v2\/media\/20230"}],"wp:attachment":[{"href":"https:\/\/diocese-aveiro.pt\/cultura\/wp-json\/wp\/v2\/media?parent=20227"}],"wp:term":[{"taxonomy":"category","embeddable":true,"href":"https:\/\/diocese-aveiro.pt\/cultura\/wp-json\/wp\/v2\/categories?post=20227"},{"taxonomy":"post_tag","embeddable":true,"href":"https:\/\/diocese-aveiro.pt\/cultura\/wp-json\/wp\/v2\/tags?post=20227"}],"curies":[{"name":"wp","href":"https:\/\/api.w.org\/{rel}","templated":true}]}}