{"id":20221,"date":"2026-01-13T19:29:58","date_gmt":"2026-01-13T19:29:58","guid":{"rendered":"https:\/\/diocese-aveiro.pt\/cultura\/?p=20221"},"modified":"2026-01-13T19:29:58","modified_gmt":"2026-01-13T19:29:58","slug":"acontece-semana-de-oracao-pela-unidade-dos-cristaos-2","status":"publish","type":"post","link":"https:\/\/diocese-aveiro.pt\/cultura\/acontece-semana-de-oracao-pela-unidade-dos-cristaos-2\/","title":{"rendered":"Acontece | SEMANA DE ORA\u00c7\u00c3O PELA UNIDADE DOS CRIST\u00c3OS"},"content":{"rendered":"<h3 class=\"blog-title\" style=\"text-align: center;\"><\/h3>\n<p style=\"text-align: center;\">21 janeiro | 21h00 | Igreja Metodista de Aveiro<br \/>\n<strong>Ora\u00e7\u00e3o ecum\u00e9nica com D. Ant\u00f3nio Moiteiro, bispo de Aveiro, e o Pastor Eduardo Conde, Igreja Metodista<\/strong><\/p>\n<p style=\"text-align: justify;\">H\u00e1 um s\u00f3 corpo e um s\u00f3 Esp\u00edrito, assim como fostes chamados a uma s\u00f3 esperan\u00e7a \u2013 a da vossa voca\u00e7\u00e3o\u2019, da carta de S\u00e3o Paulo aos Ef\u00e9sios (4:4), \u00e9 o tema da Semana de Ora\u00e7\u00e3o pela Unidade dos Crist\u00e3os 2026<\/p>\n<p style=\"text-align: justify;\">As ora\u00e7\u00f5es e reflex\u00f5es para a Semana de Ora\u00e7\u00e3o pela Unidade dos Crist\u00e3os 2026 foram preparadas pela Igreja Apost\u00f3lica Arm\u00e9nia, com \u201cirm\u00e3os e irm\u00e3s\u201d das Igrejas Cat\u00f3lica e Evang\u00e9lica locais, na hist\u00f3rica sede espiritual e administrativa da Igreja Apost\u00f3lica Arm\u00e9nia, a Santa S\u00e9 de Etchmiadzin, \u201cdurante os inspiradores dias da b\u00ean\u00e7\u00e3o do Muron (\u00f3leo sagrado) e da consagra\u00e7\u00e3o da catedral\u201d, a 28 e 29 de setembro de 2024.<\/p>\n<p style=\"text-align: justify;\">\u201cEstes recursos baseiam-se em tradi\u00e7\u00f5es seculares de ora\u00e7\u00e3o e s\u00faplicas utilizadas pelo povo arm\u00e9nio, juntamente com hinos que tiveram origem nos antigos mosteiros e igrejas da Arm\u00e9nia, alguns dos quais datam do s\u00e9culo IV\u201d, l\u00ea-se no gui\u00e3o, que convida a recorrer a essa \u201cheran\u00e7a crist\u00e3 partilhada e a aprofundar a comunh\u00e3o em Cristo, que une os crist\u00e3os de todo o mundo\u201d.<\/p>\n<p style=\"text-align: justify;\">Nas redes sociais da diocese de Aveiro ser\u00e1 partilhada diariamente a proposta de ora\u00e7\u00e3o deste oitav\u00e1rio [18 a 25 de janeiro].<\/p>\n","protected":false},"excerpt":{"rendered":"<p>21 janeiro |<\/p>\n","protected":false},"author":1,"featured_media":20222,"comment_status":"closed","ping_status":"closed","sticky":false,"template":"","format":"standard","meta":{"footnotes":""},"categories":[11,8],"tags":[],"class_list":["post-20221","post","type-post","status-publish","format-standard","has-post-thumbnail","hentry","category-acontece","category-em-cartaz"],"_links":{"self":[{"href":"https:\/\/diocese-aveiro.pt\/cultura\/wp-json\/wp\/v2\/posts\/20221","targetHints":{"allow":["GET"]}}],"collection":[{"href":"https:\/\/diocese-aveiro.pt\/cultura\/wp-json\/wp\/v2\/posts"}],"about":[{"href":"https:\/\/diocese-aveiro.pt\/cultura\/wp-json\/wp\/v2\/types\/post"}],"author":[{"embeddable":true,"href":"https:\/\/diocese-aveiro.pt\/cultura\/wp-json\/wp\/v2\/users\/1"}],"replies":[{"embeddable":true,"href":"https:\/\/diocese-aveiro.pt\/cultura\/wp-json\/wp\/v2\/comments?post=20221"}],"version-history":[{"count":1,"href":"https:\/\/diocese-aveiro.pt\/cultura\/wp-json\/wp\/v2\/posts\/20221\/revisions"}],"predecessor-version":[{"id":20223,"href":"https:\/\/diocese-aveiro.pt\/cultura\/wp-json\/wp\/v2\/posts\/20221\/revisions\/20223"}],"wp:featuredmedia":[{"embeddable":true,"href":"https:\/\/diocese-aveiro.pt\/cultura\/wp-json\/wp\/v2\/media\/20222"}],"wp:attachment":[{"href":"https:\/\/diocese-aveiro.pt\/cultura\/wp-json\/wp\/v2\/media?parent=20221"}],"wp:term":[{"taxonomy":"category","embeddable":true,"href":"https:\/\/diocese-aveiro.pt\/cultura\/wp-json\/wp\/v2\/categories?post=20221"},{"taxonomy":"post_tag","embeddable":true,"href":"https:\/\/diocese-aveiro.pt\/cultura\/wp-json\/wp\/v2\/tags?post=20221"}],"curies":[{"name":"wp","href":"https:\/\/api.w.org\/{rel}","templated":true}]}}