{"id":20168,"date":"2026-01-02T12:59:55","date_gmt":"2026-01-02T12:59:55","guid":{"rendered":"https:\/\/diocese-aveiro.pt\/cultura\/?p=20168"},"modified":"2026-01-02T13:03:49","modified_gmt":"2026-01-02T13:03:49","slug":"victor-bandeira-um-olhar-atento-ao-tempo-que-flui-11-presepios-no-jubileu-dos-2025-anos-de-jesus","status":"publish","type":"post","link":"https:\/\/diocese-aveiro.pt\/cultura\/victor-bandeira-um-olhar-atento-ao-tempo-que-flui-11-presepios-no-jubileu-dos-2025-anos-de-jesus\/","title":{"rendered":"Victor Bandeira &#8211; &#8216;Um olhar atento ao tempo que flui&#8217; | 11 | Pres\u00e9pios no Jubileu dos 2025 anos de Jesus"},"content":{"rendered":"<blockquote>\n<ul>\n<li style=\"text-align: right;\"><em>Um olhar atento ao tempo que flui<\/em><\/li>\n<\/ul>\n<\/blockquote>\n<hr \/>\n<p style=\"text-align: center;\"><strong>Victor Bandeira*<\/strong><\/p>\n<p style=\"text-align: justify;\">No Jubileu dos 2025 anos do Nascimento de Jesus continuam a proliferar os sinais de festa que evocam o Seu Santo Nascimento. \u00c9 verdade que muitas pessoas j\u00e1 deixaram de lado a pr\u00e1tica tradicional de construir o pres\u00e9pio nas suas casas, substituindo-o por mangueiras ou projec\u00e7\u00f5es de luzes nas fachadas dos edif\u00edcios ou pela \u00e1rvore-de-Natal, que, outrora, tinha na sua base o cen\u00e1rio do Natal com a Sagrada Fam\u00edlia, os pastores com os seus rebanhos, e os magos do Oriente com as ofertas de ouro, incenso e mirra, mas que declinaram, pelos quebra-nozes dos filmes animados ou por um simples pano vermelho debruado a dourado, que, certamente, d\u00e3o muito menos trabalho a colocar, a arrumar e limpar.<br \/>\nNa verdade, a avaliar pelas publica\u00e7\u00f5es que se v\u00e3o observando, nas redes sociais, ainda h\u00e1 muitas fam\u00edlias que constroem o seu pres\u00e9pio, sendo que alguns s\u00e3o verdadeiras obras de arte.<br \/>\nTamb\u00e9m nas nossas igrejas, o pres\u00e9pio ainda vai tendo lugar de destaque durante esta \u00e9poca festiva. Como exemplo, para este artigo, partilham-se as fotografias do pres\u00e9pio que tem vindo a ser constru\u00eddo, ano ap\u00f3s ano, na igreja de S\u00e3o Bartolomeu de Veiros, assinalando-se, assim, os 2025 anos do Nascimento de Jesus. As imagens foram adquiridas no ano de 2002 e destacam-se pelas cores alegres e pelo detalhe t\u00e3o bem conseguido das suas faces, que nos ajudam a elevar a nossa ora\u00e7\u00e3o e contempla\u00e7\u00e3o no Mist\u00e9rio Divino do Natal do Senhor.<br \/>\nTodos os anos, o pres\u00e9pio \u00e9 constru\u00eddo de maneira diferente, maioritariamente com musgos, mas j\u00e1 se viu revestido de palha (Figura 8), de junco (Figura 16), de flores (Figuras 1, 14, 15, 21), plantas ex\u00f3ticas, destacando-se um dos natais em que a gruta foi revestida com mais de 150 hastes de orqu\u00eddeas (Figura 11), todas oferecidas pelos veirenses, que acorreram \u00e0 solicita\u00e7\u00e3o desse ano, para que deixassem na igreja as suas orqu\u00eddeas, a fim de ser constru\u00edda a gruta de Bel\u00e9m.<br \/>\nAssim se observa que, de muitas maneiras e de muitos modos, se pode construir o pres\u00e9pio, mantendo sempre o essencial, o Menino envolto em panos e deitado na manjedoura, rodeado por Maria, S. Jos\u00e9, visitado pelos Pastores e adorado pelos Magos do Oriente.<br \/>\nOs preparativos dos materiais e da pr\u00f3pria confec\u00e7\u00e3o do pres\u00e9pio envolvem muitas pessoas, desde crian\u00e7as a adolescentes, jovens e adultos. E, tamb\u00e9m assim, se v\u00eaem os frutos que uma coisa t\u00e3o simples, como a constru\u00e7\u00e3o do pres\u00e9pio, podem formar.<br \/>\nContudo, nas casas dos crist\u00e3os, ano ap\u00f3s ano, o pres\u00e9pio vai sendo \u201cesquecido\u201d e, se n\u00e3o foi colocado em segundo plano, casas h\u00e1 em que j\u00e1 nem o pensam fazer, porque t\u00eam outras decora\u00e7\u00f5es que o substituem no lugar central da sala, onde outrora era presen\u00e7a ass\u00eddua.<br \/>\nNas escolas, em tempos idos, constru\u00eda-se o pres\u00e9pio e fazia-se a \u00e1rvore-de-Natal. As crian\u00e7as viam esta continuidade do pres\u00e9pio de Bel\u00e9m que aprendiam na catequese, e que passava para a sua casa e pela escola, porque, em todos os locais que frequentavam, o pres\u00e9pio estava presente. Era normal! Anormal era n\u00e3o o encontrar! Mas os tempos mudaram e este Cristo, nascido em Bel\u00e9m, teve de ser escondido, de novo, na gruta, longe dos olhares dos Herodes dos tempos actuais, que o querem de novo assassinar!<br \/>\nEste exterm\u00ednio vem, muitas vezes, encapotado em forma de publica\u00e7\u00f5es nas redes sociais alertando para a prote\u00e7\u00e3o das esp\u00e9cies de musgos, proibidos de serem colhidos. Mas, nem a prop\u00f3sito, no in\u00edcio de Dezembro, \u00e9poca em que as escassas fam\u00edlias que ainda constroem o pres\u00e9pio com musgo, o iriam recolher, s\u00e3o alertados e educados atrav\u00e9s do medo. Porque n\u00e3o se lhes explica tudo devidamente?! Claro, que h\u00e1 muitas maneiras de construir o pres\u00e9pio, e o musgo pode sempre ser reutilizado nos anos seguintes, porque facilmente se conserva seco, mantendo o mesmo aspecto.<br \/>\nQuem o colhe tamb\u00e9m deve saber que n\u00e3o deve recolher o musgo em grandes extens\u00f5es ininterruptas. Mas, ao recolher, deve ter o cuidado de n\u00e3o descobrir os solos em \u00e1reas cont\u00ednuas, de modo a permitir que o musgo adjacente possa rapidamente proliferar e atapetar, de novo, a \u00e1rea a descoberto, para que a qualidade do solo n\u00e3o fique comprometida.<br \/>\nEstas publica\u00e7\u00f5es que o Instituto da Conserva\u00e7\u00e3o da Natureza e das Florestas (ICNF) tem vindo a divulgar n\u00e3o deixam de ser oportunas, porque, de facto, os musgos s\u00e3o esp\u00e9cies sens\u00edveis e cada vez mais raras, e contribuem para o equil\u00edbrio dos habitats onde ocorrem. Mas n\u00e3o deixa de ser ir\u00f3nico que esta mesma institui\u00e7\u00e3o que os \u201cprotege\u201d e que emana o \u201cmedo\u201d entre os poucos crist\u00e3os que o recolhem, seja a mesma institui\u00e7\u00e3o que permite a destrui\u00e7\u00e3o de quil\u00f3metros quadrados cont\u00ednuos de musgos para a implementa\u00e7\u00e3o de mega instala\u00e7\u00f5es de pain\u00e9is fotovoltaicos em solos ricos e repletos de esp\u00e9cies aut\u00f3ctones, destruindo toda uma paisagem aut\u00f3ctone e todo um ecossistema, e todo um equil\u00edbrio natural, e permitindo o corte de centenas de sobreiros, azinheiras, carvalhos, que sust\u00eam, nos seus solos e nos seus troncos, milhares de hectares de musgos, que nunca mais ser\u00e3o substitu\u00eddos\u2026 ao contr\u00e1rio dos musgos que s\u00e3o recolhidos para pres\u00e9pios, e que regeneram e voltam a atapetar os mesmos solos, se forem colhidos com responsabilidade e cuidado, deixando clareiras reduzidas e de recomposi\u00e7\u00e3o e regenera\u00e7\u00e3o r\u00e1pida.<br \/>\nIronicamente, a extrac\u00e7\u00e3o de musgos pode ser feita ao abrigo das limpezas de terrenos, como gest\u00e3o de combust\u00edvel, e \u00e9 assim que poderemos continuar a realizar os pres\u00e9pios. Interessante, n\u00e3o \u00e9?! Qual hist\u00f3ria entre Herodes e os Magos do Oriente, a quem este rei da Judeia tenta enganar para poder chegar ao Menino e suprimi-Lo para que lhe n\u00e3o tome o lugar!&#8230;<br \/>\nTermino este texto com uma frase, que recolhi de um renomado realizador de document\u00e1rios cient\u00edficos, o mestre Daniel Pinheiro, e que aqui replico, o qual nos faz, a n\u00f3s, cidad\u00e3os, mas tamb\u00e9m \u00e0s autoridades nacionais, uma pertinente e determinada chamada de aten\u00e7\u00e3o sobre esta problem\u00e1tica da recolha de musgos da seguinte maneira: \u201cNuma manh\u00e3 de trabalho, uma m\u00e1quina florestal pesada destr\u00f3i mais musgo do que todo o musgo apanhado em Portugal para pres\u00e9pios. Tenham vergonha.\u201d \u00c9 com isto mesmo que nos devemos insurgir e deveremos proclamar a quem de direito: \u201cTenham vergonha!\u201d<br \/>\nN\u00e3o nos deixemos enganar pelos Herodes dos tempos modernos e fa\u00e7amos como os Magos do Oriente; sigamos por outro caminho!<\/p>\n<hr \/>\n<div style=\"text-align: right;\"><span lang=\"PT\"><span class=\"font\"><span class=\"size\">*Victor Bandeira, PhD<\/span><\/span><\/span><\/div>\n<div style=\"text-align: right;\"><span class=\"font\"><span class=\"size\">Departamento de Biologia e CESAM \u2013 Centro de Estudos do Ambiente e do Mar<\/span><\/span><\/div>\n<div style=\"text-align: right;\">\n<p><span lang=\"PT\"><span class=\"font\"><span class=\"size\">Universidade de Aveiro<\/span><\/span><\/span><\/p>\n<\/div>\n<hr \/>\n<p><strong>Refer\u00eancias bibliogr\u00e1ficas<\/strong><\/p>\n<p style=\"text-align: justify;\">Bandeira V. (2018). Mem\u00f3rias da Igreja de S\u00e3o Bartolomeu de Veiros \u2013 Ch\u00e3o Sagrado. Tempo Novo Editora. Aveiro. 461 pp. [ISBN: 978-989-99806-9-3].<\/p>\n<hr \/>\n<div id='gallery-1' class='gallery galleryid-20168 gallery-columns-3 gallery-size-thumbnail'><figure class='gallery-item'>\n\t\t\t<div class='gallery-icon portrait'>\n\t\t\t\t<a href='https:\/\/diocese-aveiro.pt\/cultura\/victor-bandeira-um-olhar-atento-ao-tempo-que-flui-11-presepios-no-jubileu-dos-2025-anos-de-jesus\/olympus-digital-camera-23\/'><img loading=\"lazy\" decoding=\"async\" width=\"150\" height=\"150\" src=\"https:\/\/diocese-aveiro.pt\/cultura\/wp-content\/uploads\/2026\/01\/Figura-1-150x150.jpg\" class=\"attachment-thumbnail size-thumbnail\" alt=\"\" aria-describedby=\"gallery-1-20170\" \/><\/a>\n\t\t\t<\/div>\n\t\t\t\t<figcaption class='wp-caption-text gallery-caption' id='gallery-1-20170'>\n\t\t\t\tFigura 1. Pres\u00e9pio em 2004\n\t\t\t\t<\/figcaption><\/figure><figure class='gallery-item'>\n\t\t\t<div class='gallery-icon portrait'>\n\t\t\t\t<a href='https:\/\/diocese-aveiro.pt\/cultura\/victor-bandeira-um-olhar-atento-ao-tempo-que-flui-11-presepios-no-jubileu-dos-2025-anos-de-jesus\/olympus-digital-camera-24\/'><img loading=\"lazy\" decoding=\"async\" width=\"150\" height=\"150\" src=\"https:\/\/diocese-aveiro.pt\/cultura\/wp-content\/uploads\/2026\/01\/Figura-2-150x150.jpg\" class=\"attachment-thumbnail size-thumbnail\" alt=\"\" aria-describedby=\"gallery-1-20171\" \/><\/a>\n\t\t\t<\/div>\n\t\t\t\t<figcaption class='wp-caption-text gallery-caption' id='gallery-1-20171'>\n\t\t\t\tFigura 2. Pres\u00e9pio em 2006\n\t\t\t\t<\/figcaption><\/figure><figure class='gallery-item'>\n\t\t\t<div class='gallery-icon landscape'>\n\t\t\t\t<a href='https:\/\/diocese-aveiro.pt\/cultura\/victor-bandeira-um-olhar-atento-ao-tempo-que-flui-11-presepios-no-jubileu-dos-2025-anos-de-jesus\/olympus-digital-camera-25\/'><img loading=\"lazy\" decoding=\"async\" width=\"150\" height=\"150\" src=\"https:\/\/diocese-aveiro.pt\/cultura\/wp-content\/uploads\/2026\/01\/Figura-3-150x150.jpg\" class=\"attachment-thumbnail size-thumbnail\" alt=\"\" aria-describedby=\"gallery-1-20172\" \/><\/a>\n\t\t\t<\/div>\n\t\t\t\t<figcaption class='wp-caption-text gallery-caption' id='gallery-1-20172'>\n\t\t\t\tFigura 3. Pres\u00e9pio em 2007\n\t\t\t\t<\/figcaption><\/figure><figure class='gallery-item'>\n\t\t\t<div class='gallery-icon landscape'>\n\t\t\t\t<a href='https:\/\/diocese-aveiro.pt\/cultura\/victor-bandeira-um-olhar-atento-ao-tempo-que-flui-11-presepios-no-jubileu-dos-2025-anos-de-jesus\/olympus-digital-camera-26\/'><img loading=\"lazy\" decoding=\"async\" width=\"150\" height=\"150\" src=\"https:\/\/diocese-aveiro.pt\/cultura\/wp-content\/uploads\/2026\/01\/Figura-4-150x150.jpg\" class=\"attachment-thumbnail size-thumbnail\" alt=\"\" aria-describedby=\"gallery-1-20173\" \/><\/a>\n\t\t\t<\/div>\n\t\t\t\t<figcaption class='wp-caption-text gallery-caption' id='gallery-1-20173'>\n\t\t\t\tFigura 4. Pres\u00e9pio em 2008\n\t\t\t\t<\/figcaption><\/figure><figure class='gallery-item'>\n\t\t\t<div class='gallery-icon portrait'>\n\t\t\t\t<a href='https:\/\/diocese-aveiro.pt\/cultura\/victor-bandeira-um-olhar-atento-ao-tempo-que-flui-11-presepios-no-jubileu-dos-2025-anos-de-jesus\/olympus-digital-camera-27\/'><img loading=\"lazy\" decoding=\"async\" width=\"150\" height=\"150\" src=\"https:\/\/diocese-aveiro.pt\/cultura\/wp-content\/uploads\/2026\/01\/Figura-5-150x150.jpg\" class=\"attachment-thumbnail size-thumbnail\" alt=\"\" aria-describedby=\"gallery-1-20174\" \/><\/a>\n\t\t\t<\/div>\n\t\t\t\t<figcaption class='wp-caption-text gallery-caption' id='gallery-1-20174'>\n\t\t\t\tFigura 5. Pres\u00e9pio em 2009\n\t\t\t\t<\/figcaption><\/figure><figure class='gallery-item'>\n\t\t\t<div class='gallery-icon landscape'>\n\t\t\t\t<a href='https:\/\/diocese-aveiro.pt\/cultura\/victor-bandeira-um-olhar-atento-ao-tempo-que-flui-11-presepios-no-jubileu-dos-2025-anos-de-jesus\/olympus-digital-camera-28\/'><img loading=\"lazy\" decoding=\"async\" width=\"150\" height=\"150\" src=\"https:\/\/diocese-aveiro.pt\/cultura\/wp-content\/uploads\/2026\/01\/Figura-6-150x150.jpg\" class=\"attachment-thumbnail size-thumbnail\" alt=\"\" aria-describedby=\"gallery-1-20175\" \/><\/a>\n\t\t\t<\/div>\n\t\t\t\t<figcaption class='wp-caption-text gallery-caption' id='gallery-1-20175'>\n\t\t\t\tFigura 6. Pres\u00e9pio em 2010\n\t\t\t\t<\/figcaption><\/figure><figure class='gallery-item'>\n\t\t\t<div class='gallery-icon landscape'>\n\t\t\t\t<a href='https:\/\/diocese-aveiro.pt\/cultura\/victor-bandeira-um-olhar-atento-ao-tempo-que-flui-11-presepios-no-jubileu-dos-2025-anos-de-jesus\/figura-7-7\/'><img loading=\"lazy\" decoding=\"async\" width=\"150\" height=\"150\" src=\"https:\/\/diocese-aveiro.pt\/cultura\/wp-content\/uploads\/2026\/01\/Figura-7-150x150.jpg\" class=\"attachment-thumbnail size-thumbnail\" alt=\"\" aria-describedby=\"gallery-1-20184\" \/><\/a>\n\t\t\t<\/div>\n\t\t\t\t<figcaption class='wp-caption-text gallery-caption' id='gallery-1-20184'>\n\t\t\t\tFigura 7. Pres\u00e9pio em 2011\n\t\t\t\t<\/figcaption><\/figure><figure class='gallery-item'>\n\t\t\t<div class='gallery-icon landscape'>\n\t\t\t\t<a href='https:\/\/diocese-aveiro.pt\/cultura\/victor-bandeira-um-olhar-atento-ao-tempo-que-flui-11-presepios-no-jubileu-dos-2025-anos-de-jesus\/olympus-digital-camera-29\/'><img loading=\"lazy\" decoding=\"async\" width=\"150\" height=\"150\" src=\"https:\/\/diocese-aveiro.pt\/cultura\/wp-content\/uploads\/2026\/01\/Figura-8-150x150.jpg\" class=\"attachment-thumbnail size-thumbnail\" alt=\"\" aria-describedby=\"gallery-1-20176\" \/><\/a>\n\t\t\t<\/div>\n\t\t\t\t<figcaption class='wp-caption-text gallery-caption' id='gallery-1-20176'>\n\t\t\t\tFigura 8. Pres\u00e9pio em 2012\n\t\t\t\t<\/figcaption><\/figure><figure class='gallery-item'>\n\t\t\t<div class='gallery-icon landscape'>\n\t\t\t\t<a href='https:\/\/diocese-aveiro.pt\/cultura\/victor-bandeira-um-olhar-atento-ao-tempo-que-flui-11-presepios-no-jubileu-dos-2025-anos-de-jesus\/olympus-digital-camera-30\/'><img loading=\"lazy\" decoding=\"async\" width=\"150\" height=\"150\" src=\"https:\/\/diocese-aveiro.pt\/cultura\/wp-content\/uploads\/2026\/01\/Figura-9-150x150.jpg\" class=\"attachment-thumbnail size-thumbnail\" alt=\"\" aria-describedby=\"gallery-1-20177\" \/><\/a>\n\t\t\t<\/div>\n\t\t\t\t<figcaption class='wp-caption-text gallery-caption' id='gallery-1-20177'>\n\t\t\t\tFigura 9. Pres\u00e9pio em 2013\n\t\t\t\t<\/figcaption><\/figure><figure class='gallery-item'>\n\t\t\t<div class='gallery-icon landscape'>\n\t\t\t\t<a href='https:\/\/diocese-aveiro.pt\/cultura\/victor-bandeira-um-olhar-atento-ao-tempo-que-flui-11-presepios-no-jubileu-dos-2025-anos-de-jesus\/olympus-digital-camera-31\/'><img loading=\"lazy\" decoding=\"async\" width=\"150\" height=\"150\" src=\"https:\/\/diocese-aveiro.pt\/cultura\/wp-content\/uploads\/2026\/01\/Figura-10-150x150.jpg\" class=\"attachment-thumbnail size-thumbnail\" alt=\"\" aria-describedby=\"gallery-1-20178\" \/><\/a>\n\t\t\t<\/div>\n\t\t\t\t<figcaption class='wp-caption-text gallery-caption' id='gallery-1-20178'>\n\t\t\t\tFigura 10. Pres\u00e9pio em 2014\n\t\t\t\t<\/figcaption><\/figure><figure class='gallery-item'>\n\t\t\t<div class='gallery-icon landscape'>\n\t\t\t\t<a href='https:\/\/diocese-aveiro.pt\/cultura\/victor-bandeira-um-olhar-atento-ao-tempo-que-flui-11-presepios-no-jubileu-dos-2025-anos-de-jesus\/figura-11-7\/'><img loading=\"lazy\" decoding=\"async\" width=\"150\" height=\"150\" src=\"https:\/\/diocese-aveiro.pt\/cultura\/wp-content\/uploads\/2026\/01\/Figura-11-150x150.jpg\" class=\"attachment-thumbnail size-thumbnail\" alt=\"\" aria-describedby=\"gallery-1-20185\" \/><\/a>\n\t\t\t<\/div>\n\t\t\t\t<figcaption class='wp-caption-text gallery-caption' id='gallery-1-20185'>\n\t\t\t\tFigura 11. Pres\u00e9pio em 2015\n\t\t\t\t<\/figcaption><\/figure><figure class='gallery-item'>\n\t\t\t<div class='gallery-icon landscape'>\n\t\t\t\t<a href='https:\/\/diocese-aveiro.pt\/cultura\/victor-bandeira-um-olhar-atento-ao-tempo-que-flui-11-presepios-no-jubileu-dos-2025-anos-de-jesus\/olympus-digital-camera-32\/'><img loading=\"lazy\" decoding=\"async\" width=\"150\" height=\"150\" src=\"https:\/\/diocese-aveiro.pt\/cultura\/wp-content\/uploads\/2026\/01\/Figura-12-150x150.jpg\" class=\"attachment-thumbnail size-thumbnail\" alt=\"\" aria-describedby=\"gallery-1-20179\" \/><\/a>\n\t\t\t<\/div>\n\t\t\t\t<figcaption class='wp-caption-text gallery-caption' id='gallery-1-20179'>\n\t\t\t\tFigura 12. Pres\u00e9pio em 2016\n\t\t\t\t<\/figcaption><\/figure><figure class='gallery-item'>\n\t\t\t<div class='gallery-icon landscape'>\n\t\t\t\t<a href='https:\/\/diocese-aveiro.pt\/cultura\/victor-bandeira-um-olhar-atento-ao-tempo-que-flui-11-presepios-no-jubileu-dos-2025-anos-de-jesus\/figura-13-3\/'><img loading=\"lazy\" decoding=\"async\" width=\"150\" height=\"150\" src=\"https:\/\/diocese-aveiro.pt\/cultura\/wp-content\/uploads\/2026\/01\/Figura-13-150x150.jpg\" class=\"attachment-thumbnail size-thumbnail\" alt=\"\" aria-describedby=\"gallery-1-20186\" \/><\/a>\n\t\t\t<\/div>\n\t\t\t\t<figcaption class='wp-caption-text gallery-caption' id='gallery-1-20186'>\n\t\t\t\tFigura 13. Pres\u00e9pio em 2017\n\t\t\t\t<\/figcaption><\/figure><figure class='gallery-item'>\n\t\t\t<div class='gallery-icon landscape'>\n\t\t\t\t<a href='https:\/\/diocese-aveiro.pt\/cultura\/victor-bandeira-um-olhar-atento-ao-tempo-que-flui-11-presepios-no-jubileu-dos-2025-anos-de-jesus\/figura-14-3\/'><img loading=\"lazy\" decoding=\"async\" width=\"150\" height=\"150\" src=\"https:\/\/diocese-aveiro.pt\/cultura\/wp-content\/uploads\/2026\/01\/Figura-14-150x150.jpg\" class=\"attachment-thumbnail size-thumbnail\" alt=\"\" aria-describedby=\"gallery-1-20180\" \/><\/a>\n\t\t\t<\/div>\n\t\t\t\t<figcaption class='wp-caption-text gallery-caption' id='gallery-1-20180'>\n\t\t\t\tFigura 14. Pres\u00e9pio em 2018\n\t\t\t\t<\/figcaption><\/figure><figure class='gallery-item'>\n\t\t\t<div class='gallery-icon landscape'>\n\t\t\t\t<a href='https:\/\/diocese-aveiro.pt\/cultura\/victor-bandeira-um-olhar-atento-ao-tempo-que-flui-11-presepios-no-jubileu-dos-2025-anos-de-jesus\/figura-15-5\/'><img loading=\"lazy\" decoding=\"async\" width=\"150\" height=\"150\" src=\"https:\/\/diocese-aveiro.pt\/cultura\/wp-content\/uploads\/2026\/01\/Figura-15-150x150.jpg\" class=\"attachment-thumbnail size-thumbnail\" alt=\"\" aria-describedby=\"gallery-1-20187\" \/><\/a>\n\t\t\t<\/div>\n\t\t\t\t<figcaption class='wp-caption-text gallery-caption' id='gallery-1-20187'>\n\t\t\t\tFigura 15. Pres\u00e9pio em 2019\n\t\t\t\t<\/figcaption><\/figure><figure class='gallery-item'>\n\t\t\t<div class='gallery-icon landscape'>\n\t\t\t\t<a href='https:\/\/diocese-aveiro.pt\/cultura\/victor-bandeira-um-olhar-atento-ao-tempo-que-flui-11-presepios-no-jubileu-dos-2025-anos-de-jesus\/figura-16-3\/'><img loading=\"lazy\" decoding=\"async\" width=\"150\" height=\"150\" src=\"https:\/\/diocese-aveiro.pt\/cultura\/wp-content\/uploads\/2026\/01\/Figura-16-150x150.jpg\" class=\"attachment-thumbnail size-thumbnail\" alt=\"\" aria-describedby=\"gallery-1-20188\" \/><\/a>\n\t\t\t<\/div>\n\t\t\t\t<figcaption class='wp-caption-text gallery-caption' id='gallery-1-20188'>\n\t\t\t\tFigura 16. Pres\u00e9pio em 2020\n\t\t\t\t<\/figcaption><\/figure><figure class='gallery-item'>\n\t\t\t<div class='gallery-icon landscape'>\n\t\t\t\t<a href='https:\/\/diocese-aveiro.pt\/cultura\/victor-bandeira-um-olhar-atento-ao-tempo-que-flui-11-presepios-no-jubileu-dos-2025-anos-de-jesus\/figura-17\/'><img loading=\"lazy\" decoding=\"async\" width=\"150\" height=\"150\" src=\"https:\/\/diocese-aveiro.pt\/cultura\/wp-content\/uploads\/2026\/01\/Figura-17-150x150.jpg\" class=\"attachment-thumbnail size-thumbnail\" alt=\"\" aria-describedby=\"gallery-1-20181\" \/><\/a>\n\t\t\t<\/div>\n\t\t\t\t<figcaption class='wp-caption-text gallery-caption' id='gallery-1-20181'>\n\t\t\t\tFigura 17. Pres\u00e9pio em 2021\n\t\t\t\t<\/figcaption><\/figure><figure class='gallery-item'>\n\t\t\t<div class='gallery-icon landscape'>\n\t\t\t\t<a href='https:\/\/diocese-aveiro.pt\/cultura\/victor-bandeira-um-olhar-atento-ao-tempo-que-flui-11-presepios-no-jubileu-dos-2025-anos-de-jesus\/figura-18\/'><img loading=\"lazy\" decoding=\"async\" width=\"150\" height=\"150\" src=\"https:\/\/diocese-aveiro.pt\/cultura\/wp-content\/uploads\/2026\/01\/Figura-18-150x150.jpg\" class=\"attachment-thumbnail size-thumbnail\" alt=\"\" aria-describedby=\"gallery-1-20182\" \/><\/a>\n\t\t\t<\/div>\n\t\t\t\t<figcaption class='wp-caption-text gallery-caption' id='gallery-1-20182'>\n\t\t\t\tFigura 18. Pres\u00e9pio em 2022\n\t\t\t\t<\/figcaption><\/figure><figure class='gallery-item'>\n\t\t\t<div class='gallery-icon portrait'>\n\t\t\t\t<a href='https:\/\/diocese-aveiro.pt\/cultura\/victor-bandeira-um-olhar-atento-ao-tempo-que-flui-11-presepios-no-jubileu-dos-2025-anos-de-jesus\/figura-19\/'><img loading=\"lazy\" decoding=\"async\" width=\"150\" height=\"150\" src=\"https:\/\/diocese-aveiro.pt\/cultura\/wp-content\/uploads\/2026\/01\/Figura-19-150x150.jpg\" class=\"attachment-thumbnail size-thumbnail\" alt=\"\" aria-describedby=\"gallery-1-20189\" \/><\/a>\n\t\t\t<\/div>\n\t\t\t\t<figcaption class='wp-caption-text gallery-caption' id='gallery-1-20189'>\n\t\t\t\tFigura 19. Pres\u00e9pio em 2023\n\t\t\t\t<\/figcaption><\/figure><figure class='gallery-item'>\n\t\t\t<div class='gallery-icon landscape'>\n\t\t\t\t<a href='https:\/\/diocese-aveiro.pt\/cultura\/victor-bandeira-um-olhar-atento-ao-tempo-que-flui-11-presepios-no-jubileu-dos-2025-anos-de-jesus\/figura-20\/'><img loading=\"lazy\" decoding=\"async\" width=\"150\" height=\"150\" src=\"https:\/\/diocese-aveiro.pt\/cultura\/wp-content\/uploads\/2026\/01\/Figura-20-150x150.jpg\" class=\"attachment-thumbnail size-thumbnail\" alt=\"\" aria-describedby=\"gallery-1-20190\" \/><\/a>\n\t\t\t<\/div>\n\t\t\t\t<figcaption class='wp-caption-text gallery-caption' id='gallery-1-20190'>\n\t\t\t\tFigura 20. Pres\u00e9pio em 2024\n\t\t\t\t<\/figcaption><\/figure><figure class='gallery-item'>\n\t\t\t<div class='gallery-icon landscape'>\n\t\t\t\t<a href='https:\/\/diocese-aveiro.pt\/cultura\/victor-bandeira-um-olhar-atento-ao-tempo-que-flui-11-presepios-no-jubileu-dos-2025-anos-de-jesus\/figura-21\/'><img loading=\"lazy\" decoding=\"async\" width=\"150\" height=\"150\" src=\"https:\/\/diocese-aveiro.pt\/cultura\/wp-content\/uploads\/2026\/01\/Figura-21-150x150.jpg\" class=\"attachment-thumbnail size-thumbnail\" alt=\"\" aria-describedby=\"gallery-1-20183\" \/><\/a>\n\t\t\t<\/div>\n\t\t\t\t<figcaption class='wp-caption-text gallery-caption' id='gallery-1-20183'>\n\t\t\t\tFigura 21. Pres\u00e9pio em 2025\n\t\t\t\t<\/figcaption><\/figure>\n\t\t<\/div>\n\n","protected":false},"excerpt":{"rendered":"<p>Um olhar atento<\/p>\n","protected":false},"author":1,"featured_media":20179,"comment_status":"closed","ping_status":"closed","sticky":false,"template":"","format":"standard","meta":{"footnotes":""},"categories":[202,203],"tags":[],"class_list":["post-20168","post","type-post","status-publish","format-standard","has-post-thumbnail","hentry","category-indagando-um-olhar-atento-ao-tempo-que-flui","category-victor-bandeira"],"_links":{"self":[{"href":"https:\/\/diocese-aveiro.pt\/cultura\/wp-json\/wp\/v2\/posts\/20168","targetHints":{"allow":["GET"]}}],"collection":[{"href":"https:\/\/diocese-aveiro.pt\/cultura\/wp-json\/wp\/v2\/posts"}],"about":[{"href":"https:\/\/diocese-aveiro.pt\/cultura\/wp-json\/wp\/v2\/types\/post"}],"author":[{"embeddable":true,"href":"https:\/\/diocese-aveiro.pt\/cultura\/wp-json\/wp\/v2\/users\/1"}],"replies":[{"embeddable":true,"href":"https:\/\/diocese-aveiro.pt\/cultura\/wp-json\/wp\/v2\/comments?post=20168"}],"version-history":[{"count":4,"href":"https:\/\/diocese-aveiro.pt\/cultura\/wp-json\/wp\/v2\/posts\/20168\/revisions"}],"predecessor-version":[{"id":20193,"href":"https:\/\/diocese-aveiro.pt\/cultura\/wp-json\/wp\/v2\/posts\/20168\/revisions\/20193"}],"wp:featuredmedia":[{"embeddable":true,"href":"https:\/\/diocese-aveiro.pt\/cultura\/wp-json\/wp\/v2\/media\/20179"}],"wp:attachment":[{"href":"https:\/\/diocese-aveiro.pt\/cultura\/wp-json\/wp\/v2\/media?parent=20168"}],"wp:term":[{"taxonomy":"category","embeddable":true,"href":"https:\/\/diocese-aveiro.pt\/cultura\/wp-json\/wp\/v2\/categories?post=20168"},{"taxonomy":"post_tag","embeddable":true,"href":"https:\/\/diocese-aveiro.pt\/cultura\/wp-json\/wp\/v2\/tags?post=20168"}],"curies":[{"name":"wp","href":"https:\/\/api.w.org\/{rel}","templated":true}]}}