{"id":20107,"date":"2025-12-17T10:35:07","date_gmt":"2025-12-17T10:35:07","guid":{"rendered":"https:\/\/diocese-aveiro.pt\/cultura\/?p=20107"},"modified":"2025-12-17T10:39:33","modified_gmt":"2025-12-17T10:39:33","slug":"acontece-reanima-formacao-de-animadores-e-educadores-da-fe","status":"publish","type":"post","link":"https:\/\/diocese-aveiro.pt\/cultura\/acontece-reanima-formacao-de-animadores-e-educadores-da-fe\/","title":{"rendered":"Acontece | [re]Anima \u2013 forma\u00e7\u00e3o de animadores e educadores da f\u00e9"},"content":{"rendered":"<p style=\"text-align: left;\">[re]Anima \u2013 forma\u00e7\u00e3o de animadores e educadores da f\u00e9<br \/>\n10 de janeiro de 2026 \u00b7 9h15\u201312h00<br \/>\nSemin\u00e1rio Diocesano de Aveiro \u00b7 Audit\u00f3rio<\/p>\n<p>&#8221; toda a pastoral \u00e9 vocacional, toda a forma\u00e7\u00e3o \u00e9 vocacional e toda a espiritualidade \u00e9 vocacional.\u201d (Papa Francisco, Christus Vivit, 254)<\/p>\n<p>O Servi\u00e7o Diocesano da Pastoral das Voca\u00e7\u00f5es convida todos os animadores, catequistas, respons\u00e1veis de grupos de jovens, escuteiros, professores de Religi\u00e3o Moral, mission\u00e1rios e fam\u00edlias e outros educadores da f\u00e9 da Diocese de Aveiro a participar no encontro<br \/>\n[*re]Anima.*<\/p>\n<p>Queremos parar, rezar e (re)descobrir que cada gesto educativo \u00e9 lugar de chamamento e de resposta, e que os *animadores vocacionais* s\u00e3o pe\u00e7as-chave para que todos, especialmente adolescentes e jovens, possam escutar a voz de Deus no caminhos da vida.<\/p>\n<p>o programa:<\/p>\n<p>9h15 &#8211; Acolhimento<br \/>\n9h30 &#8211; Ora\u00e7\u00e3o inicial<br \/>\n9h45 &#8211; A Voca\u00e7\u00e3o, lugar de sentido(s)<br \/>\nDi\u00e1c. Rafael Oliveira; Mission\u00e1rio Rui Leal<br \/>\nTestemunho do Leandro Rico<br \/>\n10h45 &#8211; Intervalo<br \/>\n11h00 &#8211; Vida(s) em discernimento &#8211; acompanhamento vocacional<br \/>\nIr. \u00c2ngela Oliveira, asm<br \/>\n12h00 &#8211; Ora\u00e7\u00e3o final<\/p>\n<p>Este encontro quer impulsionar a presen\u00e7a de animadores vocacionais nas comunidades paroquiais e na Diocese de Aveiro, oferecendo pistas concretas para acompanhar processos de discernimento e para criar ambientes verdadeiramente vocacionais nas comunidades.<\/p>\n<p>A participa\u00e7\u00e3o \u00e9 livre, mas pedimos inscri\u00e7\u00e3o pr\u00e9via atrav\u00e9s do e\u2011mail<br \/>\n*<a href=\"mailto:sdv@diocese-aveiro.pt\" target=\"_blank\" rel=\"noopener\">sdv@diocese-aveiro.pt<\/a>*<\/p>\n<p>_Toda a pastoral \u00e9 vocacional. _<\/p>\n","protected":false},"excerpt":{"rendered":"<p>[re]Anima \u2013 forma\u00e7\u00e3o<\/p>\n","protected":false},"author":1,"featured_media":20108,"comment_status":"closed","ping_status":"closed","sticky":false,"template":"","format":"standard","meta":{"footnotes":""},"categories":[11,8],"tags":[],"class_list":["post-20107","post","type-post","status-publish","format-standard","has-post-thumbnail","hentry","category-acontece","category-em-cartaz"],"_links":{"self":[{"href":"https:\/\/diocese-aveiro.pt\/cultura\/wp-json\/wp\/v2\/posts\/20107","targetHints":{"allow":["GET"]}}],"collection":[{"href":"https:\/\/diocese-aveiro.pt\/cultura\/wp-json\/wp\/v2\/posts"}],"about":[{"href":"https:\/\/diocese-aveiro.pt\/cultura\/wp-json\/wp\/v2\/types\/post"}],"author":[{"embeddable":true,"href":"https:\/\/diocese-aveiro.pt\/cultura\/wp-json\/wp\/v2\/users\/1"}],"replies":[{"embeddable":true,"href":"https:\/\/diocese-aveiro.pt\/cultura\/wp-json\/wp\/v2\/comments?post=20107"}],"version-history":[{"count":2,"href":"https:\/\/diocese-aveiro.pt\/cultura\/wp-json\/wp\/v2\/posts\/20107\/revisions"}],"predecessor-version":[{"id":20110,"href":"https:\/\/diocese-aveiro.pt\/cultura\/wp-json\/wp\/v2\/posts\/20107\/revisions\/20110"}],"wp:featuredmedia":[{"embeddable":true,"href":"https:\/\/diocese-aveiro.pt\/cultura\/wp-json\/wp\/v2\/media\/20108"}],"wp:attachment":[{"href":"https:\/\/diocese-aveiro.pt\/cultura\/wp-json\/wp\/v2\/media?parent=20107"}],"wp:term":[{"taxonomy":"category","embeddable":true,"href":"https:\/\/diocese-aveiro.pt\/cultura\/wp-json\/wp\/v2\/categories?post=20107"},{"taxonomy":"post_tag","embeddable":true,"href":"https:\/\/diocese-aveiro.pt\/cultura\/wp-json\/wp\/v2\/tags?post=20107"}],"curies":[{"name":"wp","href":"https:\/\/api.w.org\/{rel}","templated":true}]}}