{"id":19529,"date":"2025-07-02T20:54:44","date_gmt":"2025-07-02T19:54:44","guid":{"rendered":"https:\/\/diocese-aveiro.pt\/cultura\/?p=19529"},"modified":"2025-07-02T20:55:19","modified_gmt":"2025-07-02T19:55:19","slug":"in-memoriam-faleceu-o-padre-belinquete","status":"publish","type":"post","link":"https:\/\/diocese-aveiro.pt\/cultura\/in-memoriam-faleceu-o-padre-belinquete\/","title":{"rendered":"In Memoriam | Faleceu o Padre Belinquete"},"content":{"rendered":"<h6 style=\"font-weight: 400; text-align: right;\">Em parceria com o <a href=\"https:\/\/www.facebook.com\/correiodovouga\/?locale=pt_PT\" target=\"_blank\" rel=\"noopener\">Correio do Vouga<\/a><\/h6>\n<p style=\"font-weight: 400; text-align: justify;\">Faleceu no domingo, dia 29 de junho, na Casa Sacerdotal de Aveiro, o P.e Jos\u00e9 Martins Belinquete. O seu funeral realizou-se ontem (1 de julho), com a celebra\u00e7\u00e3o da Eucaristia na Igreja do Semin\u00e1rio de Aveiro, \u00e0s 12h00, e na Igreja da Palha\u00e7a, \u00e0s 17h00, tendo sido sepultado no cemit\u00e9rio local.<\/p>\n<p style=\"font-weight: 400; text-align: justify;\">Nascido na freguesia da Palha\u00e7a em 2 de fevereiro de 1931, filho de Manuel Martins Belinquete e de Maria Martins Geraldo, frequentou o Semin\u00e1rio de Aveiro entre os anos 1942 e 1951, e o Semin\u00e1rio dos Olivais, em Lisboa, de 1951 a 1955.<\/p>\n<p style=\"font-weight: 400; text-align: justify;\">Foi ordenado padre a 3 de julho de 1955, na Igreja Matriz de Avanca, por D. Jo\u00e3o Evangelista de Lima Vidal. A 5 de outubro de 1955 \u00e9 nomeado Secret\u00e1rio Diocesano da Catequese e da Obra das Voca\u00e7\u00f5es Sacerdotais. A 22 de novembro de 1956 acumula a paroquialidade de Travass\u00f4, que mant\u00e9m at\u00e9 novembro de 1958, altura em que passa a dedicar-se por inteiro \u00e0 Catequese e \u00e0 Obra das Voca\u00e7\u00f5es Sacerdotais. Em 1959 \u00e9 nomeado tamb\u00e9m assistente da C\u00e1ritas.<\/p>\n<p style=\"font-weight: 400; text-align: justify;\">Em setembro de 1970 vai para Paris onde concluiu em 1972 a licenciatura em Teologia, no Instituto Cat\u00f3lico de Paris, e em Pastoral Catequ\u00e9tica Especializada.<\/p>\n<p style=\"font-weight: 400; text-align: justify;\">Liderou a organiza\u00e7\u00e3o da \u2018Manifesta\u00e7\u00e3o dos Crist\u00e3os de Aveiro\u2019 no \u2018Ver\u00e3o Quente de 75\u2019 (13 de Julho de 1975) contra o totalitarismo de for\u00e7as antidemocr\u00e1ticas que pretendiam implantar-se em Portugal em todos os meios sociais. Foi a primeira manifesta\u00e7\u00e3o no \u201cVer\u00e3o Quente\u201d contra o dom\u00ednio da extrema-esquerda, em particular a tomada da R\u00e1dio Renascen\u00e7a, e gerou outras manifesta\u00e7\u00f5es em v\u00e1rias dioceses \u2013 o que contribuiu para a normaliza\u00e7\u00e3o democr\u00e1tica ap\u00f3s o \u201c25 de novembro\u201d.<\/p>\n<p style=\"font-weight: 400; text-align: justify;\">Em 1983 \u00e9 nomeado assistente da A\u00e7\u00e3o Cat\u00f3lica Rural e em 1986 deixa o Secretariado diocesano de Catequese \u2013 terminando tr\u00eas d\u00e9cadas de dedica\u00e7\u00e3o \u00e0 forma\u00e7\u00e3o de catequistas e de cria\u00e7\u00e3o de subs\u00eddios para a catequese e as aulas de Educa\u00e7\u00e3o Moral e Religiosa Cat\u00f3lica.<\/p>\n<p style=\"font-weight: 400; text-align: justify;\">Dinamizou a Comiss\u00e3o Organizadora do Congresso dos Leigos na celebra\u00e7\u00e3o dos 50 anos da Restaura\u00e7\u00e3o da Diocese de Aveiro (1988), em que crist\u00e3os, de diversos setores profissionais, refletiram sobre a miss\u00e3o dos Leigos na Igreja e no Mundo.<\/p>\n<p style=\"font-weight: 400; text-align: justify;\">Foi membro da Equipa Instaladora e Diretiva do Instituto Superior de Ci\u00eancias Religiosas, criado em 1989. Foi ainda gerente Sociedade Tempo Novo (jornal Correio do Vouga e Livraria Santa Joana).<\/p>\n<p style=\"font-weight: 400; text-align: justify;\">Foi largos anos colaborador pastoral nas par\u00f3quias de Oliveira do Bairro e S\u00e3o Salvador de \u00cdlhavo.<\/p>\n","protected":false},"excerpt":{"rendered":"<p>Em parceria com<\/p>\n","protected":false},"author":1,"featured_media":19530,"comment_status":"closed","ping_status":"closed","sticky":false,"template":"","format":"standard","meta":{"footnotes":""},"categories":[11,156],"tags":[],"class_list":["post-19529","post","type-post","status-publish","format-standard","has-post-thumbnail","hentry","category-acontece","category-efemerides"],"_links":{"self":[{"href":"https:\/\/diocese-aveiro.pt\/cultura\/wp-json\/wp\/v2\/posts\/19529","targetHints":{"allow":["GET"]}}],"collection":[{"href":"https:\/\/diocese-aveiro.pt\/cultura\/wp-json\/wp\/v2\/posts"}],"about":[{"href":"https:\/\/diocese-aveiro.pt\/cultura\/wp-json\/wp\/v2\/types\/post"}],"author":[{"embeddable":true,"href":"https:\/\/diocese-aveiro.pt\/cultura\/wp-json\/wp\/v2\/users\/1"}],"replies":[{"embeddable":true,"href":"https:\/\/diocese-aveiro.pt\/cultura\/wp-json\/wp\/v2\/comments?post=19529"}],"version-history":[{"count":1,"href":"https:\/\/diocese-aveiro.pt\/cultura\/wp-json\/wp\/v2\/posts\/19529\/revisions"}],"predecessor-version":[{"id":19531,"href":"https:\/\/diocese-aveiro.pt\/cultura\/wp-json\/wp\/v2\/posts\/19529\/revisions\/19531"}],"wp:featuredmedia":[{"embeddable":true,"href":"https:\/\/diocese-aveiro.pt\/cultura\/wp-json\/wp\/v2\/media\/19530"}],"wp:attachment":[{"href":"https:\/\/diocese-aveiro.pt\/cultura\/wp-json\/wp\/v2\/media?parent=19529"}],"wp:term":[{"taxonomy":"category","embeddable":true,"href":"https:\/\/diocese-aveiro.pt\/cultura\/wp-json\/wp\/v2\/categories?post=19529"},{"taxonomy":"post_tag","embeddable":true,"href":"https:\/\/diocese-aveiro.pt\/cultura\/wp-json\/wp\/v2\/tags?post=19529"}],"curies":[{"name":"wp","href":"https:\/\/api.w.org\/{rel}","templated":true}]}}