{"id":19441,"date":"2025-06-13T11:18:28","date_gmt":"2025-06-13T10:18:28","guid":{"rendered":"https:\/\/diocese-aveiro.pt\/cultura\/?p=19441"},"modified":"2025-06-13T11:18:39","modified_gmt":"2025-06-13T10:18:39","slug":"victor-bandeira-um-olhar-atento-ao-tempo-que-flui-9-milagre-em-fatima-a-13-de-junho-de-1948-na-presenca-de-sacerdote-de-avanca","status":"publish","type":"post","link":"https:\/\/diocese-aveiro.pt\/cultura\/victor-bandeira-um-olhar-atento-ao-tempo-que-flui-9-milagre-em-fatima-a-13-de-junho-de-1948-na-presenca-de-sacerdote-de-avanca\/","title":{"rendered":"Victor Bandeira &#8211; &#8216;Um olhar atento ao tempo que flui&#8217; | 9 | Milagre em F\u00e1tima a 13 de Junho de 1948 na presen\u00e7a de sacerdote de Avanca"},"content":{"rendered":"<blockquote>\n<p style=\"text-align: right;\"><em>Um olhar atento ao tempo que flui<\/em><\/p>\n<\/blockquote>\n<hr \/>\n<p style=\"text-align: center;\"><strong>Victor Bandeira*<\/strong><\/p>\n<p style=\"text-align: justify;\">A par\u00f3quia de Santa Marinha de Avanca tem um forte v\u00ednculo com F\u00e1tima desde muito cedo, com a funda\u00e7\u00e3o dos Servitas de F\u00e1tima, cuja primeira presidente foi uma religiosa dominicana com ascend\u00eancia nesta par\u00f3quia, a Madre Maria Amada da Virgem Sant\u00edssima de Lima e Lemos, \u201c<em>alma e nervo da Associa\u00e7\u00e3o durante 16 anos<\/em>\u201d, sucedendo-a mais tarde, como terceira presidente, uma sua irm\u00e3 de sangue, a Irm\u00e3 Maria Madalena de Pazzi, tamb\u00e9m natural de Avanca.<\/p>\n<p style=\"text-align: justify;\">Mais tarde, quando a Irm\u00e3 L\u00facia, a \u00faltima vidente das Apari\u00e7\u00f5es de F\u00e1tima, viveu no Carmelo de Coimbra, partilhou o quotidiano com a Irm\u00e3 Margarida Teresa de Jesus Crucificado, com a Irm\u00e3 \u00c2ngela do Menino Jesus, e com a Irm\u00e3 Maria da Paz de Cristo, todas religiosas Carmelitas Descal\u00e7as, tamb\u00e9m naturais de Avanca.<\/p>\n<p style=\"text-align: justify;\">Em F\u00e1tima, celebrou a sua Missa Nova o Padre V\u00edtor Hugo de Bastos Pereira, um sacerdote avancanense. Alguns sacerdotes naturais de Avanca tamb\u00e9m estudaram, viveram e foram ordenados no \u201caltar do mundo\u201d, como o Padre Doutor Frei Raimundo e o Padre Doutor Frei Armindo Jos\u00e9 da Costa Carvalho, ambos da Ordem dos Dominicanos.<\/p>\n<p style=\"text-align: justify;\">Al\u00e9m destes, v\u00e1rias religiosas viveram e desempenharam as suas miss\u00f5es naquele lugar onde decorreram as apari\u00e7\u00f5es marianas de 1917, como a Irm\u00e3 C\u00e2ndida da Eucaristia (religiosa Mission\u00e1ria Reparadora do Sagrado Cora\u00e7\u00e3o de Jesus), e a Irm\u00e3 Ludgarda (religiosa Franciscana de Nossa Senhora das Vit\u00f3rias).<\/p>\n<p style=\"text-align: justify;\">A pr\u00f3pria imagem peregrina de F\u00e1tima visitou a Par\u00f3quia de Avanca em 1951.<\/p>\n<p style=\"text-align: justify;\">Actualmente, as Irm\u00e3s da Alian\u00e7a de Santa Maria (Congrega\u00e7\u00e3o Religiosa de Direito Diocesano inspirada na Mensagem de F\u00e1tima) vivem entre os Avancanenses e, no passado m\u00eas de Maio, entronizaram as imagens dos Pastorinhos de F\u00e1tima na igreja paroquial de Avanca.<\/p>\n<p style=\"text-align: justify;\">Para al\u00e9m de tudo, F\u00e1tima est\u00e1 intrinsecamente ligada a v\u00e1rios milagres e a in\u00fameras peregrina\u00e7\u00f5es dos mais variados \u00e2mbitos, o que j\u00e1 vem acontecendo desde os seus prim\u00f3rdios.<\/p>\n<p style=\"text-align: justify;\">Avanca, foi testemunha de um desses milagres, atrav\u00e9s de um dos seus mais proeminentes sacerdotes, o Padre Ant\u00f3nio Augusto Tavares Martins, sobrinho das duas religiosas dominicanas acima mencionadas (presidentes dos Servitas de F\u00e1tima). Este sacerdote exerceu o m\u00fanus de p\u00e1roco em Vila Nova da Telha (concelho da Maia) (de 1931 a 1934), F\u00e2nzeres (concelho de Gondomar) (de 1934 a 1944) e Campanh\u00e3 em plena cidade do Porto (de 1944 a 1966), onde executou um \u201c<em>apostolado verdadeiramente modelar<\/em>\u201d durante mais de duas d\u00e9cadas, passando quatro meses como Capel\u00e3o do Hospital da Lapa (Porto), e terminando o seu servi\u00e7o paroquial como reitor de V\u00e1lega (Ovar) (de 1966 a 1971). Faleceu no lugar da Valada, onde vivia, em Avanca, aos 74 anos, no dia 2 de Outubro de 1982, e foi sepultado no cemit\u00e9rio de Avanca, na sepultura da fam\u00edlia, juntamente com um seu irm\u00e3o sacerdote.<\/p>\n<p style=\"text-align: justify;\">O Padre Ant\u00f3nio Augusto Tavares Martins visitou F\u00e1tima por diversas vezes e fotografou v\u00e1rios desses momentos, em anos diferentes, tendo privado at\u00e9 com os pais de Jacinta e de Francisco Marto, dois dos videntes de F\u00e1tima. A acompanhar este artigo, partilham-se fotografias in\u00e9ditas de algumas das peregrina\u00e7\u00f5es que fez a F\u00e1tima, como por exemplo, em 1943, onde se vislumbra o andor com a escultura de Nossa Senhora de F\u00e1tima da Capelinha das Apari\u00e7\u00f5es a atravessar o recinto do santu\u00e1rio.<\/p>\n<p style=\"text-align: justify;\">No dia 13 de Junho de 1948, quando tinha 39 anos de idade, o Padre Ant\u00f3nio Augusto Tavares Martins conduziu uma peregrina\u00e7\u00e3o ao Santu\u00e1rio de F\u00e1tima com um numeroso grupo de peregrinos da sua par\u00f3quia de Campanh\u00e3, \u00e0 qual levou mais de 20 autocarros alugados. Presidiu \u00e0 \u201cMissa dos doentes\u201d no altar instalado frente ao port\u00e3o central da igreja do Ros\u00e1rio, durante a qual deu a B\u00ean\u00e7\u00e3o Eucar\u00edstica aos mais de 200 doentes inscritos. Durante a passagem da cust\u00f3dia pelos doentes, deu-se a cura milagrosa de uma rapariga de 19 anos, chamada Deolinda Gomes, proveniente da par\u00f3quia de S. Miguel das Aves (Santo Tirso), que sofria de peritonite tuberculosa h\u00e1 mais de cinco anos, com paralisia nas pernas e nos \u00f3rg\u00e3os da cavidade abdominal, encontrando-se em estado muito grave. A sua condi\u00e7\u00e3o tinha exigido um internamento hospitalar de 11 meses, quando foi radiografada por diversas vezes, operada ao ap\u00eandice, e alvo de v\u00e1rios tratamentos que nunca tinham surtido o efeito desejado. Era um caso cl\u00ednico considerado incur\u00e1vel, estando j\u00e1 algo moribunda. Mas, naquele dia dedicado a Santo Ant\u00f3nio, a 13 de Junho de 1948, foi levada \u00e0 Cova da Iria, de autom\u00f3vel, acompanhada por familiares e por uma religiosa Franciscana Hospitaleira. Ao receber a b\u00ean\u00e7\u00e3o, saltou num estremecimento da maca onde se encontrava deitada e foi conduzida ao hospital, onde j\u00e1 entrou pelo pr\u00f3prio p\u00e9. Este relato encontra-se publicado no \u201cCom\u00e9rcio do Porto\u201d de 14 de Junho de 1948 e na \u201cVoz da F\u00e1tima\u201d de 13 de Julho de 1948, nesta \u00faltima publica\u00e7\u00e3o com fotografias da miraculada na capa.<\/p>\n<p style=\"text-align: justify;\">A busca pela cura, os pedidos de um milagre como \u00faltima solu\u00e7\u00e3o para um familiar ou para um amigo doente, s\u00e3o o mote, para muitas vezes, o crist\u00e3o se colocar a caminho rumo a F\u00e1tima, das mais diversas maneiras (ex: a p\u00e9, de bicicleta) e dos mais diversos modos (ex: a p\u00e3o e \u00e1gua). \u00c9 desejo que os passos dados e que o sacrif\u00edcio a que o peregrino se submete, se transformem num milagre, numa cura. O peregrino pede que Nossa Senhora de F\u00e1tima seja sua intercessora junto de Deus e que interceda pelo motivo que o conduz ali, qualquer que ele seja.<\/p>\n<p style=\"text-align: justify;\">A peregrina\u00e7\u00e3o a F\u00e1tima, com sacrif\u00edcio, sofrimento, dor, para que se transforme numa melhoria luminosa, milagrosa e transformadora na vida de algu\u00e9m, vem desde a \u00e9poca dos Pastorinhos. Eles pr\u00f3prios peregrinaram a favor de algu\u00e9m, como L\u00facia, que a mando de seu pai, correu at\u00e9 \u00e0 Cova da Iria, prostrando-se depois de joelhos desde o lugar em que avistava a azinheira onde apareceu Nossa Senhora, para continuar essa peregrina\u00e7\u00e3o, de joelhos, at\u00e9 essa \u00e1rvore, a fim de pedir a cura de sua m\u00e3e, que se encontrava muito enferma no leito. Daqui nasceu o passadi\u00e7o em pedra desde o in\u00edcio da esplanada do santu\u00e1rio at\u00e9 \u00e0 Capelinha das Apari\u00e7\u00f5es.<\/p>\n<p style=\"text-align: justify;\">De facto, \u201c<em>N\u00e3o h\u00e1 grito que Deus n\u00e3o ou\u00e7a<\/em>\u201d clamava o Papa Le\u00e3o XIV na mais recente audi\u00eancia geral, de 11 de Junho de 2025, apelando a que continu\u00e1ssemos a pedir ao Senhor \u201c<em>com confian\u00e7a que ou\u00e7a o nosso clamor e que nos cure<\/em>\u201d. Em Portugal, temos o privil\u00e9gio de poder pedir a intercess\u00e3o de Nossa Senhora, em F\u00e1tima, aos nossos insistentes e sentidos pedidos, por isso aproveitemos este recurso com que fomos presenteados. A Par\u00f3quia de Santa Marinha de Avanca, desta nossa Diocese de Aveiro, tem tido esse privil\u00e9gio desde o in\u00edcio das Apari\u00e7\u00f5es de F\u00e1tima, e que por ac\u00e7\u00e3o divina assim continua a sua vida paroquial com uma liga\u00e7\u00e3o muito intensa \u00e0quele lugar sagrado, um dos mais visitados santu\u00e1rios marianos do mundo.<\/p>\n<hr \/>\n<div style=\"text-align: right;\"><span lang=\"PT\"><span class=\"font\"><span class=\"size\">*Victor Bandeira, PhD<\/span><\/span><\/span><\/div>\n<div style=\"text-align: right;\"><span class=\"font\"><span class=\"size\">Departamento de Biologia e CESAM \u2013 Centro de Estudos do Ambiente e do Mar<\/span><\/span><\/div>\n<div style=\"text-align: right;\">\n<p><span lang=\"PT\"><span class=\"font\"><span class=\"size\">Universidade de Aveiro<\/span><\/span><\/span><\/p>\n<\/div>\n<hr \/>\n<p><strong>Refer\u00eancias bibliogr\u00e1ficas<\/strong><\/p>\n<p>Bandeira V. (2022). Memorial Eclesi\u00e1stico de Santa Marinha de Avanca. Par\u00f3quia de Avanca. Avanca. 496 pp. [Dep\u00f3sito legal: 501749\/22].<\/p>\n<p>Carmelo de Santa Teresa \u2013 Coimbra (2013). Um caminho sob o olhar de Maria \u2013 Biografia da Irm\u00e3 Maria L\u00facia de Jesus e do Cora\u00e7\u00e3o Imaculado O.C.D. Edi\u00e7\u00f5es Carmelo. Coimbra. 496 pp. [ISBN: 978-972-640-137-7].<\/p>\n<p>Tavares Martins, Pe. Ant\u00f3nio (1981). Mem\u00f3rias familiares e pastorais da minha vida. Edi\u00e7\u00e3o de Autor. Avanca.<\/p>\n<hr \/>\n<p><strong>Refer\u00eancias online<\/strong><\/p>\n<p>A Santa S\u00e9 (sitio online https:\/\/www.vatican.va\/content\/vatican\/pt.html) https:\/\/www.vatican.va\/content\/leo-xiv\/pt\/audiences\/2025\/documents\/20250611-udienza-generale.html<\/p>\n<hr \/>\n<p><strong>Fontes hemerogr\u00e1ficas<\/strong><\/p>\n<p>Voz da F\u00e1tima (Jornal do Santu\u00e1rio de F\u00e1tima) n.\u00ba 310. 13 de Julho de 1948. (https:\/\/www.fatima.pt\/en\/documentacao\/vf0310-voz-da-fatima-1948-07-13)<\/p>\n<hr \/>\n<p><strong>Fontes manuscritas<\/strong><\/p>\n<p>Tavares Martins, Pe. A. A. (1975). Arquivo jornal\u00edstico.<\/p>\n<hr \/>\n<p><strong>Legendas das Figuras<\/strong><\/p>\n<p><strong>Figura 1<\/strong>. Padre Ant\u00f3nio Augusto Tavares Martins na d\u00e9cada de 40 \u2013 50 do s\u00e9culo XX<\/p>\n<p>(Fotografia de Padre Ant\u00f3nio Augusto Tavares Martins)<\/p>\n<p><strong>Figura 2<\/strong>. Padre Ant\u00f3nio Augusto Tavares Martins (\u00e0 direita) em F\u00e1tima, com os pais de Jacinta e Francisco (no meio), no dia 12 de Maio de 1938<\/p>\n<p>(Fotografia de Padre Ant\u00f3nio Augusto Tavares Martins)<\/p>\n<p><strong>Figura 3<\/strong>. Padre Ant\u00f3nio Augusto Tavares Martins (com a cust\u00f3dia com o Sant\u00edssimo Sacramento) no Santu\u00e1rio de F\u00e1tima, no dia 13 de Junho de 1948, aquando do milagre da cura de Deolinda Gomes<\/p>\n<p>(Fotografia de Padre Ant\u00f3nio Augusto Tavares Martins)<\/p>\n<p><strong>Figura 4<\/strong>. Padre Ant\u00f3nio Augusto Tavares Martins (com a cust\u00f3dia com o Sant\u00edssimo Sacramento) no Santu\u00e1rio de F\u00e1tima, no dia 13 de Junho de 1948, aquando do milagre da cura de Deolinda Gomes<\/p>\n<p>(Fotografia de Padre Ant\u00f3nio Augusto Tavares Martins)<\/p>\n<p><strong>Figura 5<\/strong>. Not\u00edcia do milagre da cura de Deolinda Gomes no Santu\u00e1rio de F\u00e1tima a 13 de Junho de 1948, no Com\u00e9rcio do Porto de 14 de Junho de 1948<\/p>\n<p>(Arquivo jornal\u00edstico do Padre Ant\u00f3nio Augusto Tavares Martins)<\/p>\n<p><strong>Figura 6<\/strong>. Not\u00edcia do milagre da cura de Deolinda Gomes no Santu\u00e1rio de F\u00e1tima a 13 de Junho de 1948, na Voz da F\u00e1tima de 13 de Julho de 1948<\/p>\n<p>(In https:\/\/www.fatima.pt\/en\/documentacao\/vf0310-voz-da-fatima-1948-07-13)<\/p>\n<p><strong>Figura 7<\/strong>. Prociss\u00e3o com o andor de Nossa Senhora de F\u00e1tima no seu santu\u00e1rio<\/p>\n<p>(Fotografia do Padre Ant\u00f3nio Augusto Tavares Martins)<\/p>\n<p><strong>Figura 8<\/strong>. Prociss\u00e3o com o andor de Nossa Senhora de F\u00e1tima no seu santu\u00e1rio a 13 de Outubro de 1943<\/p>\n<p>(Fotografia do Padre Ant\u00f3nio Augusto Tavares Martins)<\/p>\n<p><strong>Figura 9<\/strong>. Peregrina\u00e7\u00e3o de 13 de Outubro de 1943 ao Santu\u00e1rio de Nossa Senhora de F\u00e1tima, com o bispo de Leiria (D. Jos\u00e9 Alves Correia da Silva)<\/p>\n<p>(Fotografia do Padre Ant\u00f3nio Augusto Tavares Martins)<\/p>\n<p><strong>Figura 10<\/strong>. Peregrina\u00e7\u00e3o de 13 de Outubro de 1943 ao Santu\u00e1rio de Nossa Senhora de F\u00e1tima<\/p>\n<p>(Fotografia do Padre Ant\u00f3nio Augusto Tavares Martins)<\/p>\n<p><strong>Figura 11<\/strong>. Prociss\u00e3o com o andor de Nossa Senhora de F\u00e1tima no seu santu\u00e1rio a 13 de Outubro de 1943, com o bispo de Leiria (D. Jos\u00e9 Alves Correia da Silva)<\/p>\n<p>(Fotografia do Padre Ant\u00f3nio Augusto Tavares Martins)<\/p>\n<hr \/>\n<div id='gallery-1' class='gallery galleryid-19441 gallery-columns-3 gallery-size-thumbnail'><figure class='gallery-item'>\n\t\t\t<div class='gallery-icon portrait'>\n\t\t\t\t<a href='https:\/\/diocese-aveiro.pt\/cultura\/victor-bandeira-um-olhar-atento-ao-tempo-que-flui-9-milagre-em-fatima-a-13-de-junho-de-1948-na-presenca-de-sacerdote-de-avanca\/figura-1-8\/'><img loading=\"lazy\" decoding=\"async\" width=\"150\" height=\"150\" src=\"https:\/\/diocese-aveiro.pt\/cultura\/wp-content\/uploads\/2025\/06\/Figura-1-150x150.jpg\" class=\"attachment-thumbnail size-thumbnail\" alt=\"\" aria-describedby=\"gallery-1-19460\" \/><\/a>\n\t\t\t<\/div>\n\t\t\t\t<figcaption class='wp-caption-text gallery-caption' id='gallery-1-19460'>\n\t\t\t\tFoto 1\n\t\t\t\t<\/figcaption><\/figure><figure class='gallery-item'>\n\t\t\t<div class='gallery-icon landscape'>\n\t\t\t\t<a href='https:\/\/diocese-aveiro.pt\/cultura\/victor-bandeira-um-olhar-atento-ao-tempo-que-flui-9-milagre-em-fatima-a-13-de-junho-de-1948-na-presenca-de-sacerdote-de-avanca\/figura-2-10\/'><img loading=\"lazy\" decoding=\"async\" width=\"150\" height=\"150\" src=\"https:\/\/diocese-aveiro.pt\/cultura\/wp-content\/uploads\/2025\/06\/Figura-2-150x150.jpg\" class=\"attachment-thumbnail size-thumbnail\" alt=\"\" aria-describedby=\"gallery-1-19461\" \/><\/a>\n\t\t\t<\/div>\n\t\t\t\t<figcaption class='wp-caption-text gallery-caption' id='gallery-1-19461'>\n\t\t\t\tFoto 2\n\t\t\t\t<\/figcaption><\/figure><figure class='gallery-item'>\n\t\t\t<div class='gallery-icon landscape'>\n\t\t\t\t<a href='https:\/\/diocese-aveiro.pt\/cultura\/victor-bandeira-um-olhar-atento-ao-tempo-que-flui-9-milagre-em-fatima-a-13-de-junho-de-1948-na-presenca-de-sacerdote-de-avanca\/figura-3-10\/'><img loading=\"lazy\" decoding=\"async\" width=\"150\" height=\"150\" src=\"https:\/\/diocese-aveiro.pt\/cultura\/wp-content\/uploads\/2025\/06\/Figura-3-150x150.jpg\" class=\"attachment-thumbnail size-thumbnail\" alt=\"\" aria-describedby=\"gallery-1-19462\" \/><\/a>\n\t\t\t<\/div>\n\t\t\t\t<figcaption class='wp-caption-text gallery-caption' id='gallery-1-19462'>\n\t\t\t\tFoto 3\n\t\t\t\t<\/figcaption><\/figure><figure class='gallery-item'>\n\t\t\t<div class='gallery-icon landscape'>\n\t\t\t\t<a href='https:\/\/diocese-aveiro.pt\/cultura\/victor-bandeira-um-olhar-atento-ao-tempo-que-flui-9-milagre-em-fatima-a-13-de-junho-de-1948-na-presenca-de-sacerdote-de-avanca\/figura-4-11\/'><img loading=\"lazy\" decoding=\"async\" width=\"150\" height=\"150\" src=\"https:\/\/diocese-aveiro.pt\/cultura\/wp-content\/uploads\/2025\/06\/Figura-4-150x150.jpg\" class=\"attachment-thumbnail size-thumbnail\" alt=\"\" aria-describedby=\"gallery-1-19463\" \/><\/a>\n\t\t\t<\/div>\n\t\t\t\t<figcaption class='wp-caption-text gallery-caption' id='gallery-1-19463'>\n\t\t\t\tFoto 4\n\t\t\t\t<\/figcaption><\/figure><figure class='gallery-item'>\n\t\t\t<div class='gallery-icon portrait'>\n\t\t\t\t<a href='https:\/\/diocese-aveiro.pt\/cultura\/victor-bandeira-um-olhar-atento-ao-tempo-que-flui-9-milagre-em-fatima-a-13-de-junho-de-1948-na-presenca-de-sacerdote-de-avanca\/figura-5-9\/'><img loading=\"lazy\" decoding=\"async\" width=\"150\" height=\"150\" src=\"https:\/\/diocese-aveiro.pt\/cultura\/wp-content\/uploads\/2025\/06\/Figura-5-150x150.jpg\" class=\"attachment-thumbnail size-thumbnail\" alt=\"\" aria-describedby=\"gallery-1-19464\" \/><\/a>\n\t\t\t<\/div>\n\t\t\t\t<figcaption class='wp-caption-text gallery-caption' id='gallery-1-19464'>\n\t\t\t\tFoto 5\n\t\t\t\t<\/figcaption><\/figure><figure class='gallery-item'>\n\t\t\t<div class='gallery-icon portrait'>\n\t\t\t\t<a href='https:\/\/diocese-aveiro.pt\/cultura\/victor-bandeira-um-olhar-atento-ao-tempo-que-flui-9-milagre-em-fatima-a-13-de-junho-de-1948-na-presenca-de-sacerdote-de-avanca\/figura-6-8\/'><img loading=\"lazy\" decoding=\"async\" width=\"150\" height=\"150\" src=\"https:\/\/diocese-aveiro.pt\/cultura\/wp-content\/uploads\/2025\/06\/Figura-6-2-150x150.jpg\" class=\"attachment-thumbnail size-thumbnail\" alt=\"\" aria-describedby=\"gallery-1-19470\" \/><\/a>\n\t\t\t<\/div>\n\t\t\t\t<figcaption class='wp-caption-text gallery-caption' id='gallery-1-19470'>\n\t\t\t\tFoto 6\n\t\t\t\t<\/figcaption><\/figure><figure class='gallery-item'>\n\t\t\t<div class='gallery-icon landscape'>\n\t\t\t\t<a href='https:\/\/diocese-aveiro.pt\/cultura\/victor-bandeira-um-olhar-atento-ao-tempo-que-flui-9-milagre-em-fatima-a-13-de-junho-de-1948-na-presenca-de-sacerdote-de-avanca\/figura-7-6\/'><img loading=\"lazy\" decoding=\"async\" width=\"150\" height=\"150\" src=\"https:\/\/diocese-aveiro.pt\/cultura\/wp-content\/uploads\/2025\/06\/Figura-7-150x150.jpg\" class=\"attachment-thumbnail size-thumbnail\" alt=\"\" aria-describedby=\"gallery-1-19465\" \/><\/a>\n\t\t\t<\/div>\n\t\t\t\t<figcaption class='wp-caption-text gallery-caption' id='gallery-1-19465'>\n\t\t\t\tFoto 7\n\t\t\t\t<\/figcaption><\/figure><figure class='gallery-item'>\n\t\t\t<div class='gallery-icon landscape'>\n\t\t\t\t<a href='https:\/\/diocese-aveiro.pt\/cultura\/victor-bandeira-um-olhar-atento-ao-tempo-que-flui-9-milagre-em-fatima-a-13-de-junho-de-1948-na-presenca-de-sacerdote-de-avanca\/figura-8-5\/'><img loading=\"lazy\" decoding=\"async\" width=\"150\" height=\"150\" src=\"https:\/\/diocese-aveiro.pt\/cultura\/wp-content\/uploads\/2025\/06\/Figura-8-150x150.jpg\" class=\"attachment-thumbnail size-thumbnail\" alt=\"\" aria-describedby=\"gallery-1-19466\" \/><\/a>\n\t\t\t<\/div>\n\t\t\t\t<figcaption class='wp-caption-text gallery-caption' id='gallery-1-19466'>\n\t\t\t\tFoto 8\n\t\t\t\t<\/figcaption><\/figure><figure class='gallery-item'>\n\t\t\t<div class='gallery-icon landscape'>\n\t\t\t\t<a href='https:\/\/diocese-aveiro.pt\/cultura\/victor-bandeira-um-olhar-atento-ao-tempo-que-flui-9-milagre-em-fatima-a-13-de-junho-de-1948-na-presenca-de-sacerdote-de-avanca\/figura-9-5\/'><img loading=\"lazy\" decoding=\"async\" width=\"150\" height=\"150\" src=\"https:\/\/diocese-aveiro.pt\/cultura\/wp-content\/uploads\/2025\/06\/Figura-9-150x150.jpg\" class=\"attachment-thumbnail size-thumbnail\" alt=\"\" aria-describedby=\"gallery-1-19467\" \/><\/a>\n\t\t\t<\/div>\n\t\t\t\t<figcaption class='wp-caption-text gallery-caption' id='gallery-1-19467'>\n\t\t\t\tFoto 9\n\t\t\t\t<\/figcaption><\/figure><figure class='gallery-item'>\n\t\t\t<div class='gallery-icon landscape'>\n\t\t\t\t<a href='https:\/\/diocese-aveiro.pt\/cultura\/victor-bandeira-um-olhar-atento-ao-tempo-que-flui-9-milagre-em-fatima-a-13-de-junho-de-1948-na-presenca-de-sacerdote-de-avanca\/figura-10-5\/'><img loading=\"lazy\" decoding=\"async\" width=\"150\" height=\"150\" src=\"https:\/\/diocese-aveiro.pt\/cultura\/wp-content\/uploads\/2025\/06\/Figura-10-150x150.jpg\" class=\"attachment-thumbnail size-thumbnail\" alt=\"\" aria-describedby=\"gallery-1-19468\" \/><\/a>\n\t\t\t<\/div>\n\t\t\t\t<figcaption class='wp-caption-text gallery-caption' id='gallery-1-19468'>\n\t\t\t\tFoto 10\n\t\t\t\t<\/figcaption><\/figure><figure class='gallery-item'>\n\t\t\t<div class='gallery-icon landscape'>\n\t\t\t\t<a href='https:\/\/diocese-aveiro.pt\/cultura\/victor-bandeira-um-olhar-atento-ao-tempo-que-flui-9-milagre-em-fatima-a-13-de-junho-de-1948-na-presenca-de-sacerdote-de-avanca\/figura-11-6\/'><img loading=\"lazy\" decoding=\"async\" width=\"150\" height=\"150\" src=\"https:\/\/diocese-aveiro.pt\/cultura\/wp-content\/uploads\/2025\/06\/Figura-11-150x150.jpg\" class=\"attachment-thumbnail size-thumbnail\" alt=\"\" aria-describedby=\"gallery-1-19469\" \/><\/a>\n\t\t\t<\/div>\n\t\t\t\t<figcaption class='wp-caption-text gallery-caption' id='gallery-1-19469'>\n\t\t\t\tFoto 11\n\t\t\t\t<\/figcaption><\/figure>\n\t\t<\/div>\n\n","protected":false},"excerpt":{"rendered":"<p>Um olhar atento<\/p>\n","protected":false},"author":1,"featured_media":19466,"comment_status":"closed","ping_status":"closed","sticky":false,"template":"","format":"standard","meta":{"footnotes":""},"categories":[202,203],"tags":[],"class_list":["post-19441","post","type-post","status-publish","format-standard","has-post-thumbnail","hentry","category-indagando-um-olhar-atento-ao-tempo-que-flui","category-victor-bandeira"],"_links":{"self":[{"href":"https:\/\/diocese-aveiro.pt\/cultura\/wp-json\/wp\/v2\/posts\/19441","targetHints":{"allow":["GET"]}}],"collection":[{"href":"https:\/\/diocese-aveiro.pt\/cultura\/wp-json\/wp\/v2\/posts"}],"about":[{"href":"https:\/\/diocese-aveiro.pt\/cultura\/wp-json\/wp\/v2\/types\/post"}],"author":[{"embeddable":true,"href":"https:\/\/diocese-aveiro.pt\/cultura\/wp-json\/wp\/v2\/users\/1"}],"replies":[{"embeddable":true,"href":"https:\/\/diocese-aveiro.pt\/cultura\/wp-json\/wp\/v2\/comments?post=19441"}],"version-history":[{"count":3,"href":"https:\/\/diocese-aveiro.pt\/cultura\/wp-json\/wp\/v2\/posts\/19441\/revisions"}],"predecessor-version":[{"id":19727,"href":"https:\/\/diocese-aveiro.pt\/cultura\/wp-json\/wp\/v2\/posts\/19441\/revisions\/19727"}],"wp:featuredmedia":[{"embeddable":true,"href":"https:\/\/diocese-aveiro.pt\/cultura\/wp-json\/wp\/v2\/media\/19466"}],"wp:attachment":[{"href":"https:\/\/diocese-aveiro.pt\/cultura\/wp-json\/wp\/v2\/media?parent=19441"}],"wp:term":[{"taxonomy":"category","embeddable":true,"href":"https:\/\/diocese-aveiro.pt\/cultura\/wp-json\/wp\/v2\/categories?post=19441"},{"taxonomy":"post_tag","embeddable":true,"href":"https:\/\/diocese-aveiro.pt\/cultura\/wp-json\/wp\/v2\/tags?post=19441"}],"curies":[{"name":"wp","href":"https:\/\/api.w.org\/{rel}","templated":true}]}}