{"id":19236,"date":"2025-04-27T09:53:20","date_gmt":"2025-04-27T08:53:20","guid":{"rendered":"https:\/\/diocese-aveiro.pt\/cultura\/?p=19236"},"modified":"2025-04-27T09:53:20","modified_gmt":"2025-04-27T08:53:20","slug":"eduardo-marcal-grilo-francisco","status":"publish","type":"post","link":"https:\/\/diocese-aveiro.pt\/cultura\/eduardo-marcal-grilo-francisco\/","title":{"rendered":"Eduardo Mar\u00e7al Grilo | Francisco"},"content":{"rendered":"<h6 style=\"text-align: right;\"><em>Papa Francisco: o seu legado | <\/em>Rubrica dedicada \u00e0 reflex\u00e3o sobre o legado do Pontificado do Papa Francisco<\/h6>\n<hr \/>\n<p style=\"text-align: center;\"><strong>Eduardo Mar\u00e7al Grilo<\/strong><\/p>\n<p style=\"text-align: center;\"><strong>(Admirador do Papa Francisco)<\/strong><\/p>\n<figure id=\"attachment_19237\" aria-describedby=\"caption-attachment-19237\" style=\"width: 230px\" class=\"wp-caption alignleft\"><img loading=\"lazy\" decoding=\"async\" class=\" wp-image-19237\" src=\"https:\/\/diocese-aveiro.pt\/cultura\/wp-content\/uploads\/2025\/04\/021238c212defaultlarge_1024.jpg\" alt=\"\" width=\"230\" height=\"138\" srcset=\"https:\/\/diocese-aveiro.pt\/cultura\/wp-content\/uploads\/2025\/04\/021238c212defaultlarge_1024.jpg 1024w, https:\/\/diocese-aveiro.pt\/cultura\/wp-content\/uploads\/2025\/04\/021238c212defaultlarge_1024-300x180.jpg 300w, https:\/\/diocese-aveiro.pt\/cultura\/wp-content\/uploads\/2025\/04\/021238c212defaultlarge_1024-768x461.jpg 768w, https:\/\/diocese-aveiro.pt\/cultura\/wp-content\/uploads\/2025\/04\/021238c212defaultlarge_1024-600x360.jpg 600w\" sizes=\"auto, (max-width: 230px) 100vw, 230px\" \/><figcaption id=\"caption-attachment-19237\" class=\"wp-caption-text\">Foto: R\u00e1dio Renascen\u00e7a<\/figcaption><\/figure>\n<p style=\"text-align: justify;\">Morreu uma das vozes mais s\u00e1bias, mais respeitadas e com maior impacto do nosso tempo.<\/p>\n<p style=\"text-align: justify;\">O Papa Francisco que liderava a Igreja Cat\u00f3lica e que governava o Estado do Vaticano e o Bispado de Roma partiu para sempre na passada segunda feira de P\u00e1scoa, dia 21 de Abril.<\/p>\n<p style=\"text-align: justify;\">Eleito pelo Col\u00e9gio Cardinal\u00edcio em 13 de Mar\u00e7o de 2013, dirigiu-se nesse dia ao mundo dizendo: <em>\u00abMe hanno scelto dalla fine del mondo\u00bb, <\/em>o que significa foram buscar-me ao fim do mundo para iniciar um pontificado cuja obra \u00e9 j\u00e1 uma marca indel\u00e9vel, n\u00e3o apenas na hist\u00f3ria da Igreja Cat\u00f3lica, mas igualmente na hist\u00f3ria do s\u00e9culo XXI.<\/p>\n<p style=\"text-align: justify;\">Uma obra que nos deixa um legado de ideias, de preocupa\u00e7\u00f5es, de afetos e de esperan\u00e7a, de que todos temos que cuidar.<\/p>\n<p style=\"text-align: justify;\">E digo todos porque foi ele pr\u00f3prio que lan\u00e7ou e insistiu na ideia de que a Igreja n\u00e3o pode excluir, nem discriminar ningu\u00e9m, o que foi sintetizado na sua c\u00e9lebre frase \u2013 Todos, Todos, Todos &#8211; pronunciada em Lisboa durante a Jornada Mundial da Juventude no Ver\u00e3o de 2023.<\/p>\n<p style=\"text-align: justify;\">A palavra, as mensagens e os escritos do Papa Francisco foram, de facto, ao encontro de muitos mais do que vinha sendo habitual com as interven\u00e7\u00f5es do Chefe da Igreja Cat\u00f3lica.<\/p>\n<p style=\"text-align: justify;\">Direi mesmo que a sua palavra e as suas enc\u00edclicas tiveram maior impacto e aceita\u00e7\u00e3o junto dos n\u00e3o cat\u00f3licos do que dentro da pr\u00f3pria Igreja, onde as posi\u00e7\u00f5es assumidas pelo Papa foram, n\u00e3o poucas vezes, contestadas e contrariadas aos diferentes n\u00edveis da Hierarquia.<\/p>\n<p style=\"text-align: justify;\">O legado que deixa \u00e0 Igreja \u00e9 vasto e rico. Ao longo do seu mandato de cerca de doze anos, abordou praticamente todos os grandes problemas do nosso tempo: os conflitos que grassam pelo mundo, as migra\u00e7\u00f5es, as injusti\u00e7as, o casamento homossexual, a discrimina\u00e7\u00e3o das minorias, o combate \u00e0 pobreza, a luta contra as desigualdades, a corrup\u00e7\u00e3o (incluindo a que combateu mesmo dentro do Estado do Vaticano), a pervers\u00e3o dos interesses financeiros, nada o Papa Francisco deixou fora das suas preocupa\u00e7\u00f5es.<\/p>\n<p style=\"text-align: justify;\">Num escrito como este n\u00e3o \u00e9 poss\u00edvel elencar todos os temas que mereceram a sua interven\u00e7\u00e3o, mas \u00e9 imposs\u00edvel n\u00e3o recordar dois factos que foram para mim particularmente marcantes. A sua primeira viagem fora do Vaticano realizada \u00e0 Ilha de Lampedusa logo em 2013 e a publica\u00e7\u00e3o da Enc\u00edclica \u201cFratelli tutti\u201d em 2020.<\/p>\n<p style=\"text-align: justify;\">A visita que fez a Lampedusa marcou o inicio da sua luta pela defesa de pol\u00edticas de migra\u00e7\u00e3o assentes em quatro objetivos: acolher, proteger, promover e integrar. E foi a partir dessa visita hist\u00f3rica que o Papa desenvolveu uma campanha em prol dos migrantes, fossem estes do M\u00e9xico, de Mo\u00e7ambique, do Iraque , do Bangladesh, da Gr\u00e9cia ou da Pol\u00f3nia. Este \u00e9 seguramente um dos grandes problemas do nosso tempo e o \u00abMare Nostrum\u00bb e a fronteira entre o M\u00e9xico e os Estados Unidos s\u00e3o hoje duas das mais sens\u00edveis regi\u00f5es do mundo, sendo que o Mediterr\u00e2neo, que o Papa classificou como o maior cemit\u00e9rio dos nossos dias, j\u00e1 sepultou dezenas de milhares de imigrantes que demandavam o Continente Europeu em busca de melhores condi\u00e7\u00f5es de vida ou em fuga de pa\u00edses onde se tornou imposs\u00edvel viver.<\/p>\n<p style=\"text-align: justify;\">A Enc\u00edclica \u201cFratelli tutti\u201d constitui um dos documentos mais marcantes elaborados pelo Papa Francisco. \u00c9 um livro em que ao longo de oito cap\u00edtulos, se estabelecem duas novas ora\u00e7\u00f5es, a \u00abOra\u00e7\u00e3o ao Criador\u00bb e a \u00abOra\u00e7\u00e3o crist\u00e3 ecum\u00e9nica\u00bb e na qual se refor\u00e7a a recusa do \u00abdogma neoliberal\u00bb. Uma Enc\u00edclica na qual o pont\u00edfice <em>\u201cindica a fraternidade e a amizade social\u201d <\/em>como base para a constru\u00e7\u00e3o de<em> \u201cum mundo melhor, pac\u00edfico e com mais \u00a0justi\u00e7a\u201d, <\/em>e em que sob a inspira\u00e7\u00e3o de S\u00e3o Francisco de Assis, explica <em>\u201co essencial duma fraternidade aberta, que permite reconhecer, valorizar e amar todas as pessoas, independentemente da sua proximidade f\u00edsica, do ponto da terra onde cada um nasceu ou habita\u201d. <\/em><\/p>\n<p style=\"text-align: justify;\">Com o seu desaparecimento o mundo ficou mais pobre.<\/p>\n<p style=\"text-align: justify;\">O Papa Francisco, que numa das suas \u00faltimas reflex\u00f5es disse: <em>\u201cPara Jesus, o Bom Pastor que se d\u00e1 pelas suas ovelhas e que as procura sempre, cada uma vale \u00abo pre\u00e7o infinito da Sua vida\u00bb, <\/em>n\u00e3o mais far\u00e1 ouvir a sua voz.<\/p>\n<p style=\"text-align: justify;\">Cabe agora aos cardeais que se v\u00e3o reunir na Capela Sistina, encontrar o novo Papa.<\/p>\n<p style=\"text-align: justify;\">Desejo sinceramente que uma inspira\u00e7\u00e3o divina ilumine os 135 cardeais que ali se v\u00e3o \u00a0reunir e que o sucessor de Francisco tenha a forma\u00e7\u00e3o, a vontade pol\u00edtica e as condi\u00e7\u00f5es materiais para continuar a sua obra. \u00c9 a melhor homenagem que se lhe pode prestar.<\/p>\n<p style=\"text-align: right;\">Lisboa, 25 de Abril de 2025<\/p>\n<hr \/>\n<h6 style=\"text-align: right;\"><a href=\"https:\/\/pt.wikipedia.org\/wiki\/Papa_Francisco#\/media\/Ficheiro:Papa_Francisco_reci%C3%A9n_elegido.jpg\" target=\"_blank\" rel=\"noopener\">Papa Francisco<\/a>, rec\u00e9m-eleito, na sua primeira apari\u00e7\u00e3o p\u00fablica, na varanda central da Bas\u00edlica de S\u00e3o Pedro<\/h6>\n","protected":false},"excerpt":{"rendered":"<p>Papa Francisco: o<\/p>\n","protected":false},"author":1,"featured_media":19238,"comment_status":"closed","ping_status":"closed","sticky":false,"template":"","format":"standard","meta":{"footnotes":""},"categories":[220,218],"tags":[],"class_list":["post-19236","post","type-post","status-publish","format-standard","has-post-thumbnail","hentry","category-eduardo-marcal-grilo","category-papa-francisco-o-seu-legado"],"_links":{"self":[{"href":"https:\/\/diocese-aveiro.pt\/cultura\/wp-json\/wp\/v2\/posts\/19236","targetHints":{"allow":["GET"]}}],"collection":[{"href":"https:\/\/diocese-aveiro.pt\/cultura\/wp-json\/wp\/v2\/posts"}],"about":[{"href":"https:\/\/diocese-aveiro.pt\/cultura\/wp-json\/wp\/v2\/types\/post"}],"author":[{"embeddable":true,"href":"https:\/\/diocese-aveiro.pt\/cultura\/wp-json\/wp\/v2\/users\/1"}],"replies":[{"embeddable":true,"href":"https:\/\/diocese-aveiro.pt\/cultura\/wp-json\/wp\/v2\/comments?post=19236"}],"version-history":[{"count":3,"href":"https:\/\/diocese-aveiro.pt\/cultura\/wp-json\/wp\/v2\/posts\/19236\/revisions"}],"predecessor-version":[{"id":19242,"href":"https:\/\/diocese-aveiro.pt\/cultura\/wp-json\/wp\/v2\/posts\/19236\/revisions\/19242"}],"wp:featuredmedia":[{"embeddable":true,"href":"https:\/\/diocese-aveiro.pt\/cultura\/wp-json\/wp\/v2\/media\/19238"}],"wp:attachment":[{"href":"https:\/\/diocese-aveiro.pt\/cultura\/wp-json\/wp\/v2\/media?parent=19236"}],"wp:term":[{"taxonomy":"category","embeddable":true,"href":"https:\/\/diocese-aveiro.pt\/cultura\/wp-json\/wp\/v2\/categories?post=19236"},{"taxonomy":"post_tag","embeddable":true,"href":"https:\/\/diocese-aveiro.pt\/cultura\/wp-json\/wp\/v2\/tags?post=19236"}],"curies":[{"name":"wp","href":"https:\/\/api.w.org\/{rel}","templated":true}]}}