{"id":19149,"date":"2025-04-21T14:35:34","date_gmt":"2025-04-21T13:35:34","guid":{"rendered":"https:\/\/diocese-aveiro.pt\/cultura\/?p=19149"},"modified":"2025-04-21T14:54:30","modified_gmt":"2025-04-21T13:54:30","slug":"documentos-papa-francisco-a-vida-a-luz-do-ressuscitado-nota-do-bispo-de-aveiro","status":"publish","type":"post","link":"https:\/\/diocese-aveiro.pt\/cultura\/documentos-papa-francisco-a-vida-a-luz-do-ressuscitado-nota-do-bispo-de-aveiro\/","title":{"rendered":"Documentos | Papa Francisco: A vida \u00e0 luz do Ressuscitado \u2013 Nota do Bispo de Aveiro"},"content":{"rendered":"<h3 class=\"blog-title\" style=\"text-align: center;\"><\/h3>\n<p class=\"has-text-align-center\" style=\"text-align: center;\"><strong>Nota do Bispo de Aveiro<\/strong><\/p>\n<p class=\"has-text-align-center\" style=\"text-align: center;\"><strong>Papa Francisco<\/strong><\/p>\n<p class=\"has-text-align-center\" style=\"text-align: center;\"><strong>A vida \u00e0 luz do Ressuscitado<\/strong><\/p>\n<p style=\"text-align: justify;\">Este \u00e9 o desafio que a Ressurrei\u00e7\u00e3o de Jesus traz a todos os seus disc\u00edpulos e que se concretizou, nesta manh\u00e3 de P\u00e1scoa, na vida do nosso Papa Francisco.<\/p>\n<p style=\"text-align: justify;\">O seu servi\u00e7o \u00e0 Igreja, enquanto sucessor de Pedro, ficou marcado por um magist\u00e9rio rico e que marcou o cora\u00e7\u00e3o dos crist\u00e3os e de tantas pessoas de boa vontade.<\/p>\n<p style=\"text-align: justify;\">O novo impulso que imprimiu na Igreja \u00e0 evangeliza\u00e7\u00e3o com a publica\u00e7\u00e3o da sua primeira enc\u00edclica\u00a0<em>A alegria do Evangelho.<\/em>\u00a0Colocou o Conc\u00edlio Vaticano II no centro do seu pontificado, continuando o que o Papa S. Paulo VI tinha feito com o documento\u00a0<em>O Evangelho para o nosso tempo.<\/em><\/p>\n<p style=\"text-align: justify;\">Os mais pobres, a luta pela justi\u00e7a social e a paz entre as na\u00e7\u00f5es estiveram sempre presentes nas suas preocupa\u00e7\u00f5es de pastor. Foi uma voz prof\u00e9tica neste mundo t\u00e3o desigual e de ideologias totalit\u00e1rias que n\u00e3o colocam a dignidade do ser humano no centro das suas preocupa\u00e7\u00f5es.<\/p>\n<p style=\"text-align: justify;\">O estilo sinodal que est\u00e1 a ser implementado \u00e9 talvez o maior contributo que podia deixar a uma Igreja mais participativa, mais povo de Deus, onde todos os batizados, por sermos filhos de Deus, tempos um lugar ativo na sua miss\u00e3o.<\/p>\n<p style=\"text-align: justify;\">As mulheres foram as primeiras testemunhas da ressurrei\u00e7\u00e3o de Jesus e quando afirmou que Maria Madalena foi a primeira mensageira do Ressuscitado aos ap\u00f3stolos, o Papa Francisco colocou o papel das mulheres no lugar que lhes \u00e9 pr\u00f3prio na Igreja. As mais recentes nomea\u00e7\u00f5es de mulheres para a C\u00faria Romana s\u00e3o exemplo disto mesmo.<\/p>\n<p style=\"text-align: justify;\">Dois dias depois de o Papa Francisco me ter escolhido bispo de Aveiro, antes da nomea\u00e7\u00e3o se tornar p\u00fablica, tive a oportunidade de me encontrar pessoalmente com ele e disse-me que vivesse com confian\u00e7a e alegria, porque Jesus \u00e9 o nosso Bom Pastor. Foi o que ele fez como pastor da Igreja<\/p>\n<p style=\"text-align: justify;\">Sabemos do seu amor para com Nossa Senhora a quem dedicava um carinho especial, e como Maria aos p\u00e9s da cruz, est\u00e1 a dizer-nos que devemos estar preparados para um novo amanhecer, porque no fim da noite, n\u00e3o h\u00e1 noite, mas a aurora, a vida nova!<\/p>\n<p style=\"text-align: justify;\">Agradecemos o servi\u00e7o do Papa Francisco \u00e0 Igreja e \u00e0 humanidade e entregamos a sua pessoa na miseric\u00f3rdia de Deus.<\/p>\n<p style=\"text-align: justify;\">Pe\u00e7o que em todas as par\u00f3quias se fa\u00e7am preces e se celebre a Eucaristia pelo nosso Papa Francisco.<\/p>\n<p style=\"text-align: justify;\">Aveiro, 21 de abril de 2025.<\/p>\n<p style=\"text-align: center;\">+ Ant\u00f3nio Manuel Moiteiro Ramos, Bispo de Aveiro<\/p>\n<div class=\"bizberg_user_comment_wrapper\">\n<div class=\"bizberg_detail_user_wrapper\" style=\"text-align: justify;\"><\/div>\n<\/div>\n","protected":false},"excerpt":{"rendered":"<p>Nota do Bispo<\/p>\n","protected":false},"author":1,"featured_media":19150,"comment_status":"closed","ping_status":"closed","sticky":false,"template":"","format":"standard","meta":{"footnotes":""},"categories":[47,12,156],"tags":[],"class_list":["post-19149","post","type-post","status-publish","format-standard","has-post-thumbnail","hentry","category-d-antonio-manuel-moiteiro-ramos","category-documentos","category-efemerides"],"_links":{"self":[{"href":"https:\/\/diocese-aveiro.pt\/cultura\/wp-json\/wp\/v2\/posts\/19149","targetHints":{"allow":["GET"]}}],"collection":[{"href":"https:\/\/diocese-aveiro.pt\/cultura\/wp-json\/wp\/v2\/posts"}],"about":[{"href":"https:\/\/diocese-aveiro.pt\/cultura\/wp-json\/wp\/v2\/types\/post"}],"author":[{"embeddable":true,"href":"https:\/\/diocese-aveiro.pt\/cultura\/wp-json\/wp\/v2\/users\/1"}],"replies":[{"embeddable":true,"href":"https:\/\/diocese-aveiro.pt\/cultura\/wp-json\/wp\/v2\/comments?post=19149"}],"version-history":[{"count":2,"href":"https:\/\/diocese-aveiro.pt\/cultura\/wp-json\/wp\/v2\/posts\/19149\/revisions"}],"predecessor-version":[{"id":19153,"href":"https:\/\/diocese-aveiro.pt\/cultura\/wp-json\/wp\/v2\/posts\/19149\/revisions\/19153"}],"wp:featuredmedia":[{"embeddable":true,"href":"https:\/\/diocese-aveiro.pt\/cultura\/wp-json\/wp\/v2\/media\/19150"}],"wp:attachment":[{"href":"https:\/\/diocese-aveiro.pt\/cultura\/wp-json\/wp\/v2\/media?parent=19149"}],"wp:term":[{"taxonomy":"category","embeddable":true,"href":"https:\/\/diocese-aveiro.pt\/cultura\/wp-json\/wp\/v2\/categories?post=19149"},{"taxonomy":"post_tag","embeddable":true,"href":"https:\/\/diocese-aveiro.pt\/cultura\/wp-json\/wp\/v2\/tags?post=19149"}],"curies":[{"name":"wp","href":"https:\/\/api.w.org\/{rel}","templated":true}]}}