{"id":19073,"date":"2025-04-07T15:06:40","date_gmt":"2025-04-07T14:06:40","guid":{"rendered":"https:\/\/diocese-aveiro.pt\/cultura\/?p=19073"},"modified":"2025-04-07T15:06:40","modified_gmt":"2025-04-07T14:06:40","slug":"acontece-vive-a-semana-santa-no-seminario","status":"publish","type":"post","link":"https:\/\/diocese-aveiro.pt\/cultura\/acontece-vive-a-semana-santa-no-seminario\/","title":{"rendered":"Acontece | Vive a Semana Santa no Semin\u00e1rio!"},"content":{"rendered":"<h3 class=\"blog-title\" style=\"text-align: center;\">Vive a Semana Santa no Semin\u00e1rio!<\/h3>\n<p class=\"has-text-align-center has-white-color has-text-color has-background has-link-color has-medium-font-size wp-elements-56afefa39a811c7f8372e273b69b39fc\" style=\"text-align: center;\"><strong>TR\u00caS DIAS E TR\u00caS NOITES (cf. Mt 12,40)<\/strong><\/p>\n<p class=\"has-text-align-center has-medium-font-size\" style=\"text-align: center;\"><strong><em>Vive a Semana Santa no Semin\u00e1rio!<\/em><\/strong><\/p>\n<p style=\"text-align: justify;\">O Semin\u00e1rio de Aveiro convida [do 7\u00ba ano ao 12\u00ba ano e adultos] para \u201c viver a Semana Santa de uma forma completamente nova.\u201d<\/p>\n<p style=\"text-align: justify;\">Tal como Jonas esteve tr\u00eas dias e tr\u00eas noites no ventre do grande peixe, e como Jesus nos disse que estaria tr\u00eas dias no cora\u00e7\u00e3o da terra, convidamos-te a viver tr\u00eas dias e tr\u00eas noites de uma experi\u00eancia \u00fanica que pode transformar a tua P\u00e1scoa para sempre!<\/p>\n<p style=\"text-align: justify;\">De\u00a0<strong>14 a 17 de abril<\/strong>, o Semin\u00e1rio Diocesano de Aveiro espera por ti num est\u00e1gio especial de Pr\u00e9-Semin\u00e1rio, pensado especialmente para rapazes do\u00a0<strong>7\u00ba ao 9\u00ba ano<\/strong>.<\/p>\n<p style=\"text-align: justify;\">De\u00a0<strong>16 a 19 de abril<\/strong>, um est\u00e1gio de Pr\u00e9-Semin\u00e1rio, dedicado especialmente a\u00a0<strong>jovens do 10\u00ba ao 12\u00ba ano e adultos<\/strong>\u00a0que desejam aprofundar o seu discernimento vocacional e a sua f\u00e9.<\/p>\n<p style=\"text-align: justify;\"><strong>7\u00ba AO 9\u00ba ANO &gt; MAIS INFORMA\u00c7\u00d5ES E INSCRI\u00c7\u00c3O &#8211;\u00a0<a href=\"http:\/\/seminarioaveiro.org\/2025\/04\/04\/vive-a-semana-santa-no-seminario-tres-dias-e-tres-noites-cf-mt-1240-7o-ao-9o-ano\/\">link<\/a><\/strong><\/p>\n<p style=\"text-align: justify;\"><strong>JOVENS DO 10\u00ba AO 12\u00ba ANO E ADULTOS &gt; MAIS INFORMA\u00c7\u00d5ES E INSCRI\u00c7\u00c3O &#8211;\u00a0<a href=\"http:\/\/seminarioaveiro.org\/2025\/04\/04\/vive-a-semana-santa-no-seminario-jovens-do-10o-ao-12o-ano-e-adultos\/\">link<\/a><\/strong><\/p>\n<div class=\"p-2bp2088 pagelayer-grid_gallery\">\n<div class=\"pagelayer-grid-gallery-container\">\n<ul class=\"pagelayer-grid-gallery-ul\">\n<li class=\"pagelayer-gallery-item\"><a class=\"pagelayer-ele-link\" href=\"https:\/\/diocese-aveiro.pt\/v3\/wp-content\/uploads\/2025\/04\/1.png\" data-lightbox-gallery=\"gallery-id-8977183401\"><img decoding=\"async\" class=\"pagelayer-img aligncenter\" title=\"1\" src=\"https:\/\/diocese-aveiro.pt\/v3\/wp-content\/uploads\/2025\/04\/1-150x150.png\" alt=\"1\" \/><\/a><\/li>\n<li class=\"pagelayer-gallery-item\"><a class=\"pagelayer-ele-link\" href=\"https:\/\/diocese-aveiro.pt\/v3\/wp-content\/uploads\/2025\/04\/2.png\" data-lightbox-gallery=\"gallery-id-8977183401\"><img decoding=\"async\" class=\"pagelayer-img aligncenter\" title=\"2\" src=\"https:\/\/diocese-aveiro.pt\/v3\/wp-content\/uploads\/2025\/04\/2-150x150.png\" alt=\"2\" \/><\/a><\/li>\n<\/ul>\n<\/div>\n<\/div>\n","protected":false},"excerpt":{"rendered":"<p>Vive a Semana<\/p>\n","protected":false},"author":1,"featured_media":19074,"comment_status":"closed","ping_status":"closed","sticky":false,"template":"","format":"standard","meta":{"footnotes":""},"categories":[11,8],"tags":[],"class_list":["post-19073","post","type-post","status-publish","format-standard","has-post-thumbnail","hentry","category-acontece","category-em-cartaz"],"_links":{"self":[{"href":"https:\/\/diocese-aveiro.pt\/cultura\/wp-json\/wp\/v2\/posts\/19073","targetHints":{"allow":["GET"]}}],"collection":[{"href":"https:\/\/diocese-aveiro.pt\/cultura\/wp-json\/wp\/v2\/posts"}],"about":[{"href":"https:\/\/diocese-aveiro.pt\/cultura\/wp-json\/wp\/v2\/types\/post"}],"author":[{"embeddable":true,"href":"https:\/\/diocese-aveiro.pt\/cultura\/wp-json\/wp\/v2\/users\/1"}],"replies":[{"embeddable":true,"href":"https:\/\/diocese-aveiro.pt\/cultura\/wp-json\/wp\/v2\/comments?post=19073"}],"version-history":[{"count":1,"href":"https:\/\/diocese-aveiro.pt\/cultura\/wp-json\/wp\/v2\/posts\/19073\/revisions"}],"predecessor-version":[{"id":19075,"href":"https:\/\/diocese-aveiro.pt\/cultura\/wp-json\/wp\/v2\/posts\/19073\/revisions\/19075"}],"wp:featuredmedia":[{"embeddable":true,"href":"https:\/\/diocese-aveiro.pt\/cultura\/wp-json\/wp\/v2\/media\/19074"}],"wp:attachment":[{"href":"https:\/\/diocese-aveiro.pt\/cultura\/wp-json\/wp\/v2\/media?parent=19073"}],"wp:term":[{"taxonomy":"category","embeddable":true,"href":"https:\/\/diocese-aveiro.pt\/cultura\/wp-json\/wp\/v2\/categories?post=19073"},{"taxonomy":"post_tag","embeddable":true,"href":"https:\/\/diocese-aveiro.pt\/cultura\/wp-json\/wp\/v2\/tags?post=19073"}],"curies":[{"name":"wp","href":"https:\/\/api.w.org\/{rel}","templated":true}]}}