{"id":18593,"date":"2024-12-16T11:03:21","date_gmt":"2024-12-16T11:03:21","guid":{"rendered":"https:\/\/diocese-aveiro.pt\/cultura\/?p=18593"},"modified":"2024-12-16T11:03:21","modified_gmt":"2024-12-16T11:03:21","slug":"acontece-estarreja-biblioteca-municipal-19-de-dezembro-21-00h-apresentacao-de-livro-do-pe-nuno-queiros-o-misterio-do-natal-do-senhor","status":"publish","type":"post","link":"https:\/\/diocese-aveiro.pt\/cultura\/acontece-estarreja-biblioteca-municipal-19-de-dezembro-21-00h-apresentacao-de-livro-do-pe-nuno-queiros-o-misterio-do-natal-do-senhor\/","title":{"rendered":"Acontece | [Estarreja &#8211; Biblioteca municipal, 19 de dezembro &#8211; 21.00h.] Apresenta\u00e7\u00e3o de livro do Pe. Nuno Queir\u00f3s, &#8216;O Mist\u00e9rio do Natal do Senhor&#8217;"},"content":{"rendered":"<p><strong>O qu\u00ea:<\/strong> Apresenta\u00e7\u00e3o do livro &#8220;O MIST\u00c9RIO DO NATAL DO SENHOR&#8221;, da autoria do Padre Nuno Duarte Queir\u00f3s, P\u00e1roco de Salreu<\/p>\n<p><strong>Onde:<\/strong> Biblioteca Municipal de Estarreja<\/p>\n<p><strong>Quando:<\/strong> 19 de dezembro de 2024 [21.00 h.]<\/p>\n<p><strong>Informa\u00e7\u00e3o complementar:<\/strong> A receita das vendas deste livro reverte para a Par\u00f3quia de Salreu.<\/p>\n<hr \/>\n<p style=\"text-align: right;\">Informa\u00e7\u00f5es e cartaz recolhidos<a href=\"https:\/\/www.facebook.com\/jornaloconcelhodeestarreja\/photos\/bme-o-mist%C3%A9rio-do-natal-do-senhorvai-decorrer-na-pr%C3%B3xima-quinta-feira-dia-19-%C3%A0s-\/1015182590625787\/?_rdr\" target=\"_blank\" rel=\"noopener\"> do Jornal &#8216;O Concelho de Estarreja&#8217;<\/a><\/p>\n","protected":false},"excerpt":{"rendered":"<p>O qu\u00ea: Apresenta\u00e7\u00e3o<\/p>\n","protected":false},"author":1,"featured_media":18594,"comment_status":"closed","ping_status":"closed","sticky":false,"template":"","format":"standard","meta":{"footnotes":""},"categories":[11,8],"tags":[],"class_list":["post-18593","post","type-post","status-publish","format-standard","has-post-thumbnail","hentry","category-acontece","category-em-cartaz"],"_links":{"self":[{"href":"https:\/\/diocese-aveiro.pt\/cultura\/wp-json\/wp\/v2\/posts\/18593","targetHints":{"allow":["GET"]}}],"collection":[{"href":"https:\/\/diocese-aveiro.pt\/cultura\/wp-json\/wp\/v2\/posts"}],"about":[{"href":"https:\/\/diocese-aveiro.pt\/cultura\/wp-json\/wp\/v2\/types\/post"}],"author":[{"embeddable":true,"href":"https:\/\/diocese-aveiro.pt\/cultura\/wp-json\/wp\/v2\/users\/1"}],"replies":[{"embeddable":true,"href":"https:\/\/diocese-aveiro.pt\/cultura\/wp-json\/wp\/v2\/comments?post=18593"}],"version-history":[{"count":1,"href":"https:\/\/diocese-aveiro.pt\/cultura\/wp-json\/wp\/v2\/posts\/18593\/revisions"}],"predecessor-version":[{"id":18595,"href":"https:\/\/diocese-aveiro.pt\/cultura\/wp-json\/wp\/v2\/posts\/18593\/revisions\/18595"}],"wp:featuredmedia":[{"embeddable":true,"href":"https:\/\/diocese-aveiro.pt\/cultura\/wp-json\/wp\/v2\/media\/18594"}],"wp:attachment":[{"href":"https:\/\/diocese-aveiro.pt\/cultura\/wp-json\/wp\/v2\/media?parent=18593"}],"wp:term":[{"taxonomy":"category","embeddable":true,"href":"https:\/\/diocese-aveiro.pt\/cultura\/wp-json\/wp\/v2\/categories?post=18593"},{"taxonomy":"post_tag","embeddable":true,"href":"https:\/\/diocese-aveiro.pt\/cultura\/wp-json\/wp\/v2\/tags?post=18593"}],"curies":[{"name":"wp","href":"https:\/\/api.w.org\/{rel}","templated":true}]}}