{"id":18294,"date":"2024-10-02T22:20:01","date_gmt":"2024-10-02T21:20:01","guid":{"rendered":"https:\/\/diocese-aveiro.pt\/cultura\/?p=18294"},"modified":"2024-10-02T22:20:01","modified_gmt":"2024-10-02T21:20:01","slug":"acontece-comunicar-com-esperanca","status":"publish","type":"post","link":"https:\/\/diocese-aveiro.pt\/cultura\/acontece-comunicar-com-esperanca\/","title":{"rendered":"Acontece | Comunicar com esperan\u00e7a"},"content":{"rendered":"<h3 class=\"blog-title\" style=\"text-align: center;\">Comunicar com esperan\u00e7a<\/h3>\n<p style=\"text-align: justify;\">O Secretariado Diocesano da Educa\u00e7\u00e3o Crist\u00e3 de Aveiro realiza, no pr\u00f3ximo dia 12 de outubro, no Semin\u00e1rio de Santa Joana Princesa, o Encontro \/ Forma\u00e7\u00e3o de Agentes de Pastoral.<\/p>\n<p style=\"text-align: justify;\">Este encontro, espec\u00edfico para os Departamentos da Catequese, da Pastoral nas Escolas (Educa\u00e7\u00e3o Moral e Religiosa Cat\u00f3lica) e da Pastoral Juvenil, quer dar um passo significativo neste percurso e ano Jubilar.<\/p>\n<p style=\"text-align: justify;\">O encontro \u00e9 fortemente motivado pela necessidade de se conhecerem, de se partilharem experi\u00eancias, de se dialogar e sobretudo de se utilizar uma mesma linguagem para comunicar a esperan\u00e7a, dom de Deus.<\/p>\n<p style=\"text-align: justify;\">Assim, far\u00e1 sentido esta forma de habitar a Igreja e de, em Diocese, ajudar a construir uma identidade Crist\u00e3, fortemente alicer\u00e7ada na (e com a) esperan\u00e7a.<\/p>\n<p style=\"text-align: justify;\">Ser\u00e1 um dia repleto de surpresas, mas, sobretudo, de disponibiliza\u00e7\u00e3o de ferramentas \u00fateis para comunicar, verdadeiramente, a Palavra de Deus, nos nossos tempos modernos.<\/p>\n<p style=\"text-align: justify;\">Se \u00e9s um agente de Pastoral, na tua Comunidade Paroquial (Diocese de Aveiro), podes inscrever-te, atrav\u00e9s do seguinte link <a href=\"https:\/\/shorturl.at\/P8aPF\">https:\/\/shorturl.at\/P8aPF<\/a><\/p>\n<p style=\"text-align: center;\">O Secretariado Diocesano da Educa\u00e7\u00e3o Crist\u00e3 de Aveiro<\/p>\n<div class=\"bizberg_user_comment_wrapper\">\n<div class=\"bizberg_detail_user_wrapper\" style=\"text-align: justify;\"><\/div>\n<\/div>\n","protected":false},"excerpt":{"rendered":"<p>Comunicar com esperan\u00e7a<\/p>\n","protected":false},"author":1,"featured_media":18295,"comment_status":"closed","ping_status":"closed","sticky":false,"template":"","format":"standard","meta":{"footnotes":""},"categories":[11,8],"tags":[],"class_list":["post-18294","post","type-post","status-publish","format-standard","has-post-thumbnail","hentry","category-acontece","category-em-cartaz"],"_links":{"self":[{"href":"https:\/\/diocese-aveiro.pt\/cultura\/wp-json\/wp\/v2\/posts\/18294","targetHints":{"allow":["GET"]}}],"collection":[{"href":"https:\/\/diocese-aveiro.pt\/cultura\/wp-json\/wp\/v2\/posts"}],"about":[{"href":"https:\/\/diocese-aveiro.pt\/cultura\/wp-json\/wp\/v2\/types\/post"}],"author":[{"embeddable":true,"href":"https:\/\/diocese-aveiro.pt\/cultura\/wp-json\/wp\/v2\/users\/1"}],"replies":[{"embeddable":true,"href":"https:\/\/diocese-aveiro.pt\/cultura\/wp-json\/wp\/v2\/comments?post=18294"}],"version-history":[{"count":1,"href":"https:\/\/diocese-aveiro.pt\/cultura\/wp-json\/wp\/v2\/posts\/18294\/revisions"}],"predecessor-version":[{"id":18296,"href":"https:\/\/diocese-aveiro.pt\/cultura\/wp-json\/wp\/v2\/posts\/18294\/revisions\/18296"}],"wp:featuredmedia":[{"embeddable":true,"href":"https:\/\/diocese-aveiro.pt\/cultura\/wp-json\/wp\/v2\/media\/18295"}],"wp:attachment":[{"href":"https:\/\/diocese-aveiro.pt\/cultura\/wp-json\/wp\/v2\/media?parent=18294"}],"wp:term":[{"taxonomy":"category","embeddable":true,"href":"https:\/\/diocese-aveiro.pt\/cultura\/wp-json\/wp\/v2\/categories?post=18294"},{"taxonomy":"post_tag","embeddable":true,"href":"https:\/\/diocese-aveiro.pt\/cultura\/wp-json\/wp\/v2\/tags?post=18294"}],"curies":[{"name":"wp","href":"https:\/\/api.w.org\/{rel}","templated":true}]}}